{"id":10089,"date":"2011-04-27T06:30:56","date_gmt":"2011-04-27T06:30:56","guid":{"rendered":"https:\/\/archiviogioia.lavocedelpaese.info\/?p=10089"},"modified":"2011-04-27T06:30:56","modified_gmt":"2011-04-27T06:30:56","slug":"25-aprile-e-longo-cerimonia-ridotta-allosso-foto-2","status":"publish","type":"post","link":"https:\/\/archiviogioia.lavocedelpaese.info\/?p=10089","title":{"rendered":"25 APRILE E LONGO, CERIMONIA RIDOTTA ALL\u2019OSSO -foto-"},"content":{"rendered":"<p><img loading=\"lazy\" decoding=\"async\" class=\" size-full wp-image-10083\" alt=\"25-aprile-celebrazione-pp\" src=\"https:\/\/archiviogioia.lavocedelpaese.info\/wp-content\/uploads\/2011\/04\/25-aprile-celebrazione-pp.jpg\" width=\"320\" height=\"150\" srcset=\"https:\/\/archiviogioia.lavocedelpaese.info\/wp-content\/uploads\/2011\/04\/25-aprile-celebrazione-pp.jpg 640w, https:\/\/archiviogioia.lavocedelpaese.info\/wp-content\/uploads\/2011\/04\/25-aprile-celebrazione-pp-300x141.jpg 300w\" sizes=\"auto, (max-width: 320px) 100vw, 320px\" \/> <\/p>\n<p><!--more--><\/p>\n<div style=\"text-align: justify;\"><\/div>\n<p style=\"text-align: justify;\"><strong><img loading=\"lazy\" decoding=\"async\" class=\" alignleft size-full wp-image-10084\" style=\"margin: 4px; float: left;\" alt=\"25-aprile-cittadini\" src=\"https:\/\/archiviogioia.lavocedelpaese.info\/wp-content\/uploads\/2011\/04\/25-aprile-cittadini.jpg\" width=\"290\" height=\"192\" srcset=\"https:\/\/archiviogioia.lavocedelpaese.info\/wp-content\/uploads\/2011\/04\/25-aprile-cittadini.jpg 413w, https:\/\/archiviogioia.lavocedelpaese.info\/wp-content\/uploads\/2011\/04\/25-aprile-cittadini-300x200.jpg 300w\" sizes=\"auto, (max-width: 290px) 100vw, 290px\" \/>25 Aprile. Festa della Liberazione, ma anche Pasquetta<\/strong>, <strong>giornata di gite fuori porta nella tradizione italiana<\/strong>. <strong>Ma per quanti ancora credono <\/strong>nel valore della memoria storica della Liberazione dal fascismo, <strong>luned\u00ec \u00e8 stato il momento della commemorazione e della speranza<\/strong>.<\/p>\n<div style=\"text-align: justify;\"><\/div>\n<p style=\"text-align: justify;\"><strong>Sono stati in tanti<\/strong>, anche a Gioia, <strong>a presidiare la tradizionale cerimonia istituzionale svoltasi dinanzi al Monumento ai Caduti<\/strong>. Cittadini, Associazioni, Partiti Politici. Molti i tricolori che sventolavano tra la gente, <strong>risposta all\u2019appello lanciato dal PD gioiese <\/strong>nei giorni scorsi. Un appello finalizzato a rafforzare la memoria di un evento fondativo della democrazia italiana e in balia, negli ultimi anni, di <img loading=\"lazy\" decoding=\"async\" class=\" alignright size-full wp-image-10085\" style=\"margin: 4px; float: right;\" alt=\"25-aprile-discorso\" src=\"https:\/\/archiviogioia.lavocedelpaese.info\/wp-content\/uploads\/2011\/04\/25-aprile-discorso.jpg\" width=\"290\" height=\"193\" srcset=\"https:\/\/archiviogioia.lavocedelpaese.info\/wp-content\/uploads\/2011\/04\/25-aprile-discorso.jpg 413w, https:\/\/archiviogioia.lavocedelpaese.info\/wp-content\/uploads\/2011\/04\/25-aprile-discorso-300x200.jpg 300w\" sizes=\"auto, (max-width: 290px) 100vw, 290px\" \/>un certo revisionismo. Complice l\u2019ascesa della destra e del berlusconismo al potere.<\/p>\n<div style=\"text-align: justify;\"><\/div>\n<p style=\"text-align: justify;\">Non a caso<strong> Berlusconi non ha mai partecipato alle cerimonie<\/strong> commemorative del 25 Aprile. Non a caso il nostro Sindaco, <strong>Piero Longo, ha ridotto all\u2019osso, da 3 anni, l\u2019evento<\/strong>. Basti vedere quanti pochi manifesti promozionali della commemorazione siano stati affissi in citt\u00e0 rispetto alle decine del Centrodestra che hanno inondato le nostre strade per la propaganda pro-Giunta.<\/p>\n<div style=\"text-align: justify;\"><\/div>\n<p style=\"text-align: justify;\"><strong>Riguardo alla cerimonia<\/strong>, breve, <strong>da sottolineare <img loading=\"lazy\" decoding=\"async\" class=\" alignleft size-full wp-image-10086\" style=\"margin: 4px; float: left;\" alt=\"25-aprile-autorit\" src=\"https:\/\/archiviogioia.lavocedelpaese.info\/wp-content\/uploads\/2011\/04\/25-aprile-autorit.jpg\" width=\"290\" height=\"193\" srcset=\"https:\/\/archiviogioia.lavocedelpaese.info\/wp-content\/uploads\/2011\/04\/25-aprile-autorit.jpg 413w, https:\/\/archiviogioia.lavocedelpaese.info\/wp-content\/uploads\/2011\/04\/25-aprile-autorit-300x200.jpg 300w\" sizes=\"auto, (max-width: 290px) 100vw, 290px\" \/>il solito ritardo del Sindaco<\/strong>, arrivato mentre autorit\u00e0 civili, militari e politiche erano gi\u00e0 schierate in attesa, <strong>e il discorso fotocopia del Primo Cittadino<\/strong>. Fotocopia <strong>rispetto a quello dello scorso anno<\/strong>.<\/p>\n<div style=\"text-align: justify;\"><\/div>\n<p style=\"text-align: justify;\"><strong>Solito accenno alle polemiche del 25 Aprile<\/strong>, <strong>al superamento delle divisioni e alle due strade da lui intitolate<\/strong> a Domenico De Leonardis, senatore del PCI e a Castellaneta, podest\u00e0 fascista e Sindaco democristiano nel post-fascismo.<\/p>\n<div style=\"text-align: justify;\"><\/div>\n<p style=\"text-align: justify;\"><strong><img loading=\"lazy\" decoding=\"async\" class=\" alignright size-full wp-image-10087\" style=\"margin: 4px; float: right;\" alt=\"25-aprile-bandiere\" src=\"https:\/\/archiviogioia.lavocedelpaese.info\/wp-content\/uploads\/2011\/04\/25-aprile-bandiere.jpg\" width=\"290\" height=\"193\" srcset=\"https:\/\/archiviogioia.lavocedelpaese.info\/wp-content\/uploads\/2011\/04\/25-aprile-bandiere.jpg 413w, https:\/\/archiviogioia.lavocedelpaese.info\/wp-content\/uploads\/2011\/04\/25-aprile-bandiere-300x200.jpg 300w\" sizes=\"auto, (max-width: 290px) 100vw, 290px\" \/>Un riferimento che, secondo Longo, sarebbe il segnale della sua volont\u00e0 di andare oltre la parzialit\u00e0 della memoria<\/strong>. Dimenticando che la memoria serve anche ad educare le nuove generazioni sull\u2019importanza dei valori di democrazia e libert\u00e0.<\/p>\n<div style=\"text-align: justify;\"><\/div>\n<p style=\"text-align: justify;\"><strong>Mettere tutti sullo stesso piano significa relativizzare i valori<\/strong>, quasi a dire che chi \u00e8 morto per la libert\u00e0 e chi \u00e8 caduto per sopprimere la libert\u00e0, in fondo, siano ugualmente esempi da seguire. <strong>Un qualunquismo storico che non aiuta l\u2019educazione al valore della Democrazia delle nuove generazioni<\/strong>.<\/p>\n<div style=\"text-align: justify;\"><\/div>\n<p style=\"text-align: justify;\">Si ringrazia <strong>Mario Di Giuseppe<\/strong> per il contributo fotografico.<\/p>\n<p><object data=\"https:\/\/picasaweb.google.com\/s\/c\/bin\/slideshow.swf\" type=\"application\/x-shockwave-flash\" height=\"660\" width=\"660\"><param name=\"flashvars\" value=\"host=picasaweb.google.com&amp;hl=it&amp;feat=flashalbum&amp;RGB=0x000000&amp;feed=https%3A%2F%2Fpicasaweb.google.com%2Fdata%2Ffeed%2Fapi%2Fuser%2Fredazionegioianet%2Falbumid%2F5600026735359923841%3Falt%3Drss%26kind%3Dphoto%26authkey%3DGv1sRgCKOnqana2aSt2wE%26hl%3Dit\" \/><param name=\"src\" value=\"https:\/\/picasaweb.google.com\/s\/c\/bin\/slideshow.swf\" \/><\/object><\/p>\n","protected":false},"excerpt":{"rendered":"","protected":false},"author":1,"featured_media":10083,"comment_status":"open","ping_status":"closed","sticky":false,"template":"","format":"standard","meta":{"colormag_page_container_layout":"default_layout","colormag_page_sidebar_layout":"default_layout","footnotes":""},"categories":[4],"tags":[],"class_list":["post-10089","post","type-post","status-publish","format-standard","has-post-thumbnail","hentry","category-politica"],"_links":{"self":[{"href":"https:\/\/archiviogioia.lavocedelpaese.info\/index.php?rest_route=\/wp\/v2\/posts\/10089","targetHints":{"allow":["GET"]}}],"collection":[{"href":"https:\/\/archiviogioia.lavocedelpaese.info\/index.php?rest_route=\/wp\/v2\/posts"}],"about":[{"href":"https:\/\/archiviogioia.lavocedelpaese.info\/index.php?rest_route=\/wp\/v2\/types\/post"}],"author":[{"embeddable":true,"href":"https:\/\/archiviogioia.lavocedelpaese.info\/index.php?rest_route=\/wp\/v2\/users\/1"}],"replies":[{"embeddable":true,"href":"https:\/\/archiviogioia.lavocedelpaese.info\/index.php?rest_route=%2Fwp%2Fv2%2Fcomments&post=10089"}],"version-history":[{"count":0,"href":"https:\/\/archiviogioia.lavocedelpaese.info\/index.php?rest_route=\/wp\/v2\/posts\/10089\/revisions"}],"wp:featuredmedia":[{"embeddable":true,"href":"https:\/\/archiviogioia.lavocedelpaese.info\/index.php?rest_route=\/wp\/v2\/media\/10083"}],"wp:attachment":[{"href":"https:\/\/archiviogioia.lavocedelpaese.info\/index.php?rest_route=%2Fwp%2Fv2%2Fmedia&parent=10089"}],"wp:term":[{"taxonomy":"category","embeddable":true,"href":"https:\/\/archiviogioia.lavocedelpaese.info\/index.php?rest_route=%2Fwp%2Fv2%2Fcategories&post=10089"},{"taxonomy":"post_tag","embeddable":true,"href":"https:\/\/archiviogioia.lavocedelpaese.info\/index.php?rest_route=%2Fwp%2Fv2%2Ftags&post=10089"}],"curies":[{"name":"wp","href":"https:\/\/api.w.org\/{rel}","templated":true}]}}