{"id":10093,"date":"2011-04-28T05:04:39","date_gmt":"2011-04-28T05:04:39","guid":{"rendered":"https:\/\/archiviogioia.lavocedelpaese.info\/?p=10093"},"modified":"2011-04-28T05:04:39","modified_gmt":"2011-04-28T05:04:39","slug":"il-sogno-utopico-mostra-di-giovanni-scioscia","status":"publish","type":"post","link":"https:\/\/archiviogioia.lavocedelpaese.info\/?p=10093","title":{"rendered":"\u201cIL SOGNO UTOPICO\u201d MOSTRA DI GIOVANNI SCIOSCIA"},"content":{"rendered":"<p><img loading=\"lazy\" decoding=\"async\" class=\" size-full wp-image-10090\" alt=\"InArteTestata-pp-TR\" src=\"https:\/\/archiviogioia.lavocedelpaese.info\/wp-content\/uploads\/2011\/04\/InArteTestata-pp-TR.jpg\" width=\"320\" height=\"150\" srcset=\"https:\/\/archiviogioia.lavocedelpaese.info\/wp-content\/uploads\/2011\/04\/InArteTestata-pp-TR.jpg 320w, https:\/\/archiviogioia.lavocedelpaese.info\/wp-content\/uploads\/2011\/04\/InArteTestata-pp-TR-300x141.jpg 300w\" sizes=\"auto, (max-width: 320px) 100vw, 320px\" \/> <\/p>\n<p><!--more--><\/p>\n<p style=\"text-align: justify;\"><strong><img loading=\"lazy\" decoding=\"async\" class=\" alignleft size-full wp-image-10091\" style=\"margin: 4px; float: left;\" alt=\"Scioscia-1\" src=\"https:\/\/archiviogioia.lavocedelpaese.info\/wp-content\/uploads\/2011\/04\/Scioscia-1.jpg\" width=\"250\" height=\"244\" srcset=\"https:\/\/archiviogioia.lavocedelpaese.info\/wp-content\/uploads\/2011\/04\/Scioscia-1.jpg 472w, https:\/\/archiviogioia.lavocedelpaese.info\/wp-content\/uploads\/2011\/04\/Scioscia-1-300x293.jpg 300w\" sizes=\"auto, (max-width: 250px) 100vw, 250px\" \/>La rivista \u201cIn Arte Multiversi\u201d \u00e8 lieta di annunciare che dal prossimo 29 aprile<\/strong> presso la nuova sede della propria redazione di Potenza, nel centro storico del capoluogo, <strong>verr\u00e0 ospitata una mostra<\/strong> personale <strong>del pittore<\/strong> potentino <strong>Giovanni Scioscia<\/strong>.<\/p>\n<div style=\"text-align: justify;\"><\/div>\n<p style=\"text-align: justify;\">L\u2019inaugurazione della mostra \u201c<strong>Il sogno utopico<\/strong>\u201d avverr\u00e0 venerd\u00ec prossimo 29 aprile a partire dalle ore 18.30 e vedr\u00e0 la presenza dell\u2019artista.<\/p>\n<div style=\"text-align: justify;\"><\/div>\n<p style=\"text-align: justify;\">Le opere che saranno esposte presso la nuova sede di \u201cIn Arte\u201d appartengono tutte al suo ciclo pittorico a carattere sociale del 2009. <strong>La mostra sar\u00e0 visitabile fino al prossimo 8 maggio<\/strong>, tutti i giorni negli orari dalle 10 alle 13 e dalle 17 alle 21.<\/p>\n<div style=\"text-align: justify;\"><\/div>\n<p style=\"text-align: justify;\"><strong>Giovanni Scioscia \u00e8 sulla scena artistica nazionale da oltre quarant\u2019anni<\/strong>, durante i quali ha esposto in molteplici mostre, sia personali che collettive, in tutta Italia. \u00c8, inoltre, un apprezzato scenografo per spettacoli teatrali e di danza. <strong>Il suo stile utilizza, su tela e tavola, c<\/strong><strong><img loading=\"lazy\" decoding=\"async\" class=\" alignright size-full wp-image-10092\" style=\"margin: 4px; float: right;\" alt=\"Scioscia-2\" src=\"https:\/\/archiviogioia.lavocedelpaese.info\/wp-content\/uploads\/2011\/04\/Scioscia-2.jpg\" width=\"250\" height=\"244\" srcset=\"https:\/\/archiviogioia.lavocedelpaese.info\/wp-content\/uploads\/2011\/04\/Scioscia-2.jpg 472w, https:\/\/archiviogioia.lavocedelpaese.info\/wp-content\/uploads\/2011\/04\/Scioscia-2-300x293.jpg 300w\" sizes=\"auto, (max-width: 250px) 100vw, 250px\" \/><\/strong><strong>olori acrilici, china, oro antico ed oli combinati insieme<\/strong>, che arricchiscono l\u2019opera di un tono smaltato che esalta un gusto pittorico di sapore antico.<\/p>\n<div style=\"text-align: justify;\"><\/div>\n<p style=\"text-align: justify;\">A partire da maggio \u201c<strong>In Arte<\/strong>\u201d <strong>proporr\u00e0 ad ogni artista interessato l\u2019e<\/strong><strong>sposizione delle proprie opere presso la sede<\/strong> della redazione. Questo sodalizio tra la rivista e gli artisti permetter\u00e0 di stendere un filo rosso tra lettori ed appassionati d\u2019arte, <strong>per un incontro proficuo che permetter\u00e0 un\u2019interazione, del tutto nuova, rispetto ai soliti canoni espositivi<\/strong>; nel contempo gli artisti potranno contare sull\u2019esperienza di una redazione che da anni si occupa di arte, attraverso specialisti del settore attenti ad ogni nuovo cambiamento culturale.<\/p>\n<div style=\"text-align: justify;\"><\/div>\n<p style=\"text-align: justify;\"><strong>Ingresso libero<\/strong>.<\/p>\n<div style=\"text-align: justify;\"><\/div>\n<p style=\"text-align: justify;\"><strong>Ufficio stampa<\/strong>: Francesco Mastrorizzi, <a href=\"http:\/\/mce_host\/informazioni@in-arte.org%20\">informazioni@in-arte.org<\/a> &#8211; 329 1484992.<\/p>\n<div style=\"text-align: justify;\"><\/div>\n<p style=\"text-align: justify;\"><strong>Info<\/strong>: Fiorella Fiore e Angela Delle Donne, <a href=\"mailto:eventi@in-arte.org\">eventi@in-arte.org<\/a> &#8211; <a href=\"http:\/\/www.in-arte.org\/\">www.in-arte.org<\/a>.<\/p>\n","protected":false},"excerpt":{"rendered":"","protected":false},"author":1,"featured_media":10090,"comment_status":"open","ping_status":"closed","sticky":false,"template":"","format":"standard","meta":{"colormag_page_container_layout":"default_layout","colormag_page_sidebar_layout":"default_layout","footnotes":""},"categories":[7],"tags":[],"class_list":["post-10093","post","type-post","status-publish","format-standard","has-post-thumbnail","hentry","category-attualita"],"_links":{"self":[{"href":"https:\/\/archiviogioia.lavocedelpaese.info\/index.php?rest_route=\/wp\/v2\/posts\/10093","targetHints":{"allow":["GET"]}}],"collection":[{"href":"https:\/\/archiviogioia.lavocedelpaese.info\/index.php?rest_route=\/wp\/v2\/posts"}],"about":[{"href":"https:\/\/archiviogioia.lavocedelpaese.info\/index.php?rest_route=\/wp\/v2\/types\/post"}],"author":[{"embeddable":true,"href":"https:\/\/archiviogioia.lavocedelpaese.info\/index.php?rest_route=\/wp\/v2\/users\/1"}],"replies":[{"embeddable":true,"href":"https:\/\/archiviogioia.lavocedelpaese.info\/index.php?rest_route=%2Fwp%2Fv2%2Fcomments&post=10093"}],"version-history":[{"count":0,"href":"https:\/\/archiviogioia.lavocedelpaese.info\/index.php?rest_route=\/wp\/v2\/posts\/10093\/revisions"}],"wp:featuredmedia":[{"embeddable":true,"href":"https:\/\/archiviogioia.lavocedelpaese.info\/index.php?rest_route=\/wp\/v2\/media\/10090"}],"wp:attachment":[{"href":"https:\/\/archiviogioia.lavocedelpaese.info\/index.php?rest_route=%2Fwp%2Fv2%2Fmedia&parent=10093"}],"wp:term":[{"taxonomy":"category","embeddable":true,"href":"https:\/\/archiviogioia.lavocedelpaese.info\/index.php?rest_route=%2Fwp%2Fv2%2Fcategories&post=10093"},{"taxonomy":"post_tag","embeddable":true,"href":"https:\/\/archiviogioia.lavocedelpaese.info\/index.php?rest_route=%2Fwp%2Fv2%2Ftags&post=10093"}],"curies":[{"name":"wp","href":"https:\/\/api.w.org\/{rel}","templated":true}]}}