{"id":10320,"date":"2011-05-02T06:32:16","date_gmt":"2011-05-02T06:32:16","guid":{"rendered":"https:\/\/archiviogioia.lavocedelpaese.info\/?p=10320"},"modified":"2011-05-02T06:32:16","modified_gmt":"2011-05-02T06:32:16","slug":"mastrovito-esce-dal-pdl-longo-fa-il-kamikaze-2","status":"publish","type":"post","link":"https:\/\/archiviogioia.lavocedelpaese.info\/?p=10320","title":{"rendered":"MASTROVITO ESCE DAL PDL, LONGO FA IL KAMIKAZE"},"content":{"rendered":"<p><img loading=\"lazy\" decoding=\"async\" class=\" size-full wp-image-10317\" alt=\"maggioranza-in-aula-pp\" src=\"https:\/\/archiviogioia.lavocedelpaese.info\/wp-content\/uploads\/2011\/05\/maggioranza-in-aula-pp.jpg\" width=\"320\" height=\"150\" srcset=\"https:\/\/archiviogioia.lavocedelpaese.info\/wp-content\/uploads\/2011\/05\/maggioranza-in-aula-pp.jpg 640w, https:\/\/archiviogioia.lavocedelpaese.info\/wp-content\/uploads\/2011\/05\/maggioranza-in-aula-pp-300x141.jpg 300w\" sizes=\"auto, (max-width: 320px) 100vw, 320px\" \/> <\/p>\n<p><!--more--><\/p>\n<div style=\"text-align: justify;\"><\/div>\n<p style=\"text-align: justify;\"><img loading=\"lazy\" decoding=\"async\" class=\" alignleft size-full wp-image-9432\" style=\"margin: 4px; float: left;\" alt=\"piero_longo_accigliato\" src=\"https:\/\/archiviogioia.lavocedelpaese.info\/wp-content\/uploads\/2011\/04\/piero_longo_accigliato.jpg\" width=\"160\" height=\"194\" srcset=\"https:\/\/archiviogioia.lavocedelpaese.info\/wp-content\/uploads\/2011\/04\/piero_longo_accigliato.jpg 353w, https:\/\/archiviogioia.lavocedelpaese.info\/wp-content\/uploads\/2011\/04\/piero_longo_accigliato-247x300.jpg 247w\" sizes=\"auto, (max-width: 160px) 100vw, 160px\" \/>\u201c<strong>Fidarsi \u00e8 bene, non fidarsi \u00e8 meglio<\/strong>\u201d. Recita cos\u00ec un antico adagio, che in questo caso facciamo nostro, per\u00f2 solo a met\u00e0. Infatti, visto che dobbiamo dissertare su quello che sta accadendo in comune, bene faremmo a non fidarci, perch\u00e9, come sottolinea un altro proverbio, questa volta in puro vernacolo: \u201c<strong>I p\u00e0role de la s\u00e9re u v\u00ecjnde li ammen\u00e1<\/strong>\u201d.<\/p>\n<div style=\"text-align: justify;\"><\/div>\n<p style=\"text-align: justify;\"><strong>Ne \u00e8 la riprova il voltafaccia di Pippo Tisci<\/strong>, che dall\u2019inizio de<strong><img loading=\"lazy\" decoding=\"async\" class=\" alignright size-full wp-image-6450\" style=\"margin: 4px; float: right;\" alt=\"tisci-filippo\" src=\"https:\/\/archiviogioia.lavocedelpaese.info\/wp-content\/uploads\/2010\/12\/tisci-filippo.jpg\" width=\"150\" height=\"173\" \/><\/strong>lla legislatura s\u2019\u00e8 mostrato come <strong>l\u2019eterna spina nel fianco di Longo<\/strong>, <strong>diventata<\/strong>, in occasione del bilancio, <strong>la sua chiara ed inequivocabile ciambella di salvataggio<\/strong>.<\/p>\n<div style=\"text-align: justify;\"><\/div>\n<p style=\"text-align: justify;\">Quella <strong>a cui s\u2019\u00e8 potuto aggrappare il primo cittadino<\/strong>, <strong>tormentat<\/strong><strong>o dal \u201csisma\u201d Paradiso-Dongiovanni<\/strong>, che in ogni caso sta seminando il panico all\u2019interno della maggioranza di centro-destra, <strong>dove si registrano ancora \u201cscosse\u201d di assestamento<\/strong>.<\/p>\n<div style=\"text-align: justify;\"><\/div>\n<p style=\"text-align: justify;\"><strong><img loading=\"lazy\" decoding=\"async\" class=\" alignleft size-full wp-image-2736\" style=\"margin: 4px; float: left;\" alt=\"mastrovito\" src=\"https:\/\/archiviogioia.lavocedelpaese.info\/wp-content\/uploads\/2010\/06\/mastrovito.jpg\" width=\"140\" height=\"206\" \/>L\u2019ultima \u00e8 legata all\u2019uscita dal Pdl di Mauro Mastrovito<\/strong>. Turbativa che difficilmente il primo cittadino riuscir\u00e0 a mitigare. Infatti, <strong>le crepe che si stanno aprendo sono sempre di pi\u00f9<\/strong>, e il rischio peggiore \u00e8 che sono <strong>difficilmente sanabili<\/strong>. Turbolenze che hanno portato <strong>Sergio Povia<\/strong> a dichiarare su alcuni giornali locali che <strong>quella che si respira in comune \u00e8 un\u2019aria per niente salubre<\/strong>.<\/p>\n<div style=\"text-align: justify;\"><\/div>\n<p style=\"text-align: justify;\"><strong>E se questo risponde al vero<\/strong>, <strong>i segnali possono arrivare nell\u2019immediato, gi\u00e0 da<\/strong> oggi, luned\u00ec 2 maggio 2011, <strong>giorno in cui il consiglio ritorner\u00e0 in aula per discutere argomenti come quello legato<\/strong> <strong>al<\/strong> punto 3 dell\u2019ordine del giorno: \u201c<strong>P.E. N. 119 Del 1.4.2010<\/strong> \u2013 Approvazione variante esecutiva al piano di lottizzazione in zona C\/2 di P.R.G. approvato con DPGRP N. 1719 del 25.9.1979 \u2013 <strong>Soc. Moramarco costruzioni Srl<\/strong>\u201d.<\/p>\n<div style=\"text-align: justify;\"><\/div>\n<p style=\"text-align: justify;\"><strong><img loading=\"lazy\" decoding=\"async\" class=\" alignright size-full wp-image-6615\" style=\"margin: 4px; float: right;\" alt=\"consiglio_comunale_13.12.2010\" src=\"https:\/\/archiviogioia.lavocedelpaese.info\/wp-content\/uploads\/2010\/12\/consiglio_comunale_13.12.2010.jpg\" width=\"282\" height=\"131\" \/>Argomento che<\/strong> al pari dell\u2019ormai certa chiusura del passaggio a livello di via Dante, <strong>rischia di fare imbufalire<\/strong> non solo gli abitanti residenti ad ovest della citt\u00e0, ma soprattutto <strong>qualche altro imprenditore, gi\u00e0 in forte contrasto con gli amici del palazzo, per la questione legata all\u2019affare ex Mulino Pagano<\/strong> (dove sono stati gi\u00e0 cancellati i segni dell\u2019ex lager nazista), che vede il sindaco e la sua maggioranza portata per mano da uno degli ultimi ciambellani di corte.<\/p>\n<div style=\"text-align: justify;\"><\/div>\n<p style=\"text-align: justify;\">mino<img loading=\"lazy\" decoding=\"async\" class=\" alignleft size-full wp-image-9115\" style=\"margin: 4px; float: left;\" alt=\"minoranza\" src=\"https:\/\/archiviogioia.lavocedelpaese.info\/wp-content\/uploads\/2011\/03\/minoranza.jpg\" width=\"250\" height=\"203\" srcset=\"https:\/\/archiviogioia.lavocedelpaese.info\/wp-content\/uploads\/2011\/03\/minoranza.jpg 528w, https:\/\/archiviogioia.lavocedelpaese.info\/wp-content\/uploads\/2011\/03\/minoranza-300x244.jpg 300w\" sizes=\"auto, (max-width: 250px) 100vw, 250px\" \/>Preoccupazione latente<strong> che ha portato il sindaco a chiedere la collaborazione delle opposizioni<\/strong>, <strong>banchi dai quali<\/strong>, non tanto tempo fa, <strong>gli \u00e8 stata mossa l\u2019accusa di essere un coniglio che scappa via<\/strong>. Critica rimpinguata ancora di pi\u00f9 dall\u2019ex sindaco <strong>Sergio Povia<\/strong>, dalle colonne\u00a0 del mensile del suo partito, dalle quali tuona: \u201c<strong>Il sindaco non ha capito che ora sar\u00e0 un Vietnam<\/strong>; da adesso in avanti dovr\u00e0 assicurarsi sempre che non ci sia neanche una defezione, fosse addirittura per motivi seri\u201d.<\/p>\n<div style=\"text-align: justify;\"><\/div>\n<p style=\"text-align: justify;\"><strong>Defezioni che secondo radio palazzo si verificheranno gi\u00e0<\/strong> <strong>da oggi<\/strong>. In realt\u00e0, \u00e8 <strong>data per certa l\u2019assenza della \u201ccellula sentinella\u201d Lamanna<\/strong>, mentre <strong>non \u00e8 comprensibile<\/strong> <strong>l\u2019atteggiamento che assumer\u00e0 in aula Mauro Mastrovito<\/strong>, <strong>che<\/strong> a di<strong><img loading=\"lazy\" decoding=\"async\" class=\" alignright size-full wp-image-4394\" style=\"margin: 4px; float: right;\" alt=\"vincenzo_lamanna\" src=\"https:\/\/archiviogioia.lavocedelpaese.info\/wp-content\/uploads\/2010\/09\/vincenzo_lamanna.jpg\" width=\"152\" height=\"122\" srcset=\"https:\/\/archiviogioia.lavocedelpaese.info\/wp-content\/uploads\/2010\/09\/vincenzo_lamanna.jpg 496w, https:\/\/archiviogioia.lavocedelpaese.info\/wp-content\/uploads\/2010\/09\/vincenzo_lamanna-300x241.jpg 300w\" sizes=\"auto, (max-width: 152px) 100vw, 152px\" \/><\/strong>fferenza di Leonardo Dongiovanni e Vito Paradiso, al momento ha solo dichiarato di aver abbandonato il gruppo del Pdl.<\/p>\n<div style=\"text-align: justify;\"><\/div>\n<p style=\"text-align: justify;\">Quindi, <strong>una situazione che probabilmente non star\u00e0 facendo dormire sonni tranquilli<\/strong> all\u2019inquilino di palazzo San Domenico, il quale pur avendo assunto i panni del kamikaze <strong>difficilmente \u00e8 propenso a farsi esplodere<\/strong>. <strong>Quindi scapper\u00e0<\/strong> e Povia, molto probabilmente, rincarer\u00e0 la dose invitandolo ancora una volta a non scappare dalle responsabilit\u00e0.<\/p>\n","protected":false},"excerpt":{"rendered":"","protected":false},"author":1,"featured_media":10318,"comment_status":"open","ping_status":"closed","sticky":false,"template":"","format":"standard","meta":{"colormag_page_container_layout":"default_layout","colormag_page_sidebar_layout":"default_layout","footnotes":""},"categories":[4],"tags":[],"class_list":["post-10320","post","type-post","status-publish","format-standard","has-post-thumbnail","hentry","category-politica"],"_links":{"self":[{"href":"https:\/\/archiviogioia.lavocedelpaese.info\/index.php?rest_route=\/wp\/v2\/posts\/10320","targetHints":{"allow":["GET"]}}],"collection":[{"href":"https:\/\/archiviogioia.lavocedelpaese.info\/index.php?rest_route=\/wp\/v2\/posts"}],"about":[{"href":"https:\/\/archiviogioia.lavocedelpaese.info\/index.php?rest_route=\/wp\/v2\/types\/post"}],"author":[{"embeddable":true,"href":"https:\/\/archiviogioia.lavocedelpaese.info\/index.php?rest_route=\/wp\/v2\/users\/1"}],"replies":[{"embeddable":true,"href":"https:\/\/archiviogioia.lavocedelpaese.info\/index.php?rest_route=%2Fwp%2Fv2%2Fcomments&post=10320"}],"version-history":[{"count":0,"href":"https:\/\/archiviogioia.lavocedelpaese.info\/index.php?rest_route=\/wp\/v2\/posts\/10320\/revisions"}],"wp:featuredmedia":[{"embeddable":true,"href":"https:\/\/archiviogioia.lavocedelpaese.info\/index.php?rest_route=\/wp\/v2\/media\/10318"}],"wp:attachment":[{"href":"https:\/\/archiviogioia.lavocedelpaese.info\/index.php?rest_route=%2Fwp%2Fv2%2Fmedia&parent=10320"}],"wp:term":[{"taxonomy":"category","embeddable":true,"href":"https:\/\/archiviogioia.lavocedelpaese.info\/index.php?rest_route=%2Fwp%2Fv2%2Fcategories&post=10320"},{"taxonomy":"post_tag","embeddable":true,"href":"https:\/\/archiviogioia.lavocedelpaese.info\/index.php?rest_route=%2Fwp%2Fv2%2Ftags&post=10320"}],"curies":[{"name":"wp","href":"https:\/\/api.w.org\/{rel}","templated":true}]}}