{"id":10374,"date":"2011-05-04T06:07:28","date_gmt":"2011-05-04T06:07:28","guid":{"rendered":"https:\/\/archiviogioia.lavocedelpaese.info\/?p=10374"},"modified":"2011-05-04T06:07:28","modified_gmt":"2011-05-04T06:07:28","slug":"prestigiosi-appuntamenti-da-non-perdere-di-legature","status":"publish","type":"post","link":"https:\/\/archiviogioia.lavocedelpaese.info\/?p=10374","title":{"rendered":"PRESTIGIOSI APPUNTAMENTI DA NON PERDERE DI LEGATURE"},"content":{"rendered":"<p><img loading=\"lazy\" decoding=\"async\" class=\" size-full wp-image-10363\" alt=\"legature-stagione-2011-logo\" src=\"https:\/\/archiviogioia.lavocedelpaese.info\/wp-content\/uploads\/2011\/05\/legature-stagione-2011-logo.jpg\" width=\"320\" height=\"150\" srcset=\"https:\/\/archiviogioia.lavocedelpaese.info\/wp-content\/uploads\/2011\/05\/legature-stagione-2011-logo.jpg 320w, https:\/\/archiviogioia.lavocedelpaese.info\/wp-content\/uploads\/2011\/05\/legature-stagione-2011-logo-300x141.jpg 300w\" sizes=\"auto, (max-width: 320px) 100vw, 320px\" \/> <\/p>\n<p><!--more--><\/p>\n<p style=\"text-align: justify;\">Prosegue la <strong>VII Edizione<\/strong> di <strong>Legature<\/strong>, prestigiosa rassegna di musica classica organizzata dall\u2019<strong>Associazione Musicale \u201cDaniele Lobefaro\u201d<\/strong> in collaborazione con il <strong>Comune di Gioia del Colle<\/strong> e con la direzione artistica della <strong>dr.ssa Paola Sorrentino<\/strong>, in abbrivio verso il rinomato <strong>Concorso Internazionale di Musica Pietro Argento<\/strong> che aprir\u00e0 i battenti mercoled\u00ec 1 giugno 2011.<strong><img loading=\"lazy\" decoding=\"async\" class=\" alignright size-full wp-image-10365\" style=\"margin: 4px; float: right;\" alt=\"Yuriy1\" src=\"https:\/\/archiviogioia.lavocedelpaese.info\/wp-content\/uploads\/2011\/05\/Yuriy1.jpg\" width=\"200\" height=\"182\" srcset=\"https:\/\/archiviogioia.lavocedelpaese.info\/wp-content\/uploads\/2011\/05\/Yuriy1.jpg 659w, https:\/\/archiviogioia.lavocedelpaese.info\/wp-content\/uploads\/2011\/05\/Yuriy1-300x273.jpg 300w\" sizes=\"auto, (max-width: 200px) 100vw, 200px\" \/><\/strong><\/p>\n<div style=\"text-align: justify;\"><\/div>\n<p style=\"text-align: justify;\"><strong>A stretto giro due importanti appuntamenti arricchiranno le scene del Teatro<\/strong><strong> Rossini<\/strong> di Gioia del Colle (Ba): il primo concerne la chiusura della mini rassegna \u201c<strong>Crescendo\u201d<\/strong>che ha sottolineato l\u2019importanza data dagli organizzatori ai giovani e giovanissimi talenti legati al circuito del Concorso Internazionale di Musica Pietro Argento.<\/p>\n<div style=\"text-align: justify;\"><\/div>\n<p style=\"text-align: justify;\"><strong>Luned\u00ec 9 maggio <\/strong>(ore 19,00) saranno in scena tre eccellenti talenti ucraini meno che adolescenti. <strong>Yuriy Zelenin<\/strong>, classe 1998, studente dell\u2019Accademia d\u2019Arte per bambini di Kiev e vincitore dei molti concorsi internazionali; <strong>Duo Toporivsky<\/strong>, due fratelli ucraini: <strong>Bogdan<\/strong>, nato nel 1996 e <strong>Andriy<\/strong> del 199<strong><img loading=\"lazy\" decoding=\"async\" class=\" alignleft size-full wp-image-10366\" style=\"margin: 4px; float: left;\" alt=\"Toporivski1\" src=\"https:\/\/archiviogioia.lavocedelpaese.info\/wp-content\/uploads\/2011\/05\/Toporivski1.jpg\" width=\"200\" height=\"202\" srcset=\"https:\/\/archiviogioia.lavocedelpaese.info\/wp-content\/uploads\/2011\/05\/Toporivski1.jpg 600w, https:\/\/archiviogioia.lavocedelpaese.info\/wp-content\/uploads\/2011\/05\/Toporivski1-298x300.jpg 298w\" sizes=\"auto, (max-width: 200px) 100vw, 200px\" \/><\/strong>8, ed anche loro vantano un <em>palma res<\/em> di tutto rispetto. I tre giovani musicisti sono allievi della <strong>Prof. Natalia Romenska<\/strong>, docente di chiara fama e ben nota nell\u2019ambiente della musica classica, che affiancher\u00e0 anche l\u2019esibizione dei talentuosi ragazzi. Un repertorio d\u2019alta classe che prevede opere di Rakhmaninov, Shostakovich, Chopin, Bach, Debussy, Verdi, Bizet, A. Piazzolla, D. Brubeck, tra gli altri compositori.<\/p>\n<div style=\"text-align: justify;\"><\/div>\n<p style=\"text-align: justify;\"><strong>Mercoled\u00ec 11 maggio<\/strong>, invece, nell\u2019ambito della <strong>Stagione del Teatro Rossini<\/strong> (ore 19,00) recital pianistico di <strong>Jung Ji-Hye<\/strong>. Nata a <img loading=\"lazy\" decoding=\"async\" class=\" alignright size-full wp-image-10367\" style=\"margin: 4px; float: right;\" alt=\"13-5R\" src=\"https:\/\/archiviogioia.lavocedelpaese.info\/wp-content\/uploads\/2011\/05\/13-5R.jpg\" width=\"170\" height=\"238\" srcset=\"https:\/\/archiviogioia.lavocedelpaese.info\/wp-content\/uploads\/2011\/05\/13-5R.jpg 571w, https:\/\/archiviogioia.lavocedelpaese.info\/wp-content\/uploads\/2011\/05\/13-5R-214x300.jpg 214w\" sizes=\"auto, (max-width: 170px) 100vw, 170px\" \/>Seoul, Korea del sud, nel 1983 ha intrapreso I suoi studi musicali all\u2019et\u00e0 di cinque anni. E\u2019 stata premiata nei seguenti concorsi di esecuzione pianistica: Journal Eumak Piano Competition, SunHwa Piano Competition e TBC (Taegu Broadcasting Corporation) Piano Competition, nel 2006 e 2007 terzo premio al Mozart Prize presso il Mozarteum e primo premio di categoria al XIII Concorso Internazionale di Musica \u201cPietro Argento\u201d. E\u2019 fondatrice della EWHA Soloists Association.<\/p>\n<div style=\"text-align: justify;\"><\/div>\n<p style=\"text-align: justify;\"><strong>Biglietti<\/strong>: Intero \u20ac 10,00; Ridotto \u20ac 8,00 (12-24 anni, over 65, soci); Ridotto \u20ac 5,00<\/p>\n<div style=\"text-align: justify;\"><\/div>\n<p style=\"text-align: justify;\">(7-11 anni). Ingresso gratuito per i bambini fino a 6 anni.<\/p>\n<div style=\"text-align: justify;\"><\/div>\n<p style=\"text-align: justify;\"><strong>Info: Tel. 080 3433405 \u2013 fax 080 9190223 &#8211; Cell. 328 1891920<\/strong><\/p>\n<div style=\"text-align: justify;\"><\/div>\n<p style=\"text-align: justify;\"><strong><a href=\"mailto:Parade99@alice.it\">Parade99@alice.it<\/a> &#8211; <a href=\"http:\/\/www.associazionemusicaledanielelobefaro.it\/\">www.associazionemusicaledanielelobefaro.it<\/a><\/strong><\/p>\n<div style=\"text-align: justify;\"><\/div>\n<p style=\"text-align: justify;\"><strong>Prevendite: ASS. D. LOBEFARO via Flora, 77 \u2013 Gioia del Colle (lunedi, mercoled\u00ec, gioved\u00ec, venerd\u00ec, ore 16,00-20,30); DIXIELAND, via Dante, 75 \u2013 Gioia del Colle &#8211; Tel. 080 3484674<\/strong><\/p>\n<div style=\"text-align: justify;\"><\/div>\n<p style=\"text-align: justify;\">Alceste Ayroldi &#8211; Responsabile della Comunicazione Legature 2011 &#8211; 339\/2986949.<\/p>\n<div style=\"text-align: justify;\"><\/div>\n<p style=\"text-align: justify;\"><strong>BIOGRAFIE:<\/strong><\/p>\n<div style=\"text-align: justify;\"><\/div>\n<p style=\"text-align: justify;\"><strong><img loading=\"lazy\" decoding=\"async\" class=\" alignleft size-full wp-image-10369\" style=\"margin: 4px; float: left;\" alt=\"yuriy_2\" src=\"https:\/\/archiviogioia.lavocedelpaese.info\/wp-content\/uploads\/2011\/05\/yuriy_2.jpg\" width=\"180\" height=\"136\" \/>Yuriy Zelenin<\/strong> \u2013 studente dell\u2019Accademia d\u2018Arte per bambini di Kiev nella classe della prof.ssa Natalia\u00a0 Romenska. Nato il 5 luglio 1998 a Kiev, Ukraina, ha cominciato a studiare pianoforte a 3 anni e si \u00e8 subito appassionato alla musica.\u00a0 Nel 2006 \u00e8 stato ammesso all\u2019Accademia dell\u2019Arte. <strong>E\u2019 vincitore di molti concorsi internazionali<\/strong>, tra cui:<\/p>\n<div style=\"text-align: justify;\"><\/div>\n<p style=\"text-align: justify;\">Ottobre 2010 \u2013 2\u00b0 premio (nella categoria per i nati dall\u2019anno 1991), il 20\u00b0 Concorso Pianistico Internazionale \u201cRoma-2010\u201d, Roma, Italia; Luglio 2010 \u2013 2\u00b0 premio, il 1\u00b0 Concorso Internazionale \u201cMerignac Open\u201d, Merignac, Francia; Giugno 2010 \u2013 1\u00b0 premio, 13 Concorso Internazionale \u201cPietro Argento\u201d, Gioia del Colle, Italia; Febbraio 2010 \u2013 5\u00b0 premio, The 16th International Competition Young Virtuoso, Etudes and Scales for Pianists, Zagreb, Croatia; Maggio 2009 \u2013 diploma di merito, XVII Frederic Chopin International Youth Piano Competition, Szafarnia, Poland.Marzo 2009 \u2013 1\u00b0 premio (livello \u201cMoyen\u201d), 1\u00b0 premio (livello \u201cVirtuosite I\u201d), Concours Pianoopen-Merignac Jeunes Talents, Merignac, Francia; Aprile 2008 \u2013 1\u00b0 premio (musica classica), 1\u00b0 premio (Jazz), Concours Musical de France, Paris, Francia; Febbraio 2008 \u2013 2\u00b0 premio, The 15th Amadeus Mozartian Competition for Young Piano Players; Maggio 2007 \u2013 3\u00b0 premio, The International Competition of Young Performers \u201c21 Century Art\u201d, Vorzel, Ukraina.<\/p>\n<div style=\"text-align: justify;\"><\/div>\n<p style=\"text-align: justify;\"><strong>Nel giugno 2008 ha registrato sul CD \u201cConcertino\u201d di Yuriy Polunin con l\u2019Orchestra da camera \u201cCamerata di Kiev\u201d<\/strong> (diretta dal celebre M\u00b0 Valeriy Matiukhin). Pi\u00f9 volte borsa di studio, assegnata dal sindaco della citta di Kiev. Quest\u2019anno Yuriy \u00e8 stato inserito in Enciclopedia d\u2019Arte dei \u201cGiovani Talenti in Ukraina\u201d. Nel novembre 2010 ha vinto il 1\u00b0 premio nel concorso dell\u2019Accademia d\u2019Arte, conseguendo il diploma per \u201cPer le attive ricerche creative\u201d. Nel luglio scorso, \u00e8 stato invitato in Francia con la sua professoressa Natalia Romenska, dove ha tenuto un concerto monografico sulla musica russa.<\/p>\n<div style=\"text-align: justify;\"><\/div>\n<p style=\"text-align: justify;\"><strong><img loading=\"lazy\" decoding=\"async\" class=\" alignleft size-full wp-image-10370\" style=\"margin: 4px; float: left;\" alt=\"Toporivski\" src=\"https:\/\/archiviogioia.lavocedelpaese.info\/wp-content\/uploads\/2011\/05\/Toporivski.jpg\" width=\"200\" height=\"137\" srcset=\"https:\/\/archiviogioia.lavocedelpaese.info\/wp-content\/uploads\/2011\/05\/Toporivski.jpg 500w, https:\/\/archiviogioia.lavocedelpaese.info\/wp-content\/uploads\/2011\/05\/Toporivski-300x206.jpg 300w\" sizes=\"auto, (max-width: 200px) 100vw, 200px\" \/>Bogdan Toporivskiy<\/strong>, \u00e8 nato il 21 giugno 1996, suo fratello <strong>Andriy<\/strong> il 17 luglio 1998 a Kiev, Ukraina. Sono studenti dell\u2019Alta Scuola di Musica N3 intitolata a \u201cV. Kosenko\u201d. Studiano sotto la guida della professoressa Natalia Romenska, musicista di chiara fama. Sono <strong>vincitori di numerosi concorsi musicali nazionali ed internazionali<\/strong> tra cui:<\/p>\n<div style=\"text-align: justify;\"><\/div>\n<p style=\"text-align: justify;\">\u201c<strong>Golden seeds<\/strong> of Ukraine\u201d (2004); \u201c<strong>Voices of spring<\/strong>\u201d (2005 \u2013 2010); \u201c<strong>Wonder-blossom<\/strong> of songs\u201d (2004); \u201c<strong>Traditions and the present day<\/strong>\u201d (2005); \u201c<strong>Christmas nightfall<\/strong>\u201d (2007); \u201c<strong>Classical meridian<\/strong>\u201d (2007); \u201c<strong>International musical competition<\/strong>\u201d (France 2008); \u201c<strong>Astorfest<\/strong>\u201d (2009); \u201c<strong>Spring\u2019s rhapsody<\/strong>\u201d (2009 e 2010); \u201c<strong>International competition<\/strong> of piano and chamber music\u00a0 <strong>Pietro Argento<\/strong>\u201d (Italia, 2010).<\/p>\n<div style=\"text-align: justify;\"><\/div>\n<p style=\"text-align: justify;\"><strong><img loading=\"lazy\" decoding=\"async\" class=\" alignleft size-full wp-image-10371\" style=\"margin: 4px; float: left;\" alt=\"Jung_Ji-Hye\" src=\"https:\/\/archiviogioia.lavocedelpaese.info\/wp-content\/uploads\/2011\/05\/Jung_Ji-Hye.jpg\" width=\"135\" height=\"180\" srcset=\"https:\/\/archiviogioia.lavocedelpaese.info\/wp-content\/uploads\/2011\/05\/Jung_Ji-Hye.jpg 300w, https:\/\/archiviogioia.lavocedelpaese.info\/wp-content\/uploads\/2011\/05\/Jung_Ji-Hye-226x300.jpg 226w\" sizes=\"auto, (max-width: 135px) 100vw, 135px\" \/>Jung Ji-Hye <\/strong>Nata a Seoul, Korea del sud, nel 1983  ha intrapreso i suoi studi musicali all\u2019et\u00e0 di cinque anni. <strong>Ha compiuto i suoi studi presso la Art High Art SunHwa Middle School<\/strong> e successivamente presso la Ewha Womans  University in Seoul. Dal 2005, <strong>studia con il M\u00b0 Andreas Weber all\u2019Universit\u00e0 Mozarteum di Salisburgo<\/strong> (Austria) dove nel 2009 ha completato i suoi studi, ma continua i suoi studi post laurea.<\/p>\n<div style=\"text-align: justify;\"><\/div>\n<p style=\"text-align: justify;\"><strong>Premiata nei<\/strong> seguenti <strong>concorsi di esecuzione pianistica<\/strong>: Journal Eumak Piano Competition, SunHwa Piano Competition e TBC (Taegu Broadcasting Corporation) Piano Competition, nel 2006 e 2007 terzo premio al Mozart Prize presso il Mozarteum e primo premio di categoria al XIII Concorso Internazionale di Musica \u201cPietro Argento\u201d.<\/p>\n<div style=\"text-align: justify;\"><\/div>\n<p style=\"text-align: justify;\"><strong>Ha frequentato masterclass<\/strong> con i seguenti docenti: Sergei Dorensky, Andrzej Jasinski, Robert Levin, Sergey Maltsev. Tiene molti concerti come solista e in formazioni cameristiche in Corea e Austria; \u00e8 <strong>fondatrice della EWHA solists association<\/strong>.<\/p>\n<p style=\"text-align: justify;\"><img loading=\"lazy\" decoding=\"async\" class=\" size-full wp-image-10373\" style=\"margin: 2px; vertical-align: middle;\" alt=\"concero-scuola-ucraina-pub\" src=\"https:\/\/archiviogioia.lavocedelpaese.info\/wp-content\/uploads\/2011\/05\/concero-scuola-ucraina-pub.png\" width=\"595\" height=\"978\" srcset=\"https:\/\/archiviogioia.lavocedelpaese.info\/wp-content\/uploads\/2011\/05\/concero-scuola-ucraina-pub.png 595w, https:\/\/archiviogioia.lavocedelpaese.info\/wp-content\/uploads\/2011\/05\/concero-scuola-ucraina-pub-183x300.png 183w\" sizes=\"auto, (max-width: 595px) 100vw, 595px\" \/><\/p>\n","protected":false},"excerpt":{"rendered":"","protected":false},"author":1,"featured_media":10363,"comment_status":"open","ping_status":"closed","sticky":false,"template":"","format":"standard","meta":{"colormag_page_container_layout":"default_layout","colormag_page_sidebar_layout":"default_layout","footnotes":""},"categories":[6],"tags":[],"class_list":["post-10374","post","type-post","status-publish","format-standard","has-post-thumbnail","hentry","category-cultura"],"_links":{"self":[{"href":"https:\/\/archiviogioia.lavocedelpaese.info\/index.php?rest_route=\/wp\/v2\/posts\/10374","targetHints":{"allow":["GET"]}}],"collection":[{"href":"https:\/\/archiviogioia.lavocedelpaese.info\/index.php?rest_route=\/wp\/v2\/posts"}],"about":[{"href":"https:\/\/archiviogioia.lavocedelpaese.info\/index.php?rest_route=\/wp\/v2\/types\/post"}],"author":[{"embeddable":true,"href":"https:\/\/archiviogioia.lavocedelpaese.info\/index.php?rest_route=\/wp\/v2\/users\/1"}],"replies":[{"embeddable":true,"href":"https:\/\/archiviogioia.lavocedelpaese.info\/index.php?rest_route=%2Fwp%2Fv2%2Fcomments&post=10374"}],"version-history":[{"count":0,"href":"https:\/\/archiviogioia.lavocedelpaese.info\/index.php?rest_route=\/wp\/v2\/posts\/10374\/revisions"}],"wp:featuredmedia":[{"embeddable":true,"href":"https:\/\/archiviogioia.lavocedelpaese.info\/index.php?rest_route=\/wp\/v2\/media\/10363"}],"wp:attachment":[{"href":"https:\/\/archiviogioia.lavocedelpaese.info\/index.php?rest_route=%2Fwp%2Fv2%2Fmedia&parent=10374"}],"wp:term":[{"taxonomy":"category","embeddable":true,"href":"https:\/\/archiviogioia.lavocedelpaese.info\/index.php?rest_route=%2Fwp%2Fv2%2Fcategories&post=10374"},{"taxonomy":"post_tag","embeddable":true,"href":"https:\/\/archiviogioia.lavocedelpaese.info\/index.php?rest_route=%2Fwp%2Fv2%2Ftags&post=10374"}],"curies":[{"name":"wp","href":"https:\/\/api.w.org\/{rel}","templated":true}]}}