{"id":10808,"date":"2011-05-14T06:16:12","date_gmt":"2011-05-14T06:16:12","guid":{"rendered":"https:\/\/archiviogioia.lavocedelpaese.info\/?p=10808"},"modified":"2011-05-14T06:16:12","modified_gmt":"2011-05-14T06:16:12","slug":"i-bandi-per-assumere-12500-giovani-del-piano-lavoro-puglia-2","status":"publish","type":"post","link":"https:\/\/archiviogioia.lavocedelpaese.info\/?p=10808","title":{"rendered":"I BANDI PER ASSUMERE 12.500 GIOVANI DEL PIANO LAVORO PUGLIA"},"content":{"rendered":"<p><img loading=\"lazy\" decoding=\"async\" class=\" size-full wp-image-10800\" alt=\"piano-lavoro-puglia-confere\" src=\"https:\/\/archiviogioia.lavocedelpaese.info\/wp-content\/uploads\/2011\/05\/piano-lavoro-puglia-confere.jpg\" width=\"320\" height=\"150\" srcset=\"https:\/\/archiviogioia.lavocedelpaese.info\/wp-content\/uploads\/2011\/05\/piano-lavoro-puglia-confere.jpg 640w, https:\/\/archiviogioia.lavocedelpaese.info\/wp-content\/uploads\/2011\/05\/piano-lavoro-puglia-confere-300x141.jpg 300w\" sizes=\"auto, (max-width: 320px) 100vw, 320px\" \/> <\/p>\n<p><!--more--><\/p>\n<p style=\"text-align: justify;\"><strong><img loading=\"lazy\" decoding=\"async\" class=\" alignleft size-full wp-image-10801\" style=\"margin: 4px; float: left;\" alt=\"SISPUGLIA.DOCUMENTINo_tipo_file\" src=\"https:\/\/archiviogioia.lavocedelpaese.info\/wp-content\/uploads\/2011\/05\/SISPUGLIA.DOCUMENTINo_tipo_file.jpg\" width=\"220\" height=\"133\" \/>Con la pubblicazione di tre avvisi<\/strong> sul Bollettino Ufficiale della Regione Puglia n. 69 del 5\/5\/2011, <strong>il programma che mette a disposizione 340 milioni di euro complessivi per risollevare l&#8217;occupazione entra nel vivo<\/strong>, svelando nel concreto i caratteri innovativi di un <strong>meccanismo<\/strong> di accesso alle agevolazioni <strong>completamente inedito in Puglia<\/strong>.<\/p>\n<div style=\"text-align: justify;\"><\/div>\n<p style=\"text-align: justify;\">Ma c&#8217;\u00e8 di pi\u00f9: dopo i dati inquietanti sull&#8217;occupazione <strong>giovanile<\/strong>, il governo regionale ha portato uno dei tre avvisi, quello <strong>sull&#8217;apprendistato professionalizzante<\/strong>, da 10  a <strong>17milioni<\/strong>, estendendo dunque <strong>ad una platea di 12mila giovani i vantaggi dell&#8217;avviso<\/strong>.<img loading=\"lazy\" decoding=\"async\" class=\" alignright size-full wp-image-10803\" style=\"margin: 4px; float: right;\" alt=\"Nichi-Vendola-5\" src=\"https:\/\/archiviogioia.lavocedelpaese.info\/wp-content\/uploads\/2011\/05\/Nichi-Vendola-5.jpg\" width=\"170\" height=\"174\" srcset=\"https:\/\/archiviogioia.lavocedelpaese.info\/wp-content\/uploads\/2011\/05\/Nichi-Vendola-5.jpg 390w, https:\/\/archiviogioia.lavocedelpaese.info\/wp-content\/uploads\/2011\/05\/Nichi-Vendola-5-293x300.jpg 293w\" sizes=\"auto, (max-width: 170px) 100vw, 170px\" \/><\/p>\n<div style=\"text-align: justify;\"><\/div>\n<p style=\"text-align: justify;\"><strong>Gli altri due interventi riguardano l&#8217;alta formazione<\/strong> e la <strong>creazione di una rete o<\/strong><strong>rganizzata di punti informativi <\/strong>sul Piano del lavoro diffusi in tutto territorio regionale.<\/p>\n<div style=\"text-align: justify;\"><\/div>\n<p style=\"text-align: justify;\"><strong>Venti milioni di euro sono le risorse pubbliche complessive messe a disposizione dei bandi<\/strong>. <strong>Di questi <\/strong>fondi, 17 sono destinati all&#8217;apprendistato professionalizzane e <strong>3 riservati all&#8217;alta formazione<\/strong>, mentre l&#8217;avviso per aderire alla rete dei punti informativi sui bandi del Piano straordinario del Lavoro \u00e8 un&#8217;attivit\u00e0 trasversale a costo zero.<\/p>\n<div style=\"text-align: justify;\"><\/div>\n<p style=\"text-align: justify;\">Per l&#8217;apprendistato<img loading=\"lazy\" decoding=\"async\" class=\" alignleft size-full wp-image-10804\" style=\"margin: 4px; float: left;\" alt=\"apprendistato_falegnamer400_2\" src=\"https:\/\/archiviogioia.lavocedelpaese.info\/wp-content\/uploads\/2011\/05\/apprendistato_falegnamer400_2.jpg\" width=\"250\" height=\"188\" srcset=\"https:\/\/archiviogioia.lavocedelpaese.info\/wp-content\/uploads\/2011\/05\/apprendistato_falegnamer400_2.jpg 320w, https:\/\/archiviogioia.lavocedelpaese.info\/wp-content\/uploads\/2011\/05\/apprendistato_falegnamer400_2-300x225.jpg 300w\" sizes=\"auto, (max-width: 250px) 100vw, 250px\" \/> professionalizzante i<strong> destinatari <\/strong>della formazione sono<strong> 12mila giovani apprendisti<\/strong>, mentre il bando sull&#8217;alta formazione si rivolge a <strong>500 diplomati e laureati<\/strong>.<\/p>\n<div style=\"text-align: justify;\"><\/div>\n<p style=\"text-align: justify;\">La novit\u00e0 pi\u00f9 significativa dei due interventi \u00e8 che si tratta di <strong>Avvisi informatizzati e semplificati<\/strong>, con un ruolo fondamentale per la costruzione e la diffusione delle misure riconosciuto ai sindacati, alle associazioni di categoria e agli enti bilaterali.<\/p>\n<div style=\"text-align: justify;\"><\/div>\n<p style=\"text-align: justify;\">Ma l&#8217;aspetto innovativo \u00e8 anche nel fatto che <strong>gli interventi escono dalla nicchia dei bandi ed entrano in reti di <img loading=\"lazy\" decoding=\"async\" class=\" alignright size-full wp-image-10805\" style=\"margin: 4px; float: right;\" alt=\"disoccupati1\" src=\"https:\/\/archiviogioia.lavocedelpaese.info\/wp-content\/uploads\/2011\/05\/disoccupati1.jpg\" width=\"241\" height=\"151\" srcset=\"https:\/\/archiviogioia.lavocedelpaese.info\/wp-content\/uploads\/2011\/05\/disoccupati1.jpg 610w, https:\/\/archiviogioia.lavocedelpaese.info\/wp-content\/uploads\/2011\/05\/disoccupati1-300x188.jpg 300w\" sizes=\"auto, (max-width: 241px) 100vw, 241px\" \/>diffusione in grado di garantire una copertura capillare<\/strong> dei servizi informativi su tutto il territorio pugliese.<\/p>\n<div style=\"text-align: justify;\"><\/div>\n<p style=\"text-align: justify;\">Sono queste le novit\u00e0 che muoveranno nei prossimi mesi una <strong>mole complessa di attori e di forze<\/strong>: la <strong>Regione  Puglia<\/strong> (con la sua organizzazione amministrativa, tecnica e di Urp), i suoi <strong>portali istituzionali e i social network<\/strong>, ma anche gli <strong>Enti locali<\/strong> (con i loro uffici di relazioni con il pubblico), le strutture d<img loading=\"lazy\" decoding=\"async\" class=\" alignleft size-full wp-image-10806\" style=\"margin: 4px; float: left;\" alt=\"pd_informa\" src=\"https:\/\/archiviogioia.lavocedelpaese.info\/wp-content\/uploads\/2011\/05\/pd_informa.jpg\" width=\"116\" height=\"133\" \/>el <strong>terzo settore<\/strong>, i laboratori urbani, le <strong>scuole<\/strong> secondarie superiori, le <strong>universit\u00e0<\/strong>, i <strong>sindacati<\/strong> e ancora, i <strong>patronati<\/strong>, i <strong>caf<\/strong>, i confidi e le <strong>associazioni di categoria<\/strong>.<\/p>\n<div style=\"text-align: justify;\"><\/div>\n<p style=\"text-align: justify;\">Il tutto <strong>per eliminare <\/strong>quelle<strong> strozzature comunicative<\/strong> che si verificano dall&#8217;uscita di un bando sul Bollettino, al momento in cui viene conosciuto.<\/p>\n<div style=\"text-align: justify;\"><\/div>\n<p style=\"text-align: right;\">(Gruppo consiliare PD Regione Puglia)<\/p>\n<div style=\"text-align: justify;\"><\/div>\n<p style=\"text-align: justify;\"><strong>Scarica gli allegati<\/strong><\/p>\n<div style=\"text-align: justify;\">\n<ul>\n<li>Avviso Pubblico: Apprendistato Professionalizzante<a href=\"http:\/\/www.sistema.puglia.it\/portal\/pls\/portal\/SISPUGLIA.RPT_DETTAGLIO_DOC.show?p_arg_names=id&amp;p_arg_values=17459&amp;p_arg_names=_paginate&amp;p_arg_values=NO\" target=\"FrameCentrale\" title=\"Vai a: leggi\u00a0\u00bb\" rel=\"noopener\"> leggi\u00a0\u00bb <\/a><\/li>\n<li>Avviso Pubblico: Catalogo Interregionale Alta Formazione<a href=\"http:\/\/www.sistema.puglia.it\/portal\/pls\/portal\/SISPUGLIA.RPT_DETTAGLIO_DOC.show?p_arg_names=id&amp;p_arg_values=17461&amp;p_arg_names=_paginate&amp;p_arg_values=NO\" target=\"FrameCentrale\" title=\"Vai a: leggi\u00a0\u00bb\" rel=\"noopener\"> leggi\u00a0\u00bb <\/a><\/li>\n<li>Avviso Pubblico: Rete dei Nodi per l&#8217;Animazione del Piano del Lavoro<a href=\"http:\/\/www.sistema.puglia.it\/portal\/pls\/portal\/SISPUGLIA.RPT_DETTAGLIO_DOC.show?p_arg_names=id&amp;p_arg_values=17457&amp;p_arg_names=_paginate&amp;p_arg_values=NO\" target=\"FrameCentrale\" title=\"Vai a: leggi\u00a0\u00bb\" rel=\"noopener\"> leggi\u00a0\u00bb <\/a><\/li>\n<\/ul>\n<\/div>\n<p style=\"text-align: justify;\"><a href=\"http:\/\/www.regione.puglia.it\/web\/files\/lavoro\/Comunicato_Conf_stampa_Piano_Lavoro.pdf\">Comunicato confstampa Piano lavoro<\/a><\/p>\n","protected":false},"excerpt":{"rendered":"","protected":false},"author":1,"featured_media":10800,"comment_status":"open","ping_status":"closed","sticky":false,"template":"","format":"standard","meta":{"colormag_page_container_layout":"default_layout","colormag_page_sidebar_layout":"default_layout","footnotes":""},"categories":[9],"tags":[],"class_list":["post-10808","post","type-post","status-publish","format-standard","has-post-thumbnail","hentry","category-la-voce-del-paese"],"_links":{"self":[{"href":"https:\/\/archiviogioia.lavocedelpaese.info\/index.php?rest_route=\/wp\/v2\/posts\/10808","targetHints":{"allow":["GET"]}}],"collection":[{"href":"https:\/\/archiviogioia.lavocedelpaese.info\/index.php?rest_route=\/wp\/v2\/posts"}],"about":[{"href":"https:\/\/archiviogioia.lavocedelpaese.info\/index.php?rest_route=\/wp\/v2\/types\/post"}],"author":[{"embeddable":true,"href":"https:\/\/archiviogioia.lavocedelpaese.info\/index.php?rest_route=\/wp\/v2\/users\/1"}],"replies":[{"embeddable":true,"href":"https:\/\/archiviogioia.lavocedelpaese.info\/index.php?rest_route=%2Fwp%2Fv2%2Fcomments&post=10808"}],"version-history":[{"count":0,"href":"https:\/\/archiviogioia.lavocedelpaese.info\/index.php?rest_route=\/wp\/v2\/posts\/10808\/revisions"}],"wp:featuredmedia":[{"embeddable":true,"href":"https:\/\/archiviogioia.lavocedelpaese.info\/index.php?rest_route=\/wp\/v2\/media\/10800"}],"wp:attachment":[{"href":"https:\/\/archiviogioia.lavocedelpaese.info\/index.php?rest_route=%2Fwp%2Fv2%2Fmedia&parent=10808"}],"wp:term":[{"taxonomy":"category","embeddable":true,"href":"https:\/\/archiviogioia.lavocedelpaese.info\/index.php?rest_route=%2Fwp%2Fv2%2Fcategories&post=10808"},{"taxonomy":"post_tag","embeddable":true,"href":"https:\/\/archiviogioia.lavocedelpaese.info\/index.php?rest_route=%2Fwp%2Fv2%2Ftags&post=10808"}],"curies":[{"name":"wp","href":"https:\/\/api.w.org\/{rel}","templated":true}]}}