{"id":11001,"date":"2011-05-19T06:42:35","date_gmt":"2011-05-19T06:42:35","guid":{"rendered":"https:\/\/archiviogioia.lavocedelpaese.info\/?p=11001"},"modified":"2011-05-19T06:42:35","modified_gmt":"2011-05-19T06:42:35","slug":"oreste-castagna-accolto-da-300-bambini-estasiati-foto-2","status":"publish","type":"post","link":"https:\/\/archiviogioia.lavocedelpaese.info\/?p=11001","title":{"rendered":"ORESTE CASTAGNA ACCOLTO DA 300 BAMBINI ESTASIATI -foto-"},"content":{"rendered":"<p><img loading=\"lazy\" decoding=\"async\" class=\" size-full wp-image-10994\" alt=\"castagna-SF-Neri-pp067\" src=\"https:\/\/archiviogioia.lavocedelpaese.info\/wp-content\/uploads\/2011\/05\/castagna-SF-Neri-pp067.jpg\" width=\"320\" height=\"150\" srcset=\"https:\/\/archiviogioia.lavocedelpaese.info\/wp-content\/uploads\/2011\/05\/castagna-SF-Neri-pp067.jpg 640w, https:\/\/archiviogioia.lavocedelpaese.info\/wp-content\/uploads\/2011\/05\/castagna-SF-Neri-pp067-300x141.jpg 300w\" sizes=\"auto, (max-width: 320px) 100vw, 320px\" \/> <\/p>\n<p><!--more--><\/p>\n<p style=\"text-align: justify;\"><img loading=\"lazy\" decoding=\"async\" class=\" alignleft size-full wp-image-10995\" style=\"margin: 4px; float: left;\" alt=\"castagna-bambini-SF-Neri-09\" src=\"https:\/\/archiviogioia.lavocedelpaese.info\/wp-content\/uploads\/2011\/05\/castagna-bambini-SF-Neri-09.jpg\" width=\"250\" height=\"187\" srcset=\"https:\/\/archiviogioia.lavocedelpaese.info\/wp-content\/uploads\/2011\/05\/castagna-bambini-SF-Neri-09.jpg 591w, https:\/\/archiviogioia.lavocedelpaese.info\/wp-content\/uploads\/2011\/05\/castagna-bambini-SF-Neri-09-300x224.jpg 300w\" sizes=\"auto, (max-width: 250px) 100vw, 250px\" \/>Una l\u2019idea progettuale: \u201c<strong>Mass-media<\/strong>\u201d, <strong>tante<\/strong>, originali e in alcuni casi anche \u201c<strong>geniali<\/strong>\u201d le <strong>scelte<\/strong> \u201c<strong>grafico \u2013 editoriali<\/strong>\u201d attraverso cui tradurla in realt\u00e0.<\/p>\n<div style=\"text-align: justify;\"><\/div>\n<p style=\"text-align: justify;\">Nel progetto continuit\u00e0 del <strong>I Circolo San Filippo Neri<\/strong> un valore aggiunto alla creativit\u00e0 di docenti ed alunni: <strong>Oreste Castagna<\/strong>, <strong>autore e regista televisivo<\/strong>, che nel teatro Rossini \u00e8 stato <strong>accolto dai circa 300 bambini<\/strong> della scuola dell\u2019Infanzia e Primaria <strong>con applausi fragorosi ed entusiastici<\/strong>.<\/p>\n<div style=\"text-align: justify;\"><\/div>\n<p style=\"text-align: justify;\">Non accade tutti i giorni di vedere \u201cdal vivo\u201d uno dei personaggi della \u201c<strong>Melevisione<\/strong>\u201d e di cantarne insieme la  sigla. <img loading=\"lazy\" decoding=\"async\" class=\" alignright size-full wp-image-10996\" style=\"margin: 4px; float: right;\" alt=\"castagna-progetto-tv-SF-Ner\" src=\"https:\/\/archiviogioia.lavocedelpaese.info\/wp-content\/uploads\/2011\/05\/castagna-progetto-tv-SF-Ner.jpg\" width=\"250\" height=\"187\" srcset=\"https:\/\/archiviogioia.lavocedelpaese.info\/wp-content\/uploads\/2011\/05\/castagna-progetto-tv-SF-Ner.jpg 591w, https:\/\/archiviogioia.lavocedelpaese.info\/wp-content\/uploads\/2011\/05\/castagna-progetto-tv-SF-Ner-300x224.jpg 300w\" sizes=\"auto, (max-width: 250px) 100vw, 250px\" \/>Il dirigente, professor <strong>Giovanni Stano,<\/strong> dopo aver presentato il regista e sottolineato la valenza del progetto e dell\u2019attualit\u00e0 del tema trattato, ha lasciato la \u201cscena\u201d a \u201c<strong>Il cartastorie<\/strong>\u201d.<\/p>\n<div style=\"text-align: justify;\"><\/div>\n<p style=\"text-align: justify;\"><strong>Si \u00e8 aperto il sipario ed ha avuto inizio la magia<\/strong>!<\/p>\n<div style=\"text-align: justify;\"><\/div>\n<p style=\"text-align: justify;\">\u201cAppesi ad un filo c\u2019erano diversi cartoncini di varie dimensioni e colori \u2013 ci racconta <strong>Ezia Castellaneta<\/strong>, docente della scuola d\u2019Infanzia &#8211; a seconda della storia raccontata hanno preso forma. Un paio di forbici usate con estrema abilit\u00e0 hanno trasformato quei cartoncini in rondini, nuvole, soli, lupi, rane e farfalle, il tutto accompagnato da canzoni e movimenti <img loading=\"lazy\" decoding=\"async\" class=\" alignleft size-full wp-image-10997\" style=\"margin: 4px; float: left;\" alt=\"castagna-progetto-SF-Ner\" src=\"https:\/\/archiviogioia.lavocedelpaese.info\/wp-content\/uploads\/2011\/05\/castagna-progetto-SF-Ner.jpg\" width=\"250\" height=\"187\" srcset=\"https:\/\/archiviogioia.lavocedelpaese.info\/wp-content\/uploads\/2011\/05\/castagna-progetto-SF-Ner.jpg 591w, https:\/\/archiviogioia.lavocedelpaese.info\/wp-content\/uploads\/2011\/05\/castagna-progetto-SF-Ner-300x224.jpg 300w\" sizes=\"auto, (max-width: 250px) 100vw, 250px\" \/>che hanno coinvolto ed entusiasmato tutti\u00a0i bambini. <strong>E\u2019 stato emozionante vedere lo stupore<\/strong> disegnato sui loro volti ed ascoltare le esclamazioni di gioia, quando Oreste dalla sua borsa ha tirato fuori &#8221; DODO&#8217; &#8221; il mitico personaggio dell&#8217;Albero Azzurro!\u201d.<\/p>\n<div style=\"text-align: justify;\"><\/div>\n<p style=\"text-align: justify;\">Dopo lo spettacolo Oreste Castagna ha risposto alle numerose domande poste dai bambini e \u00a0incontrato il sindaco <strong>Piero Longo<\/strong>, di ritorno dall\u2019auditorium del Liceo Scientifico R. Canudo dove era in corso una conferenza con il medievista professor <strong>Franco Cardini<\/strong>.<\/p>\n<div style=\"text-align: justify;\"><\/div>\n<p style=\"text-align: justify;\"><img loading=\"lazy\" decoding=\"async\" class=\" alignright size-full wp-image-10998\" style=\"margin: 4px; float: right;\" alt=\"castagna-opere-SF-Neri-043\" src=\"https:\/\/archiviogioia.lavocedelpaese.info\/wp-content\/uploads\/2011\/05\/castagna-opere-SF-Neri-043.jpg\" width=\"250\" height=\"187\" srcset=\"https:\/\/archiviogioia.lavocedelpaese.info\/wp-content\/uploads\/2011\/05\/castagna-opere-SF-Neri-043.jpg 591w, https:\/\/archiviogioia.lavocedelpaese.info\/wp-content\/uploads\/2011\/05\/castagna-opere-SF-Neri-043-300x224.jpg 300w\" sizes=\"auto, (max-width: 250px) 100vw, 250px\" \/>Il regista si \u00e8 quindi recato alla San Filippo Neri per visitare la mostra dei lavori prodotti dagli alunni, tra l\u2019altro molto apprezzati.<\/p>\n<div style=\"text-align: justify;\"><\/div>\n<p style=\"text-align: justify;\">\u201c<strong>Gli spettacoli che proponiamo sono ispirati dagli stessi bambini con cui \u00e8 splendido interagire<\/strong>. In teatro \u2013 afferma <strong>Castagna<\/strong> &#8211; \u00e8 tangibile la percezione delle emozioni, \u00e8 su di esse, su questo piano che si comunica. Da loro si apprende tanto!\u201d.<\/p>\n<div style=\"text-align: justify;\"><\/div>\n<p style=\"text-align: justify;\">Negli occhi dei piccoli scolari, in fila verso l\u2019uscita, curiosit\u00e0 e sorrisi birichini, <strong>sanno di essere \u201cprotagonisti\u201d di un progetto pi\u00f9 grande di loro, di poter comunicare <img loading=\"lazy\" decoding=\"async\" class=\" alignleft size-full wp-image-10999\" style=\"margin: 4px; float: left;\" alt=\"castagna-staff-SF-Neri-012\" src=\"https:\/\/archiviogioia.lavocedelpaese.info\/wp-content\/uploads\/2011\/05\/castagna-staff-SF-Neri-012.jpg\" width=\"250\" height=\"187\" srcset=\"https:\/\/archiviogioia.lavocedelpaese.info\/wp-content\/uploads\/2011\/05\/castagna-staff-SF-Neri-012.jpg 591w, https:\/\/archiviogioia.lavocedelpaese.info\/wp-content\/uploads\/2011\/05\/castagna-staff-SF-Neri-012-300x224.jpg 300w\" sizes=\"auto, (max-width: 250px) 100vw, 250px\" \/>\u201csenza schermi\u201d con uno dei personaggi di quella \u201cscatola magica\u201d che tanto fascino esercita, in grado di rendere reale l\u2019irrealt\u00e0 e irreale la realt\u00e0. Nello sguardo del regista danza la stessa scintilla di fanciullesco entusiasmo, a conferma che si pu\u00f2 destare stupore solo se si \u00e8 capaci di stupirsi, abbandonando schemi e \u201cschermi\u201d per viverne la magia. <\/strong><\/p>\n<div style=\"text-align: justify;\"><\/div>\n<p style=\"text-align: justify;\"><strong>Esorcizzare la paura dell\u2019abbandono, della solitudine, enfatizzare comportamenti e talvolta esasperarli \u201cad arte\u201d<\/strong>, strategia vincente per porli al centro dell\u2019attenzione e, <strong>attraverso il linguaggio delle fiabe, educare ai valori dell\u2019amicizia, della solidariet\u00e0<\/strong>, sono questi gli obiettivi che si prefigge chi, come Oreste Castagna, sceglie di comunicare attraverso il teatro per poi portarne \u201ci frutti\u201d in televisione trasformandola in\u2026 \u201cMelevisione\u201d!<\/p>\n<p><object data=\"https:\/\/picasaweb.google.com\/s\/c\/bin\/slideshow.swf\" type=\"application\/x-shockwave-flash\" height=\"660\" width=\"660\"><param name=\"flashvars\" value=\"host=picasaweb.google.com&amp;hl=it&amp;feat=flashalbum&amp;RGB=0x000000&amp;feed=https%3A%2F%2Fpicasaweb.google.com%2Fdata%2Ffeed%2Fapi%2Fuser%2Fredazionegioianet%2Falbumid%2F5608392057799721201%3Falt%3Drss%26kind%3Dphoto%26authkey%3DGv1sRgCJX6nP7ZgtSKBw%26hl%3Dit\" \/><param name=\"src\" value=\"https:\/\/picasaweb.google.com\/s\/c\/bin\/slideshow.swf\" \/><\/object><\/p>\n","protected":false},"excerpt":{"rendered":"","protected":false},"author":1,"featured_media":10994,"comment_status":"open","ping_status":"closed","sticky":false,"template":"","format":"standard","meta":{"colormag_page_container_layout":"default_layout","colormag_page_sidebar_layout":"default_layout","footnotes":""},"categories":[6],"tags":[],"class_list":["post-11001","post","type-post","status-publish","format-standard","has-post-thumbnail","hentry","category-cultura"],"_links":{"self":[{"href":"https:\/\/archiviogioia.lavocedelpaese.info\/index.php?rest_route=\/wp\/v2\/posts\/11001","targetHints":{"allow":["GET"]}}],"collection":[{"href":"https:\/\/archiviogioia.lavocedelpaese.info\/index.php?rest_route=\/wp\/v2\/posts"}],"about":[{"href":"https:\/\/archiviogioia.lavocedelpaese.info\/index.php?rest_route=\/wp\/v2\/types\/post"}],"author":[{"embeddable":true,"href":"https:\/\/archiviogioia.lavocedelpaese.info\/index.php?rest_route=\/wp\/v2\/users\/1"}],"replies":[{"embeddable":true,"href":"https:\/\/archiviogioia.lavocedelpaese.info\/index.php?rest_route=%2Fwp%2Fv2%2Fcomments&post=11001"}],"version-history":[{"count":0,"href":"https:\/\/archiviogioia.lavocedelpaese.info\/index.php?rest_route=\/wp\/v2\/posts\/11001\/revisions"}],"wp:featuredmedia":[{"embeddable":true,"href":"https:\/\/archiviogioia.lavocedelpaese.info\/index.php?rest_route=\/wp\/v2\/media\/10994"}],"wp:attachment":[{"href":"https:\/\/archiviogioia.lavocedelpaese.info\/index.php?rest_route=%2Fwp%2Fv2%2Fmedia&parent=11001"}],"wp:term":[{"taxonomy":"category","embeddable":true,"href":"https:\/\/archiviogioia.lavocedelpaese.info\/index.php?rest_route=%2Fwp%2Fv2%2Fcategories&post=11001"},{"taxonomy":"post_tag","embeddable":true,"href":"https:\/\/archiviogioia.lavocedelpaese.info\/index.php?rest_route=%2Fwp%2Fv2%2Ftags&post=11001"}],"curies":[{"name":"wp","href":"https:\/\/api.w.org\/{rel}","templated":true}]}}