{"id":11523,"date":"2011-06-01T10:32:30","date_gmt":"2011-06-01T10:32:30","guid":{"rendered":"https:\/\/archiviogioia.lavocedelpaese.info\/?p=11523"},"modified":"2011-06-01T10:32:30","modified_gmt":"2011-06-01T10:32:30","slug":"giannino-mastrovito-un-grande-artista-antidivo-foto-2","status":"publish","type":"post","link":"https:\/\/archiviogioia.lavocedelpaese.info\/?p=11523","title":{"rendered":"GIANNINO MASTROVITO \u201cUN GRANDE ARTISTA ANTIDIVO\u201d -foto-"},"content":{"rendered":"<p><img loading=\"lazy\" decoding=\"async\" class=\" size-full wp-image-11510\" alt=\"giannino-mastrovito-e-banda\" src=\"https:\/\/archiviogioia.lavocedelpaese.info\/wp-content\/uploads\/2011\/06\/giannino-mastrovito-e-banda.jpg\" height=\"150\" width=\"320\" srcset=\"https:\/\/archiviogioia.lavocedelpaese.info\/wp-content\/uploads\/2011\/06\/giannino-mastrovito-e-banda.jpg 640w, https:\/\/archiviogioia.lavocedelpaese.info\/wp-content\/uploads\/2011\/06\/giannino-mastrovito-e-banda-300x141.jpg 300w\" sizes=\"auto, (max-width: 320px) 100vw, 320px\" \/> <\/p>\n<p><!--more--><\/p>\n<p style=\"text-align: justify;\"><strong><img loading=\"lazy\" decoding=\"async\" class=\" alignleft size-full wp-image-11513\" style=\"margin: 4px; float: left;\" alt=\"giannino-covella-prof\" src=\"https:\/\/archiviogioia.lavocedelpaese.info\/wp-content\/uploads\/2011\/06\/giannino-covella-prof.jpg\" height=\"166\" width=\"250\" srcset=\"https:\/\/archiviogioia.lavocedelpaese.info\/wp-content\/uploads\/2011\/06\/giannino-covella-prof.jpg 551w, https:\/\/archiviogioia.lavocedelpaese.info\/wp-content\/uploads\/2011\/06\/giannino-covella-prof-300x199.jpg 300w\" sizes=\"auto, (max-width: 250px) 100vw, 250px\" \/>Serata dedicata all\u2019arte della musica<\/strong>, luned\u00ec 30 maggio, presso il Teatro Comunale \u2018Rossini\u2019, <strong>in occasione della presentazione del libro di Paolo Covella<\/strong>: \u2018<strong>Giannino Mastrovito: il Pavarotti degli ottoni<\/strong>\u2019, edito Suma 2011.<\/p>\n<div style=\"text-align: justify;\"><\/div>\n<p style=\"text-align: justify;\"><strong>Un omaggio alla banda gioiese \u2018Paolo Falcicchio\u2019<\/strong>, con un dettagliato excursus storico dal \u201928 all\u201981, <strong>arricchito dai racconti dello stesso Giannino Mastrovito<\/strong>, presente al momento dell\u2019incontro. \u2018Pavarotti degli ottoni\u2019, data la morbidezza della voce e la perfezione della tecnica, Giannino Mastrovito \u00e8 stato <strong>per lungo tempo il simbolo riconosciuto della banda e della nostra citt\u00e0<\/strong>.<\/p>\n<div style=\"text-align: justify;\"><\/div>\n<p style=\"text-align: justify;\"><strong><img loading=\"lazy\" decoding=\"async\" class=\" alignright size-full wp-image-11515\" style=\"margin: 4px; float: right;\" alt=\"giannino-e-marvulli\" src=\"https:\/\/archiviogioia.lavocedelpaese.info\/wp-content\/uploads\/2011\/06\/giannino-e-marvulli.jpg\" height=\"166\" width=\"250\" srcset=\"https:\/\/archiviogioia.lavocedelpaese.info\/wp-content\/uploads\/2011\/06\/giannino-e-marvulli.jpg 551w, https:\/\/archiviogioia.lavocedelpaese.info\/wp-content\/uploads\/2011\/06\/giannino-e-marvulli-300x199.jpg 300w\" sizes=\"auto, (max-width: 250px) 100vw, 250px\" \/>Discendente da una famiglia di artigiani<\/strong> \u2013 gran parte degli artisti dell\u2019epoca provenivano dal ceto artigianale \u2013 <strong>fu un grande talento musicale<\/strong>. \u201cIl libro \u00e8 nato per la mia passione per la banda e per Giannino Mastrovito [\u2026]. Giannino \u00e8 <strong>una persona straordinaria dalla grande umilt\u00e0<\/strong> e, in un momento storico in cui l\u2019arte \u00e8 mercificata, ci\u00f2 assume una valenza particolare\u201d, cos\u00ec risponde Paolo Covella alla domanda del professor Marvulli \u2013 che ha moderato la presentazione del libro \u2013 su quale fosse stato il motivo della tematica scelta.<\/p>\n<div style=\"text-align: justify;\"><\/div>\n<p style=\"text-align: justify;\"><img loading=\"lazy\" decoding=\"async\" class=\" alignleft size-full wp-image-11517\" style=\"margin: 4px; float: left;\" alt=\"giannino-e-sindaco\" src=\"https:\/\/archiviogioia.lavocedelpaese.info\/wp-content\/uploads\/2011\/06\/giannino-e-sindaco.jpg\" height=\"166\" width=\"250\" srcset=\"https:\/\/archiviogioia.lavocedelpaese.info\/wp-content\/uploads\/2011\/06\/giannino-e-sindaco.jpg 551w, https:\/\/archiviogioia.lavocedelpaese.info\/wp-content\/uploads\/2011\/06\/giannino-e-sindaco-300x199.jpg 300w\" sizes=\"auto, (max-width: 250px) 100vw, 250px\" \/>In riguardo <strong>Pinuccio Scarpetta<\/strong>, presidente dell\u2019Associazione Amici della Musica, <strong>parla di Giannino Mastrovito come un uomo semplice, un \u2018antidivo\u2019<\/strong>. Inoltre Gianni Mastrovito <strong>fu allievo talentuoso di Giacomo Argenti<\/strong> \u2013 altra personalit\u00e0 di spicco della banda gioiese \u2013 ed, avviato agli studi della tromba e del corno, <strong>nel trombone rivers\u00f2 la sua vera passione<\/strong>. Nel \u201960 a causa di un\u2019appendicite che colp\u00ec il filicorno tenore, <strong>Angelo Gorgoni<\/strong>, Giannino, secondo tenore, ne prese il posto divenendo primo tenore.<\/p>\n<div style=\"text-align: justify;\"><\/div>\n<p style=\"text-align: justify;\"><strong>Molti sono i grandi maestri che l\u2019hanno diretto<\/strong>: <strong>Paolo Falcicchio<\/strong>, <strong>Raffaele Chiaia<\/strong>, <strong>Gioacchino Ligonzo<\/strong>, fino ad arrivare al giovane e promettente <strong>Michele <img loading=\"lazy\" decoding=\"async\" class=\" alignright size-full wp-image-11518\" style=\"margin: 4px; float: right;\" alt=\"giannino-saluti-banda\" src=\"https:\/\/archiviogioia.lavocedelpaese.info\/wp-content\/uploads\/2011\/06\/giannino-saluti-banda.jpg\" height=\"166\" width=\"250\" srcset=\"https:\/\/archiviogioia.lavocedelpaese.info\/wp-content\/uploads\/2011\/06\/giannino-saluti-banda.jpg 551w, https:\/\/archiviogioia.lavocedelpaese.info\/wp-content\/uploads\/2011\/06\/giannino-saluti-banda-300x199.jpg 300w\" sizes=\"auto, (max-width: 250px) 100vw, 250px\" \/>Marvulli<\/strong>. Il maestro Marvulli, <strong>direttore della banda \u2018Paolo Falcicchio\u2019 dal 1968<\/strong>, non presente all\u2019incontro fisicamente per problemi di salute, ma vicino grazie ad un collegamento telefonico, <strong>ha affermato<\/strong>: \u201c<strong>Non ho mai sentito suonare quello strumento in maniera migliore<\/strong>\u201d. Ed aggiunge: \u201cAveva l\u2019umilt\u00e0 di capire di non essere arrivato all\u2019apice, e che avrebbe potuto sempre migliorare, imparare [\u2026] <strong>Va tutta la mia ammirazione a quest\u2019uomo che amava ed ama l\u2019arte<\/strong>\u201d.<\/p>\n<div style=\"text-align: justify;\"><\/div>\n<p style=\"text-align: justify;\"><strong>Lo sguardo \u00e8 rivolto al momento di massimo <img loading=\"lazy\" decoding=\"async\" class=\" alignleft size-full wp-image-11519\" style=\"margin: 4px; float: left;\" alt=\"giannino-foto-gruppo\" src=\"https:\/\/archiviogioia.lavocedelpaese.info\/wp-content\/uploads\/2011\/06\/giannino-foto-gruppo.jpg\" height=\"166\" width=\"250\" srcset=\"https:\/\/archiviogioia.lavocedelpaese.info\/wp-content\/uploads\/2011\/06\/giannino-foto-gruppo.jpg 551w, https:\/\/archiviogioia.lavocedelpaese.info\/wp-content\/uploads\/2011\/06\/giannino-foto-gruppo-300x199.jpg 300w\" sizes=\"auto, (max-width: 250px) 100vw, 250px\" \/>splendore per la banda del paese<\/strong>, e sull\u2019argomento cocente del se si guarda al passato per non vedere il futuro o se lo si guarda in luce del presente, risponde il dott. <strong>Filippo Boscia<\/strong>, primario ospedaliero e cultore della storia della banda gioiese. \u201c<strong>\u00c9 facile apprezzare questo libro, perch\u00e9 esprime la grande qualit\u00e0 artistica di Giannino Mastrovito, e di una banda che non c\u2019\u00e8 pi\u00f9 da tempo<\/strong>. Aspettavamo l\u2019ingresso dei giovani diplomati al conservatorio, ma ne siamo rimasti delusi, perch\u00e9 <strong>non c\u2019\u00e8 pi\u00f9 il medesimo entusiasmo<\/strong>\u201d.<strong><img loading=\"lazy\" decoding=\"async\" class=\" alignright size-full wp-image-11520\" style=\"margin: 4px; float: right;\" alt=\"giannino-consegna-pergamena\" src=\"https:\/\/archiviogioia.lavocedelpaese.info\/wp-content\/uploads\/2011\/06\/giannino-consegna-pergamena.jpg\" height=\"166\" width=\"250\" srcset=\"https:\/\/archiviogioia.lavocedelpaese.info\/wp-content\/uploads\/2011\/06\/giannino-consegna-pergamena.jpg 551w, https:\/\/archiviogioia.lavocedelpaese.info\/wp-content\/uploads\/2011\/06\/giannino-consegna-pergamena-300x199.jpg 300w\" sizes=\"auto, (max-width: 250px) 100vw, 250px\" \/><\/strong><\/p>\n<div style=\"text-align: justify;\"><\/div>\n<p style=\"text-align: justify;\"><strong>In conclusione l\u2019intervento del Sindaco<\/strong> di Gioia del Colle, il dott. <strong>Piero Longo<\/strong>, il quale ha dimostrato <strong>una convinta difesa della tradizione bandista<\/strong>, in linea alle scelte politiche delle precedenti amministrazioni che sin dal 1992 vedono la Banda come Patrimonio del Comune di Gioia. Rivolgendosi all\u2019\u2018amico\u2019 e \u2018avversario\u2019 politico Paolo Covella afferma: \u201cTi sono grato per il riconoscimento ufficiale scritto sul libro [\u2026]. <strong>La banda \u00e8 sostenuta sia dalla sinistra che dalla destra, in quanto patrimonio della nostra citt\u00e0<\/strong>. <img loading=\"lazy\" decoding=\"async\" class=\" alignleft size-full wp-image-11521\" style=\"margin: 4px; float: left;\" alt=\"giannino-e-la-banda-di-gioi\" src=\"https:\/\/archiviogioia.lavocedelpaese.info\/wp-content\/uploads\/2011\/06\/giannino-e-la-banda-di-gioi.jpg\" height=\"166\" width=\"250\" srcset=\"https:\/\/archiviogioia.lavocedelpaese.info\/wp-content\/uploads\/2011\/06\/giannino-e-la-banda-di-gioi.jpg 551w, https:\/\/archiviogioia.lavocedelpaese.info\/wp-content\/uploads\/2011\/06\/giannino-e-la-banda-di-gioi-300x199.jpg 300w\" sizes=\"auto, (max-width: 250px) 100vw, 250px\" \/>La banda \u00e8 un bene che vogliamo tutelare\u201d.<\/p>\n<div style=\"text-align: justify;\"><\/div>\n<p style=\"text-align: justify;\">E continua: \u201c<strong>L\u2019abbiamo vista in attivo il giorno di Capodanno nel nostro teatro; l\u2019abbiamo portata a Roma <\/strong>alla Fiera Internazionale del Turismo dove c\u2019\u00e8 stato un collegamento con radio Due [\u2026]\u201d. A tal proposito Paolo Covella, data la recente vittoria della sinistra alle amministrative, con sottile ironia, chiede: \u201c<strong>E se mandassimo la banda \u2018Paolo Falcicchio\u2019 a Napoli e a Milano per festeggiare la giornata odierna?<\/strong>\u201d.<\/p>\n<p style=\"text-align: justify;\">Le foto sono opera di <strong>Mario Di Giuseppe <\/strong>che ringraziamo per la disponibilit\u00e0 dimostrata nei confronti della nostra Redazione.<\/p>\n<p><object data=\"https:\/\/picasaweb.google.com\/s\/c\/bin\/slideshow.swf\" type=\"application\/x-shockwave-flash\" height=\"660\" width=\"660\"><param name=\"flashvars\" value=\"host=picasaweb.google.com&amp;hl=it&amp;feat=flashalbum&amp;RGB=0x000000&amp;feed=https%3A%2F%2Fpicasaweb.google.com%2Fdata%2Ffeed%2Fapi%2Fuser%2Fredazionegioianet%2Falbumid%2F5613238558147152737%3Falt%3Drss%26kind%3Dphoto%26authkey%3DGv1sRgCOTszZmBv9rDpwE%26hl%3Dit\" \/><param name=\"src\" value=\"https:\/\/picasaweb.google.com\/s\/c\/bin\/slideshow.swf\" \/><\/object><\/p>\n","protected":false},"excerpt":{"rendered":"","protected":false},"author":1,"featured_media":11511,"comment_status":"open","ping_status":"closed","sticky":false,"template":"","format":"standard","meta":{"colormag_page_container_layout":"default_layout","colormag_page_sidebar_layout":"default_layout","footnotes":""},"categories":[7],"tags":[],"class_list":["post-11523","post","type-post","status-publish","format-standard","has-post-thumbnail","hentry","category-attualita"],"_links":{"self":[{"href":"https:\/\/archiviogioia.lavocedelpaese.info\/index.php?rest_route=\/wp\/v2\/posts\/11523","targetHints":{"allow":["GET"]}}],"collection":[{"href":"https:\/\/archiviogioia.lavocedelpaese.info\/index.php?rest_route=\/wp\/v2\/posts"}],"about":[{"href":"https:\/\/archiviogioia.lavocedelpaese.info\/index.php?rest_route=\/wp\/v2\/types\/post"}],"author":[{"embeddable":true,"href":"https:\/\/archiviogioia.lavocedelpaese.info\/index.php?rest_route=\/wp\/v2\/users\/1"}],"replies":[{"embeddable":true,"href":"https:\/\/archiviogioia.lavocedelpaese.info\/index.php?rest_route=%2Fwp%2Fv2%2Fcomments&post=11523"}],"version-history":[{"count":0,"href":"https:\/\/archiviogioia.lavocedelpaese.info\/index.php?rest_route=\/wp\/v2\/posts\/11523\/revisions"}],"wp:featuredmedia":[{"embeddable":true,"href":"https:\/\/archiviogioia.lavocedelpaese.info\/index.php?rest_route=\/wp\/v2\/media\/11511"}],"wp:attachment":[{"href":"https:\/\/archiviogioia.lavocedelpaese.info\/index.php?rest_route=%2Fwp%2Fv2%2Fmedia&parent=11523"}],"wp:term":[{"taxonomy":"category","embeddable":true,"href":"https:\/\/archiviogioia.lavocedelpaese.info\/index.php?rest_route=%2Fwp%2Fv2%2Fcategories&post=11523"},{"taxonomy":"post_tag","embeddable":true,"href":"https:\/\/archiviogioia.lavocedelpaese.info\/index.php?rest_route=%2Fwp%2Fv2%2Ftags&post=11523"}],"curies":[{"name":"wp","href":"https:\/\/api.w.org\/{rel}","templated":true}]}}