{"id":11528,"date":"2011-06-02T05:46:27","date_gmt":"2011-06-02T05:46:27","guid":{"rendered":"https:\/\/archiviogioia.lavocedelpaese.info\/?p=11528"},"modified":"2011-06-02T05:46:27","modified_gmt":"2011-06-02T05:46:27","slug":"giornata-creativita-i-virginiani-alloperarte","status":"publish","type":"post","link":"https:\/\/archiviogioia.lavocedelpaese.info\/?p=11528","title":{"rendered":"GIORNATA CREATIVITA\u2019, \u201cI VIRGILIANI ALL\u2019OPERARTE\u201d"},"content":{"rendered":"<p><img loading=\"lazy\" decoding=\"async\" class=\" size-full wp-image-11524\" alt=\"giornata-dellarte-pp\" src=\"https:\/\/archiviogioia.lavocedelpaese.info\/wp-content\/uploads\/2011\/06\/giornata-dellarte-pp.jpg\" height=\"150\" width=\"320\" srcset=\"https:\/\/archiviogioia.lavocedelpaese.info\/wp-content\/uploads\/2011\/06\/giornata-dellarte-pp.jpg 320w, https:\/\/archiviogioia.lavocedelpaese.info\/wp-content\/uploads\/2011\/06\/giornata-dellarte-pp-300x141.jpg 300w\" sizes=\"auto, (max-width: 320px) 100vw, 320px\" \/> <\/p>\n<p><!--more--><\/p>\n<p style=\"text-align: justify;\"><strong><img loading=\"lazy\" decoding=\"async\" class=\" alignleft size-full wp-image-11527\" style=\"margin: 4px; float: left;\" alt=\"liceo-artistico-300x238\" src=\"https:\/\/archiviogioia.lavocedelpaese.info\/wp-content\/uploads\/2011\/06\/liceo-artistico-300x238.jpg\" height=\"198\" width=\"250\" \/>In occasione della giornata dell\u2019arte e della creativit\u00e0 studentesca<\/strong> che si terr\u00e0 <strong>mercoled\u00ec 8 giugno<\/strong> <strong>2011<\/strong>, dalle ore 9,30 alle 12,30, <strong>la comunit\u00e0 studentesca del Liceo Classico<\/strong> \u201cPublio Virgilio Marone\u201d di Gioia del Colle <strong>si impegner\u00e0 <\/strong>in varie attivit\u00e0 che esprimono le pi\u00f9 originali energie e qualit\u00e0 degli studenti in campo <strong>fotografico<\/strong>, <strong>pittorico-grafico<\/strong>, <strong>musicale<\/strong> e della <strong>scrittura poetica<\/strong>.<\/p>\n<div style=\"text-align: justify;\"><\/div>\n<p style=\"text-align: justify;\"><strong>Studenti ed ex-studenti<\/strong> in un clima di vivace partecipazione <strong>si esibiranno ed esporranno le loro realizzazioni<\/strong>, alcune estemporanee, <strong>nell\u2019atrio del Liceo<\/strong>.<\/p>\n<div style=\"text-align: justify;\"><\/div>\n<p style=\"text-align: justify;\"><strong>La comunit\u00e0 scolastica e locale \u00e8\u00a0invitata a partecipare<\/strong>.<\/p>\n","protected":false},"excerpt":{"rendered":"","protected":false},"author":1,"featured_media":11525,"comment_status":"open","ping_status":"closed","sticky":false,"template":"","format":"standard","meta":{"colormag_page_container_layout":"default_layout","colormag_page_sidebar_layout":"default_layout","footnotes":""},"categories":[6],"tags":[],"class_list":["post-11528","post","type-post","status-publish","format-standard","has-post-thumbnail","hentry","category-cultura"],"_links":{"self":[{"href":"https:\/\/archiviogioia.lavocedelpaese.info\/index.php?rest_route=\/wp\/v2\/posts\/11528","targetHints":{"allow":["GET"]}}],"collection":[{"href":"https:\/\/archiviogioia.lavocedelpaese.info\/index.php?rest_route=\/wp\/v2\/posts"}],"about":[{"href":"https:\/\/archiviogioia.lavocedelpaese.info\/index.php?rest_route=\/wp\/v2\/types\/post"}],"author":[{"embeddable":true,"href":"https:\/\/archiviogioia.lavocedelpaese.info\/index.php?rest_route=\/wp\/v2\/users\/1"}],"replies":[{"embeddable":true,"href":"https:\/\/archiviogioia.lavocedelpaese.info\/index.php?rest_route=%2Fwp%2Fv2%2Fcomments&post=11528"}],"version-history":[{"count":0,"href":"https:\/\/archiviogioia.lavocedelpaese.info\/index.php?rest_route=\/wp\/v2\/posts\/11528\/revisions"}],"wp:featuredmedia":[{"embeddable":true,"href":"https:\/\/archiviogioia.lavocedelpaese.info\/index.php?rest_route=\/wp\/v2\/media\/11525"}],"wp:attachment":[{"href":"https:\/\/archiviogioia.lavocedelpaese.info\/index.php?rest_route=%2Fwp%2Fv2%2Fmedia&parent=11528"}],"wp:term":[{"taxonomy":"category","embeddable":true,"href":"https:\/\/archiviogioia.lavocedelpaese.info\/index.php?rest_route=%2Fwp%2Fv2%2Fcategories&post=11528"},{"taxonomy":"post_tag","embeddable":true,"href":"https:\/\/archiviogioia.lavocedelpaese.info\/index.php?rest_route=%2Fwp%2Fv2%2Ftags&post=11528"}],"curies":[{"name":"wp","href":"https:\/\/api.w.org\/{rel}","templated":true}]}}