{"id":12,"date":"2010-01-08T01:57:09","date_gmt":"2010-01-08T01:57:09","guid":{"rendered":"https:\/\/archiviogioia.lavocedelpaese.info\/?p=12"},"modified":"2010-01-08T01:57:09","modified_gmt":"2010-01-08T01:57:09","slug":"lettera-della-cia-sulle-politiche-sociali","status":"publish","type":"post","link":"https:\/\/archiviogioia.lavocedelpaese.info\/?p=12","title":{"rendered":"LETTERA DELLA C.I.A. SULLE POLITICHE SOCIALI"},"content":{"rendered":"<p><img loading=\"lazy\" decoding=\"async\" class=\" alignleft size-full wp-image-11\" style=\"margin: 5px; float: left;\" alt=\"associazione-pensionati\" src=\"https:\/\/archiviogioia.lavocedelpaese.info\/wp-content\/uploads\/2010\/01\/associazione-pensionati.jpg\" width=\"320\" height=\"150\" srcset=\"https:\/\/archiviogioia.lavocedelpaese.info\/wp-content\/uploads\/2010\/01\/associazione-pensionati.jpg 640w, https:\/\/archiviogioia.lavocedelpaese.info\/wp-content\/uploads\/2010\/01\/associazione-pensionati-300x141.jpg 300w\" sizes=\"auto, (max-width: 320px) 100vw, 320px\" \/> <\/p>\n<p><!--more--><\/p>\n<p style=\"text-align: justify;\">In data 28 ottobre 2009 la C.I.A &#8211; Confederazione Italiana Agricoltori e la A.N.P. &#8211; Associazione Nazionale Pensionati &#8211; sede di Gioia del Colle &#8211; hanno depositato presso il protocollo del nostro Comune una <strong>lettera aperta<\/strong>, indirizzata ai sindaci del Distretto Socio Sanitario 13, ai Capi Gruppo Consiliari e al Direttore del Distretto, in cui invitavano il Sindaco capofila del Distretto Socio Sanitario &#8211; Piero Longo &#8211; a voler convocare il Comitato dei Sindaci per procedere alla\u00a0 predisposizione del <strong>Piano Attuativo Territoriale<\/strong> (PAT) e delle politiche assistenziali pi\u00f9 adeguato ai reali bisogni della collettivit\u00e0 e, successivamente, dopo aver monitorato e verificato la concreta applicazione delle politiche socio-sanitarie ed assistenziali, ad attivare i tavoli di concertazione comunali permanenti tra i diversi livelli istituzionali e le organizzazioni sindacali, di categoria, gli organismi di rappresentanza del volontariato e della cooperazione sociale, presenti sul territorio. Richiesta a tutt\u2019oggi ancora inevasa.<\/p>\n<div style=\"text-align: justify;\"><\/div>\n<h4 style=\"text-align: justify;\"><strong>LETTERA APERTA &#8211; Ai Signori Sindaci del Distretto Socio Sanitario n. 13<\/strong><\/h4>\n<div style=\"text-align: justify;\"><\/div>\n<p style=\"text-align: justify;\"><strong><span style=\"text-decoration: underline;\"> <\/span><\/strong><\/p>\n<div style=\"text-align: justify;\"><\/div>\n<p style=\"text-align: justify;\"><strong> <\/strong><\/p>\n<div style=\"text-align: justify;\"><\/div>\n<p style=\"text-align: justify;\"><strong> <\/strong><\/p>\n<div style=\"text-align: justify;\"><\/div>\n<p style=\"text-align: justify;\"><strong>Oggetto: politiche sociali, sanitarie, assistenziali &#8211; anziani<\/strong><\/p>\n<div style=\"text-align: justify;\"><\/div>\n<p style=\"text-align: justify;\"><span style=\"text-decoration: underline;\"> <\/span><\/p>\n<div style=\"text-align: justify;\"><\/div>\n<p style=\"text-align: justify;\"><strong> <st1:personname productid=\"La legge Regionale\" w:st=\"on\">La legge Regionale<\/st1:personname> n. 19\/2006, <st1:personname productid=\"La legge Regionale\" w:st=\"on\">La legge Regionale<\/st1:personname> n. 25\/2006, il Piano Regionale di Salute 2008\/2010, il Piano Attuativo Locale, il Piano Attuativo Territoriale, sono gli strumenti \u00a0legislativi della nuova programmazione regionale in materia di salute\u00a0 che dovrebbero determinare la svolta storica della politica socio-sanitaria in Puglia.<\/strong><\/p>\n<div style=\"text-align: justify;\"><\/div>\n<p style=\"text-align: justify;\"><strong> <\/strong><\/p>\n<div style=\"text-align: justify;\"><\/div>\n<p style=\"text-align: justify;\"><strong>PURTROPPO DOBBIAMO CONSTATARE CHE AD OLTRE TRE ANNI DALL\u2019APPROVAZIONE DELLA LEGGE 25\/06 NON SI SONO ANCORA VISTI RISULTATI CONCRETI.<\/strong><\/p>\n<div style=\"text-align: justify;\"><\/div>\n<p style=\"text-align: justify;\"><strong> <\/strong><\/p>\n<div style=\"text-align: justify;\"><\/div>\n<p style=\"text-align: justify;\">L\u2019Associazione Nazionale Pensionati della C.I.A. condivide le linee programmatiche previste dalla legislazione regionale e su questi temi ha presentato all\u2019attenzione dei Sindaci, \u00a0pubbliche assemblee, le proposte relative alle politiche socio-sanitarie per l\u2019attuazione dei programmi dei distretti socio-sanitari.<\/p>\n<div style=\"text-align: justify;\"><\/div>\n<p style=\"text-align: justify;\">In particolare:<\/p>\n<div style=\"text-align: justify;\">\n<ul>\n<li><strong>il rilancio della prevenzione primaria e secondaria;<\/strong><\/li>\n<li><strong>il potenziamento dell\u2019assistenza integrata domiciliare;<\/strong><\/li>\n<li><strong>la rilevazione dei reali bisogni e delle esigenze degli anziani attraverso un accurato monitoraggio,<\/strong><\/li>\n<li><strong>la continuit\u00e0 dell\u2019assistenza nell\u2019arco delle 24 ore e per tutti i sette giorni della settimana;<\/strong><\/li>\n<li><strong>la garanzia delle cure domiciliari evitando quanto pi\u00f9 \u00e8 possibile i ricoveri ospedalieri;<\/strong><\/li>\n<li><strong>l\u2019attivazione delle Unit\u00e0 Territoriali di Assistenza Primaria;<\/strong><\/li>\n<li><strong>la centralit\u00e0 del Medico di Famiglia quale punto di riferimento dei bisogni di salute dei cittadini;<\/strong><\/li>\n<li><strong>l\u2019abbattimento delle liste di attesa;<\/strong><\/li>\n<li><strong>l\u2019applicazione della convenzione relativa alle cure dentarie;<\/strong><\/li>\n<li><strong>l\u2019elaborazione, da parte degli Enti Locali, di politiche sociali che tengano anche conto di sgravi fiscali ed esenzioni tributarie in favore degli anziani.<\/strong> <\/li>\n<\/ul>\n<\/div>\n<p style=\"text-align: justify;\">L\u2019A.N.P. \u2013 C.I.A. \u00e8 consapevole della gravit\u00e0 della crisi che stiamo attraversando e del\u00a0 rischio che venga pagata solo dalle categorie pi\u00f9 deboli e dagli anziani; considera prioritario garantire una migliore qualit\u00e0 della vita ai cittadini della terza et\u00e0, evitandone l\u2019isolamento e la solitudine; <strong>ritiene necessario ed indispensabile riprendere con forza la discussione su questi temi, insieme<\/strong> <strong>ai responsabili del Distretto Socio Sanitario<\/strong>, per accelerare l\u2019attuazione della programmazione socio sanitaria ed assistenziale, iniziando dalla elaborazione del Piano Attuativo Territoriale di cui si deve ancora dotare il Distretto Socio Sanitario.<\/p>\n<div style=\"text-align: justify;\"><\/div>\n<p style=\"text-align: justify;\"><strong>A questo proposito invita il Sindaco capofila del Distretto Socio Sanitario a voler convocare il Comitato dei Sindaci, previsto dall\u2019art. 4 della legge 25\/06, affinch\u00e9, tutti insieme, e con il contributo determinante del Direttore del Distretto Socio Sanitario, si proceda alla\u00a0 predisposizione\u00a0 del Piano Attuativo Territoriale e delle politiche assistenziali.<\/strong><\/p>\n<div style=\"text-align: justify;\"><\/div>\n<p style=\"text-align: justify;\">Invita, quindi, i Sindaci a voler attivare, insieme alla Direzione del Distretto Socio Sanitario, i tavoli di concertazione comunali permanenti, previsti dall\u2019art. 4 della legge 19\/06, tra i diversi livelli istituzionali e le organizzazioni sindacali, di categoria, gli organismi di rappresentanza del volontariato e della cooperazione sociale, presenti sul territorio, <strong>affinch\u00e9 si elabori un P.A.T. quanto pi\u00f9 adeguato ai reali bisogni della collettivit\u00e0 e, successivamente, venga monitorato e verificata la concreta applicazione delle politiche socio-sanitarie ed assistenziali. <\/strong><\/p>\n<div style=\"text-align: justify;\"><\/div>\n<p style=\"text-align: justify;\">Inoltre, <strong>l\u2019AN.P. \u2013 C.I.A,<\/strong> <strong>chiede al Sindaco Capofila del Distretto Socio Sanitario un incontro per discutere e concretizzare le iniziative necessarie per l\u2019elaborazione e l\u2019attuazione del Piano Attuativo Territoriale<\/strong>.\u00a0\u00a0 <strong> <\/strong><\/p>\n<div style=\"text-align: justify;\"><\/div>\n<p style=\"text-align: justify;\">L\u2019A.N.P. \u2013 C.I.A. \u00e8 costantemente impegnata in una campagna di informazione per sensibilizzare i cittadini su questi temi e renderli protagonisti della svolta storica del sistema socio-sanitario pugliese, per superare il divario tra Nord e Sud e garantire il diritto alla Salute sancito dalla Costituzione.<\/p>\n<div style=\"text-align: justify;\"><\/div>\n<p style=\"text-align: justify;\">Confidiamo nel ruolo decisivo degli Enti Locali, come previsto dalla legge 25\/06, per la realizzazione della riforma socio-sanitaria, per una migliore qualit\u00e0 della vita e della salute dei cittadini.<\/p>\n<p>\u00a0<\/p>\n","protected":false},"excerpt":{"rendered":"","protected":false},"author":1,"featured_media":11,"comment_status":"open","ping_status":"closed","sticky":false,"template":"","format":"standard","meta":{"colormag_page_container_layout":"default_layout","colormag_page_sidebar_layout":"default_layout","footnotes":""},"categories":[9],"tags":[],"class_list":["post-12","post","type-post","status-publish","format-standard","has-post-thumbnail","hentry","category-la-voce-del-paese"],"_links":{"self":[{"href":"https:\/\/archiviogioia.lavocedelpaese.info\/index.php?rest_route=\/wp\/v2\/posts\/12","targetHints":{"allow":["GET"]}}],"collection":[{"href":"https:\/\/archiviogioia.lavocedelpaese.info\/index.php?rest_route=\/wp\/v2\/posts"}],"about":[{"href":"https:\/\/archiviogioia.lavocedelpaese.info\/index.php?rest_route=\/wp\/v2\/types\/post"}],"author":[{"embeddable":true,"href":"https:\/\/archiviogioia.lavocedelpaese.info\/index.php?rest_route=\/wp\/v2\/users\/1"}],"replies":[{"embeddable":true,"href":"https:\/\/archiviogioia.lavocedelpaese.info\/index.php?rest_route=%2Fwp%2Fv2%2Fcomments&post=12"}],"version-history":[{"count":0,"href":"https:\/\/archiviogioia.lavocedelpaese.info\/index.php?rest_route=\/wp\/v2\/posts\/12\/revisions"}],"wp:featuredmedia":[{"embeddable":true,"href":"https:\/\/archiviogioia.lavocedelpaese.info\/index.php?rest_route=\/wp\/v2\/media\/11"}],"wp:attachment":[{"href":"https:\/\/archiviogioia.lavocedelpaese.info\/index.php?rest_route=%2Fwp%2Fv2%2Fmedia&parent=12"}],"wp:term":[{"taxonomy":"category","embeddable":true,"href":"https:\/\/archiviogioia.lavocedelpaese.info\/index.php?rest_route=%2Fwp%2Fv2%2Fcategories&post=12"},{"taxonomy":"post_tag","embeddable":true,"href":"https:\/\/archiviogioia.lavocedelpaese.info\/index.php?rest_route=%2Fwp%2Fv2%2Ftags&post=12"}],"curies":[{"name":"wp","href":"https:\/\/api.w.org\/{rel}","templated":true}]}}