{"id":12563,"date":"2011-07-01T06:16:51","date_gmt":"2011-07-01T06:16:51","guid":{"rendered":"https:\/\/archiviogioia.lavocedelpaese.info\/?p=12563"},"modified":"2011-07-01T06:16:51","modified_gmt":"2011-07-01T06:16:51","slug":"io-e-i-cccp-una-storia-fotografica-e-orale","status":"publish","type":"post","link":"https:\/\/archiviogioia.lavocedelpaese.info\/?p=12563","title":{"rendered":"IO E I CCCP \u2013 UNA STORIA FOTOGRAFICA E ORALE"},"content":{"rendered":"<p><img loading=\"lazy\" decoding=\"async\" class=\" size-full wp-image-12557\" alt=\"cccp-gruppo-storico\" src=\"https:\/\/archiviogioia.lavocedelpaese.info\/wp-content\/uploads\/2011\/07\/cccp-gruppo-storico.jpg\" height=\"150\" width=\"320\" srcset=\"https:\/\/archiviogioia.lavocedelpaese.info\/wp-content\/uploads\/2011\/07\/cccp-gruppo-storico.jpg 320w, https:\/\/archiviogioia.lavocedelpaese.info\/wp-content\/uploads\/2011\/07\/cccp-gruppo-storico-300x141.jpg 300w\" sizes=\"auto, (max-width: 320px) 100vw, 320px\" \/> <\/p>\n<p><!--more--><\/p>\n<p style=\"text-align: justify;\"><img loading=\"lazy\" decoding=\"async\" class=\" alignleft size-full wp-image-12558\" style=\"margin: 4px; float: left;\" alt=\"io-e-i-cccp-distr-nda_articleimage\" src=\"https:\/\/archiviogioia.lavocedelpaese.info\/wp-content\/uploads\/2011\/07\/io-e-i-cccp-distr-nda_articleimage.jpg\" height=\"188\" width=\"250\" srcset=\"https:\/\/archiviogioia.lavocedelpaese.info\/wp-content\/uploads\/2011\/07\/io-e-i-cccp-distr-nda_articleimage.jpg 316w, https:\/\/archiviogioia.lavocedelpaese.info\/wp-content\/uploads\/2011\/07\/io-e-i-cccp-distr-nda_articleimage-300x225.jpg 300w\" sizes=\"auto, (max-width: 250px) 100vw, 250px\" \/>Marted\u00ec <strong>12 luglio<\/strong>, \u201cnell&#8217;antica polleria del corso ora nota come <strong>Arci Lebowski<\/strong> &#8211; recita il comunicato pubblicato da <strong>Maria Cristina De Carlo<\/strong> &#8211; <strong>Umberto Negri<\/strong>, primo bassista e co-fondatore insieme a <strong>Zamboni e Ferretti<\/strong> del fenomeno politico \u2013 culturale &#8211; eversivo musicale all&#8217;anagrafe noto come \u201c<strong>CCCP &#8211; Fedeli alla linea<\/strong>\u201d presenter\u00e0 \u201c<strong>Io e i CCCP<\/strong>\u201d, una raccolta di immagini che ricostruisce l\u2019esperienza pi\u00f9 innovativa del rock italiano, contaminato dal fascino della ribellione del punk.<\/p>\n<div style=\"text-align: justify;\"><\/div>\n<p style=\"text-align: justify;\"><strong>In questa insolita pubblicazione Umberto Negri<\/strong>, chitarrista e bassista, <strong>si racconta attraverso centinaia di scatti fotografici<\/strong>,\u00a0 ripercorrendo a parole ed immagini i primi passi del gruppo emiliano che abbandon\u00f2 nel 1985, dopo il successo di \u201c<strong>Affinit\u00e0 e divergenze<\/strong>&#8220;, album in cui proprio non si riconosceva.<img loading=\"lazy\" decoding=\"async\" class=\" alignright size-full wp-image-12559\" style=\"margin: 4px; float: right;\" alt=\"04-1982-13-Berlin\" src=\"https:\/\/archiviogioia.lavocedelpaese.info\/wp-content\/uploads\/2011\/07\/04-1982-13-Berlin.jpg\" height=\"167\" width=\"250\" srcset=\"https:\/\/archiviogioia.lavocedelpaese.info\/wp-content\/uploads\/2011\/07\/04-1982-13-Berlin.jpg 720w, https:\/\/archiviogioia.lavocedelpaese.info\/wp-content\/uploads\/2011\/07\/04-1982-13-Berlin-300x200.jpg 300w\" sizes=\"auto, (max-width: 250px) 100vw, 250px\" \/><\/p>\n<div style=\"text-align: justify;\"><\/div>\n<p style=\"text-align: justify;\">\u201c<strong>Cinquant&#8217;anni circa, giacca a vento, capello corto e brizzolato<\/strong>, occhialini sobri ma di classe\u201d cos\u00ec viene descritto <strong>Umberto Negri<\/strong> &#8211; oggi insegnante e avvocato in quel di Torino &#8211; durante la presentazione del libro.<\/p>\n<div style=\"text-align: justify;\"><\/div>\n<p style=\"text-align: justify;\">\u201c<strong>I CCCP<\/strong> \u2013 racconta Negri &#8211; \u00a0<strong>sono nati nella povert\u00e0 pi\u00f9 assoluta<\/strong> (di strumentazione, di strutture, di denaro&#8230;) e nel giro di qualche anno si sono ritrovati a fare sold out nei club pi\u00f9 importanti della penisola. <strong>Siamo passati dagli insulti pesanti delle origini, alla venerazione pi\u00f9 bieca<\/strong><img loading=\"lazy\" decoding=\"async\" class=\" alignleft size-full wp-image-12560\" style=\"margin: 4px; float: left;\" alt=\"10-1982-01-Fellegara\" src=\"https:\/\/archiviogioia.lavocedelpaese.info\/wp-content\/uploads\/2011\/07\/10-1982-01-Fellegara.jpg\" height=\"167\" width=\"250\" srcset=\"https:\/\/archiviogioia.lavocedelpaese.info\/wp-content\/uploads\/2011\/07\/10-1982-01-Fellegara.jpg 720w, https:\/\/archiviogioia.lavocedelpaese.info\/wp-content\/uploads\/2011\/07\/10-1982-01-Fellegara-300x200.jpg 300w\" sizes=\"auto, (max-width: 250px) 100vw, 250px\" \/> da parte di gente che voleva sentire \u2018Spara Jurij\u2019 e ce la chiedeva fin dal primo pezzo. La imploravano senza nemmeno sapere che era dedicata a Jurij Andropov\u2026 I CCCP hanno fatto benissimo a continuare, a firmare il contratto con la Virgin e a fare i duetti con <strong>Amanda Lear<\/strong>\u2026 Ero io che non volevo pi\u00f9 fare quella vita l\u00ec. <strong>Per me suonare \u00e8 sempre stata una sorta di telepatia col pubblico<\/strong>. E fulmini di comprensione reciproca tra l\u2019audience e la band. <strong>La nostra era essenzialmente poetica della politica.<\/strong> I cantautori hanno la poetica dell\u2019amore senza per questo essere dei Casanova, e noi avevamo l\u2019attualit\u00e0 politica di quegli anni del riflusso. E da l\u00ec sfociammo i<img loading=\"lazy\" decoding=\"async\" class=\" alignright size-full wp-image-12561\" style=\"margin: 4px; float: right;\" alt=\"19-1983-11-Berlin\" src=\"https:\/\/archiviogioia.lavocedelpaese.info\/wp-content\/uploads\/2011\/07\/19-1983-11-Berlin.jpg\" height=\"167\" width=\"250\" srcset=\"https:\/\/archiviogioia.lavocedelpaese.info\/wp-content\/uploads\/2011\/07\/19-1983-11-Berlin.jpg 720w, https:\/\/archiviogioia.lavocedelpaese.info\/wp-content\/uploads\/2011\/07\/19-1983-11-Berlin-300x200.jpg 300w\" sizes=\"auto, (max-width: 250px) 100vw, 250px\" \/>n qualcos\u2019altro.\u201d<\/p>\n<div style=\"text-align: justify;\"><\/div>\n<p style=\"text-align: justify;\">\u201c<strong>Io sono uno che non butta via niente<\/strong> \u2013 ci confida <strong>Umberto Negri<\/strong> &#8211; nella soffitta della casa di Reggio Emilia ho ancora i quaderni della prima elementare. Un giorno ho rimesso le mani sul raccoglitore dei negativi in bianco e nero, dopo averlo abbandonato per venticinque anni in un angolo della libreria e, compulsivamente, ho scannerizzato circa <strong>1300 scatti, 37 rullini dal 1982 al 1986<\/strong>. Tra questi ho selezionato quelli che in qualche modo riguardavano i \u201cCCCP Fedeli alla linea\u201d. Tutti fan<img loading=\"lazy\" decoding=\"async\" class=\" alignleft size-full wp-image-12562\" style=\"margin: 4px; float: left;\" alt=\"zamboni\" src=\"https:\/\/archiviogioia.lavocedelpaese.info\/wp-content\/uploads\/2011\/07\/zamboni.jpg\" height=\"241\" width=\"159\" srcset=\"https:\/\/archiviogioia.lavocedelpaese.info\/wp-content\/uploads\/2011\/07\/zamboni.jpg 305w, https:\/\/archiviogioia.lavocedelpaese.info\/wp-content\/uploads\/2011\/07\/zamboni-198x300.jpg 198w\" sizes=\"auto, (max-width: 159px) 100vw, 159px\" \/>no foto. E la maggior parte di queste immagini sono uguali tra loro, indistinguibili. Ma <strong>ci sono occasioni che rendono alcuni scatti unici<\/strong>. E <strong>le<\/strong> mie <strong>foto dei CCCP<\/strong> potrebbero fare parte di questa categoria. <strong>Le ho portate con me per anni perch\u00e9 costituiscono una parte rilevante della mia identit\u00e0<\/strong>. Nello scattare queste immagini avevo pretese estetiche ed espressive. Quando le ho fatte ero alla ricerca della \u201cfoto perfetta\u201d. All\u2019epoca sviluppavo i negativi in casa &#8211; causando a volte anche dei danni &#8211; e le stampavo nella mia stanza trasformata in camera oscura.\u201d<\/p>\n<div style=\"text-align: justify;\"><\/div>\n<p style=\"text-align: justify;\">I CCCP, <strong>fenomeno musicale ma anche di costume<\/strong>, con le loro sfilate di moda filo sovietica, contraddittori e provocatori, <strong>portarono l\u2019estetica del Punk di Berlino in Emilia<\/strong>, mescolando \u201cle melodie della tradizione della loro terra con i suoni distorti, elettrici, metallici, della ribellione generazionale\u201d.<\/p>\n<p style=\"text-align: justify;\">&#8220;Durante la serata &#8211; precisano i soci dell&#8217;Arci &#8211; verranno proiettate foto e piccoli filmati  inediti, cui seguir\u00e0 uno showcase in cui Umberto con la collaborazione  del chitarrista <strong>Francesco Casabianca dei Bunker Club<\/strong> riproporr\u00e0 live i  brani che hanno segnato la storia dei CCCP e della musica italiana. L\u2019evento \u00e8 organizzato in collaborazione con gli eroici ragazzi di Bari Rock City.&#8221;<\/p>\n<div style=\"text-align: justify;\"><\/div>\n<div style=\"text-align: justify;\"><\/div>\n","protected":false},"excerpt":{"rendered":"","protected":false},"author":1,"featured_media":12557,"comment_status":"open","ping_status":"closed","sticky":false,"template":"","format":"standard","meta":{"colormag_page_container_layout":"default_layout","colormag_page_sidebar_layout":"default_layout","footnotes":""},"categories":[7],"tags":[],"class_list":["post-12563","post","type-post","status-publish","format-standard","has-post-thumbnail","hentry","category-attualita"],"_links":{"self":[{"href":"https:\/\/archiviogioia.lavocedelpaese.info\/index.php?rest_route=\/wp\/v2\/posts\/12563","targetHints":{"allow":["GET"]}}],"collection":[{"href":"https:\/\/archiviogioia.lavocedelpaese.info\/index.php?rest_route=\/wp\/v2\/posts"}],"about":[{"href":"https:\/\/archiviogioia.lavocedelpaese.info\/index.php?rest_route=\/wp\/v2\/types\/post"}],"author":[{"embeddable":true,"href":"https:\/\/archiviogioia.lavocedelpaese.info\/index.php?rest_route=\/wp\/v2\/users\/1"}],"replies":[{"embeddable":true,"href":"https:\/\/archiviogioia.lavocedelpaese.info\/index.php?rest_route=%2Fwp%2Fv2%2Fcomments&post=12563"}],"version-history":[{"count":0,"href":"https:\/\/archiviogioia.lavocedelpaese.info\/index.php?rest_route=\/wp\/v2\/posts\/12563\/revisions"}],"wp:featuredmedia":[{"embeddable":true,"href":"https:\/\/archiviogioia.lavocedelpaese.info\/index.php?rest_route=\/wp\/v2\/media\/12557"}],"wp:attachment":[{"href":"https:\/\/archiviogioia.lavocedelpaese.info\/index.php?rest_route=%2Fwp%2Fv2%2Fmedia&parent=12563"}],"wp:term":[{"taxonomy":"category","embeddable":true,"href":"https:\/\/archiviogioia.lavocedelpaese.info\/index.php?rest_route=%2Fwp%2Fv2%2Fcategories&post=12563"},{"taxonomy":"post_tag","embeddable":true,"href":"https:\/\/archiviogioia.lavocedelpaese.info\/index.php?rest_route=%2Fwp%2Fv2%2Ftags&post=12563"}],"curies":[{"name":"wp","href":"https:\/\/api.w.org\/{rel}","templated":true}]}}