{"id":12598,"date":"2011-07-02T07:00:34","date_gmt":"2011-07-02T07:00:34","guid":{"rendered":"https:\/\/archiviogioia.lavocedelpaese.info\/?p=12598"},"modified":"2011-07-02T07:00:34","modified_gmt":"2011-07-02T07:00:34","slug":"lions-targhe-a-masi-villanova-donatone-riccardi-foto","status":"publish","type":"post","link":"https:\/\/archiviogioia.lavocedelpaese.info\/?p=12598","title":{"rendered":"LIONS: TARGHE A MASI, VILLANOVA, DONATONE, RICCARDI -foto-"},"content":{"rendered":"<p><img loading=\"lazy\" decoding=\"async\" class=\" size-full wp-image-12577\" alt=\"lions-foto-gruppi.jpg-pp\" src=\"https:\/\/archiviogioia.lavocedelpaese.info\/wp-content\/uploads\/2011\/07\/lions-foto-gruppi.jpg-pp.jpg\" height=\"150\" width=\"320\" srcset=\"https:\/\/archiviogioia.lavocedelpaese.info\/wp-content\/uploads\/2011\/07\/lions-foto-gruppi.jpg-pp.jpg 640w, https:\/\/archiviogioia.lavocedelpaese.info\/wp-content\/uploads\/2011\/07\/lions-foto-gruppi.jpg-pp-300x141.jpg 300w\" sizes=\"auto, (max-width: 320px) 100vw, 320px\" \/> <\/p>\n<p><!--more--><\/p>\n<p style=\"text-align: justify;\"><img loading=\"lazy\" decoding=\"async\" class=\" alignright size-full wp-image-12579\" style=\"margin: 4px; float: right;\" alt=\"lions_logo\" src=\"https:\/\/archiviogioia.lavocedelpaese.info\/wp-content\/uploads\/2011\/07\/lions_logo.jpg\" height=\"141\" width=\"150\" srcset=\"https:\/\/archiviogioia.lavocedelpaese.info\/wp-content\/uploads\/2011\/07\/lions_logo.jpg 1095w, https:\/\/archiviogioia.lavocedelpaese.info\/wp-content\/uploads\/2011\/07\/lions_logo-300x280.jpg 300w, https:\/\/archiviogioia.lavocedelpaese.info\/wp-content\/uploads\/2011\/07\/lions_logo-1024x957.jpg 1024w, https:\/\/archiviogioia.lavocedelpaese.info\/wp-content\/uploads\/2011\/07\/lions_logo-768x718.jpg 768w\" sizes=\"auto, (max-width: 150px) 100vw, 150px\" \/>Ad una settimana dal passaggio di consegne tra <strong>Lello Pastore<\/strong>, presidente per l\u2019anno 2010 \u2013 2011 del \u201c<strong>Lions Club Monte Johe<\/strong>\u201d e <strong>Giovanni Carnevale<\/strong>, e tra <strong>Michele Bertini<\/strong> e <strong>Annamaria Isdraele Romano<\/strong> in occasione della <strong>6<sup>a<\/sup> Charter<\/strong> dei \u201c<strong>Leo Bianca Lancia<\/strong>\u201d, in calendario la prima conferenza lionistica a sfondo risorgimentale.<\/p>\n<div style=\"text-align: justify;\"><\/div>\n<p style=\"text-align: justify;\">I professori <strong>Giuseppe Poli<\/strong> e <strong>Gianfranco Liberato<\/strong> nella conferenza che si terr\u00e0 <strong>l\u20198 luglio all<\/strong><img loading=\"lazy\" decoding=\"async\" class=\" alignleft size-full wp-image-12581\" style=\"margin: 4px; float: left;\" alt=\"lions-consegna-targhe-grupp\" src=\"https:\/\/archiviogioia.lavocedelpaese.info\/wp-content\/uploads\/2011\/07\/lions-consegna-targhe-grupp.jpg\" height=\"163\" width=\"300\" srcset=\"https:\/\/archiviogioia.lavocedelpaese.info\/wp-content\/uploads\/2011\/07\/lions-consegna-targhe-grupp.jpg 472w, https:\/\/archiviogioia.lavocedelpaese.info\/wp-content\/uploads\/2011\/07\/lions-consegna-targhe-grupp-300x163.jpg 300w\" sizes=\"auto, (max-width: 300px) 100vw, 300px\" \/><strong>e 19.30 in Piazza Luca D\u2019Andrano<\/strong>, relazioneranno su \u201c<strong>Riflessioni sul Risorgimento<\/strong>\u201d.<\/p>\n<div style=\"text-align: justify;\"><\/div>\n<p style=\"text-align: justify;\">Al cospetto di autorit\u00e0 civili, militari e lionistiche, tra cui il <strong>governatore Rocco <\/strong><strong>Saltino<\/strong>, ha avuto luogo non solo il tradizionale passaggio del martelletto ma anche la consegna di quattro targhe ai familiari di altrettanti docenti gioiesi, molto stimati e cari alla citt\u00e0: <strong>Orazio Antonio Masi, Giuseppe Donatone, Michele Villanova e Giovanni Riccardi<\/strong>.<\/p>\n<div style=\"text-align: justify;\"><\/div>\n<p style=\"text-align: justify;\"><strong><img loading=\"lazy\" decoding=\"async\" class=\" alignright size-full wp-image-12582\" style=\"margin: 4px; float: right;\" alt=\"lions-passaggio-giovani-leo\" src=\"https:\/\/archiviogioia.lavocedelpaese.info\/wp-content\/uploads\/2011\/07\/lions-passaggio-giovani-leo.jpg\" height=\"191\" width=\"250\" srcset=\"https:\/\/archiviogioia.lavocedelpaese.info\/wp-content\/uploads\/2011\/07\/lions-passaggio-giovani-leo.jpg 472w, https:\/\/archiviogioia.lavocedelpaese.info\/wp-content\/uploads\/2011\/07\/lions-passaggio-giovani-leo-300x229.jpg 300w\" sizes=\"auto, (max-width: 250px) 100vw, 250px\" \/>Michele Bertini<\/strong> da due anni alla guida dei Leo passa \u201cper anzianit\u00e0\u201d, ovvero per aver compiuto trenta anni, tra i \u201csenior\u201d Lions, insieme a <strong>Filippo Colapinto<\/strong>, lasciando ad una giovane ed entusiasta presidente &#8211; <strong>Annamaria Isdraele Romano<\/strong> &#8211; il testimone.<\/p>\n<div style=\"text-align: justify;\"><\/div>\n<p style=\"text-align: justify;\">Nel suo excursus ricorda i <strong>Leo Advisors Lucio Romano e Pino Mirizzi<\/strong>, di cui elogia l\u2019impegno costante e continuo. Offre in dono una campana da tavola (parodia della campana su cui batte il martelletto ad ogni inizio e fine incontro) e porge un omaggio floreale a <strong>Annamaria De Felice Di Martino<\/strong>, per il contributo e il sostegno offerto ai Leo nell\u2019organizzare varie attivit\u00e0.<\/p>\n<div style=\"text-align: justify;\"><\/div>\n<p style=\"text-align: justify;\"><img loading=\"lazy\" decoding=\"async\" class=\" alignleft size-full wp-image-12583\" style=\"margin: 4px; float: left;\" alt=\"lions-nuovo-gruppo-leo\" src=\"https:\/\/archiviogioia.lavocedelpaese.info\/wp-content\/uploads\/2011\/07\/lions-nuovo-gruppo-leo.jpg\" height=\"213\" width=\"250\" srcset=\"https:\/\/archiviogioia.lavocedelpaese.info\/wp-content\/uploads\/2011\/07\/lions-nuovo-gruppo-leo.jpg 472w, https:\/\/archiviogioia.lavocedelpaese.info\/wp-content\/uploads\/2011\/07\/lions-nuovo-gruppo-leo-300x256.jpg 300w\" sizes=\"auto, (max-width: 250px) 100vw, 250px\" \/>Quindi passa la parola alla neo presidente <strong>Annamaria Isdraele Romano<\/strong>, che pur se emozionata non esita a mostrare grinta e determinazione. E\u2019 presidente ma prima di tutto \u00e8 socia, ed \u00e8 convinta che tutti insieme, consigliati dal nuovo <strong>Leo Advisor Vanni Procino<\/strong>, lavoreranno e progetteranno\u00a0 con successo. Sua vice presidente <strong>Simona Risplendente<\/strong>, secondo vice presidente <strong>Simone Lattarulo<\/strong>, segretaria <strong>Giuseppina Lagravinese<\/strong>, tesoriere <strong>Gaetana Procino<\/strong>, cerimoniere <strong>Corinne Capurso<\/strong>, responsabile delle comunicazioni <strong>Annarosa Pilolla<\/strong>, censore <strong>Novella Maglionico <\/strong>e<strong> <\/strong>consigliere <strong>Angelo D\u2019Aprile<\/strong>.<\/p>\n<div style=\"text-align: justify;\"><\/div>\n<p style=\"text-align: justify;\">Emozionatissimo il <strong>Leo Advisor uscente Pino Mirizzi<\/strong> &#8211; premiato con una targa dai suoi \u201ccuccioli\u201d &#8211; \u00a0sottolinea l\u2019impegno di tutti i giovani Leo e conferma il suo aiuto presente e futuro.<img loading=\"lazy\" decoding=\"async\" class=\" alignright size-full wp-image-12584\" style=\"margin: 4px; float: right;\" alt=\"lions-stefanelli-piano\" src=\"https:\/\/archiviogioia.lavocedelpaese.info\/wp-content\/uploads\/2011\/07\/lions-stefanelli-piano.jpg\" height=\"238\" width=\"200\" srcset=\"https:\/\/archiviogioia.lavocedelpaese.info\/wp-content\/uploads\/2011\/07\/lions-stefanelli-piano.jpg 396w, https:\/\/archiviogioia.lavocedelpaese.info\/wp-content\/uploads\/2011\/07\/lions-stefanelli-piano-252x300.jpg 252w\" sizes=\"auto, (max-width: 200px) 100vw, 200px\" \/><\/p>\n<div style=\"text-align: justify;\"><\/div>\n<p style=\"text-align: justify;\">\u201cSembra ieri \u2013 afferma con voce rotta dall\u2019emozione &#8211; \u00a0ma il tempo passa e per l\u2019avanzare dei limiti di et\u00e0 occorre infoltire le fila. Siete stati davvero tutti bravi, avete sottratto tempo allo studio, alla famiglia, ai divertimenti\u2026 Non vi lascio, sono troppo legato a voi, sar\u00f2 l\u00ec a stimolarvi, punzecchiarvi e aiutarvi, se lo vorrete!\u201d<\/p>\n<div style=\"text-align: justify;\"><\/div>\n<p style=\"text-align: justify;\">Quindi si complimenta con Lello, per i numerosi service di successo avviati nel corso del\u2019anno, in particolare ricorda il <strong>concerto dei ragazzi non vedenti<\/strong>, che con 336 spettatori \u201cpaganti\u201d ha consentito il dono di un cane guida addestrato.<\/p>\n<div style=\"text-align: justify;\"><\/div>\n<p style=\"text-align: justify;\">Nella sala dello Svevo <strong>Vincenzo Stefanelli<\/strong> ha fatto riecheggiare, alla tastiera, alcune delle note in concerto al Rossini, rievocando con i suoi tre brani le stesse emozioni.<img loading=\"lazy\" decoding=\"async\" class=\" alignleft size-full wp-image-12585\" style=\"margin: 4px; float: left;\" alt=\"20090419LionsOcchialiUsati\" src=\"https:\/\/archiviogioia.lavocedelpaese.info\/wp-content\/uploads\/2011\/07\/20090419LionsOcchialiUsati.jpg\" height=\"208\" width=\"250\" \/><\/p>\n<p style=\"text-align: justify;\">Mirizzi ricorda anche l\u2019impegno del Club nella <strong>raccolta di occhiali usati<\/strong> che grazie al lavoro perseverante e silenzioso di <strong>Marcello Ciancio,<\/strong> ha permesso al centro di Chivasso di <strong>ridistribuire ben 156mila occhiali archiviati e igienizzati nei paesi<\/strong> <strong>in cui ve ne \u00e8 pi\u00f9 bisogno<\/strong>.<\/p>\n<div style=\"text-align: justify;\"><\/div>\n<p style=\"text-align: justify;\">Grazie all\u2019impegno dei Lions, non a caso \u201c<strong>cavalieri della vista\u201d<\/strong>, \u00e8 stato anche inaugurato un <strong>percorso plantare di 2,5  chilometri presso la stazione di Bari<\/strong>, per poter donare autonomia ai non vedenti.<\/p>\n<div style=\"text-align: justify;\"><\/div>\n<p style=\"text-align: justify;\">A Lello il Leo Advisor ris<img loading=\"lazy\" decoding=\"async\" class=\" alignright size-full wp-image-12586\" style=\"margin: 4px; float: right;\" alt=\"lions-targa-masi\" src=\"https:\/\/archiviogioia.lavocedelpaese.info\/wp-content\/uploads\/2011\/07\/lions-targa-masi.jpg\" height=\"223\" width=\"299\" srcset=\"https:\/\/archiviogioia.lavocedelpaese.info\/wp-content\/uploads\/2011\/07\/lions-targa-masi.jpg 425w, https:\/\/archiviogioia.lavocedelpaese.info\/wp-content\/uploads\/2011\/07\/lions-targa-masi-300x224.jpg 300w\" sizes=\"auto, (max-width: 299px) 100vw, 299px\" \/>erva parole egregie: \u201cNon sei stato un buon presidente\u2026 ma ottimo. Se avessi conservato un po\u2019 dello spirito francescano che da sempre ti riconosco, saresti stato un perfetto presidente, ma la perfezione, si sa, non esiste\u2026 Non credere che il tuo impegno termini qui, sei il coordinatore del Club e dovrai aiutare Gianni.\u201d<\/p>\n<div style=\"text-align: justify;\"><\/div>\n<p style=\"text-align: justify;\">Quindi <strong>Nicola Manobianca<\/strong> ha invitato le famiglie dei quattro docenti al ritiro delle targhe. Un momento nel quale la lettura di ogni singola, breve biografia ha riacceso ricordi tra i presenti ed emozionato i familiari.<\/p>\n<div style=\"text-align: justify;\"><\/div>\n<p style=\"text-align: justify;\">La prima targa \u00e8 stata donata alla famiglia di <strong>Orazio Antonio Masi, <\/strong>preside e professore molto stimato dalla comunit\u00e0 gioiese. La figlia <strong>Maria Teresa<\/strong> a nome di suo fratello <strong>Gianni<\/strong> e della sua mamma, ha ringraziato il Club e rivolto tre grazie: come figlia, insegnante e<img loading=\"lazy\" decoding=\"async\" class=\" alignleft size-full wp-image-12587\" style=\"margin: 4px; float: left;\" alt=\"lions-targa-donatone\" src=\"https:\/\/archiviogioia.lavocedelpaese.info\/wp-content\/uploads\/2011\/07\/lions-targa-donatone.jpg\" height=\"208\" width=\"279\" srcset=\"https:\/\/archiviogioia.lavocedelpaese.info\/wp-content\/uploads\/2011\/07\/lions-targa-donatone.jpg 425w, https:\/\/archiviogioia.lavocedelpaese.info\/wp-content\/uploads\/2011\/07\/lions-targa-donatone-300x224.jpg 300w\" sizes=\"auto, (max-width: 279px) 100vw, 279px\" \/>d invitata, ricordando che i quattro professori erano anche amici ed insieme hanno formato intere generazioni, educandole al rispetto delle regole.<\/p>\n<p style=\"text-align: justify;\">La seconda targa dedicata al professor <strong>Giuseppe Donatone<\/strong> \u00e8 stata ritirata dal figlio <strong>Claudio<\/strong>, da donna <strong>Maria Pia<\/strong> e dal nipote <strong>Giuseppe<\/strong>, nato nello stesso giorno e nella stessa ora in cui il nonno venne improvvisamente meno, <strong>il 19 luglio del 1996<\/strong>, sia pure a tre anni di distanza. Avventuroso il profilo biografico del professore, laureatosi a Napoli dopo aver studiato a Parigi, nel \u201941 docente a Gorizia, quindi in guerra sul fronte slavo e poi ritrovarsi prigioniero in un capo nazista, in cui \u201csopravvive\u201d grazie alla sua passione per lo studio delle lingue e alle sua abilit\u00e0 di<strong><img loading=\"lazy\" decoding=\"async\" class=\" alignright size-full wp-image-12588\" style=\"margin: 4px; float: right;\" alt=\"lions-targa-villanova\" src=\"https:\/\/archiviogioia.lavocedelpaese.info\/wp-content\/uploads\/2011\/07\/lions-targa-villanova.jpg\" height=\"216\" width=\"290\" srcset=\"https:\/\/archiviogioia.lavocedelpaese.info\/wp-content\/uploads\/2011\/07\/lions-targa-villanova.jpg 425w, https:\/\/archiviogioia.lavocedelpaese.info\/wp-content\/uploads\/2011\/07\/lions-targa-villanova-300x224.jpg 300w\" sizes=\"auto, (max-width: 290px) 100vw, 290px\" \/><\/strong> interprete. Quindi la cattedra nel Liceo classico P. V. Marone dove per 40 anni insegner\u00e0 latino e greco con \u201celoquio stringato, spesso ironico\u201d.<\/p>\n<p style=\"text-align: justify;\"><strong>Le spigolature linguistiche dialettali, racchiuse in un <\/strong><strong>saggio \u201cscomparso nei cassetti della politica\u201d<\/strong> sono il suo ultimo impegno, quindi Claudio dona al club l\u2019ultima copia del saggio etimologico a firma di suo padre.<\/p>\n<div style=\"text-align: justify;\"><\/div>\n<p style=\"text-align: justify;\"><strong>Michele Villanova<\/strong>, docente presso il Flacco di Bari e gi\u00e0 assistente nella facolt\u00e0 di Matematica, non esit\u00f2 a rinunciare ad una luminosa carriera per insegnare nel liceo gioiese dal 1958 all\u2019anno in cui mor\u00ec, a soli 57 anni, dopo una breve malattia. Egli collaborava, inoltre, con successo con le pi\u00f9 prestigiose riviste di matematica su cui pubblicava inediti teoremi. Di lui tutti ric<img loading=\"lazy\" decoding=\"async\" class=\" alignleft size-full wp-image-12589\" style=\"margin: 4px; float: left;\" alt=\"lions-targa-riccardi\" src=\"https:\/\/archiviogioia.lavocedelpaese.info\/wp-content\/uploads\/2011\/07\/lions-targa-riccardi.jpg\" height=\"206\" width=\"276\" srcset=\"https:\/\/archiviogioia.lavocedelpaese.info\/wp-content\/uploads\/2011\/07\/lions-targa-riccardi.jpg 425w, https:\/\/archiviogioia.lavocedelpaese.info\/wp-content\/uploads\/2011\/07\/lions-targa-riccardi-300x224.jpg 300w\" sizes=\"auto, (max-width: 276px) 100vw, 276px\" \/>ordano la capacit\u00e0 di esemplificare e rendere semplice qualunque procedimento matematico, per quanto complesso. Assente giustificata <strong>donna Maristina<\/strong>, presenti i due figli, <strong>Marcello, <\/strong>straordinariamente somigliante al suo pap\u00e0 e <strong>Gianfranco,<\/strong> tra l\u2019altro amici d\u2019infanzia di <strong>Lello Pastore,<\/strong> il quale racconta i suoi trascorsi nel cortile di casa ed <strong>il volo fatto dal secondo piano a poco pi\u00f9 di due anni<\/strong>, e di come <strong>il professor Villanova<\/strong>, per sdrammatizzare l\u2019accaduto miracolosamente senza gravi conseguenze, <strong>calcol\u00f2 la velocit\u00e0 della caduta<\/strong> con le sue formule.<\/p>\n<div style=\"text-align: justify;\"><\/div>\n<p style=\"text-align: justify;\">Ultima targa dedicata al professor <strong>Giovanni Riccardi<\/strong>, figura \u201cmitica\u201d tra gli studenti gioiesi per la sua capacit\u00e0 di \u201cammansire la brutta bestia\u201d della matematica e per le lezioni <img loading=\"lazy\" decoding=\"async\" class=\" alignright size-full wp-image-12590\" style=\"margin: 4px; float: right;\" alt=\"lions-piero-longo\" src=\"https:\/\/archiviogioia.lavocedelpaese.info\/wp-content\/uploads\/2011\/07\/lions-piero-longo.jpg\" height=\"173\" width=\"250\" srcset=\"https:\/\/archiviogioia.lavocedelpaese.info\/wp-content\/uploads\/2011\/07\/lions-piero-longo.jpg 425w, https:\/\/archiviogioia.lavocedelpaese.info\/wp-content\/uploads\/2011\/07\/lions-piero-longo-300x208.jpg 300w\" sizes=\"auto, (max-width: 250px) 100vw, 250px\" \/>date in casa, mentre il vivacissimo figlioletto <strong>Giuseppe<\/strong> imperversava con tricicli e palloni, disturbando di continuo. Tra i numerosi presenti ricorsi alle sue \u201ccure\u201d, anche il sindaco <strong>Piero Longo<\/strong> il quale &#8211; confessando candidamente di non aver mai amato troppo la matematica, pur avendo scelto di frequentare il liceo scientifico &#8211; ne sottolinea con simpatia la precisione e la grande umanit\u00e0, cos\u00ec come ricorda la dolcezza della piccola Carmela e la saggezza della sua mamma. Sulle pallonate e le impennate in sella al vespino di <strong>Giuseppe Riccardi<\/strong>, \u201cterrible enfant\u201d, oggi affermato professionista, tutti concordano: una vera peste!<\/p>\n<div style=\"text-align: justify;\"><\/div>\n<p style=\"text-align: justify;\"><img loading=\"lazy\" decoding=\"async\" class=\" alignleft size-full wp-image-12591\" style=\"margin: 4px; float: left;\" alt=\"lions-lello-pastore\" src=\"https:\/\/archiviogioia.lavocedelpaese.info\/wp-content\/uploads\/2011\/07\/lions-lello-pastore.jpg\" height=\"187\" width=\"250\" srcset=\"https:\/\/archiviogioia.lavocedelpaese.info\/wp-content\/uploads\/2011\/07\/lions-lello-pastore.jpg 472w, https:\/\/archiviogioia.lavocedelpaese.info\/wp-content\/uploads\/2011\/07\/lions-lello-pastore-300x224.jpg 300w\" sizes=\"auto, (max-width: 250px) 100vw, 250px\" \/>Avendo perso a soli 15 anni il pap\u00e0, il professore Riccardi si sostenne agli studi dando lezioni private, quindi \u00a0si laure\u00f2 a Napoli, insegn\u00f2 in numerosi istituti superiori tra cui il <strong>Marconi<\/strong> di Bari, l\u2019<strong>I.T.I.S Galilei<\/strong>, il <strong>Canudo<\/strong> per poi concludere la sua ultraquarantennale carriera didattica alla <strong>Losapio<\/strong>.<\/p>\n<div style=\"text-align: justify;\"><\/div>\n<p style=\"text-align: justify;\">La parola, quindi, passa al presidente uscente, <strong>Lello Pastore<\/strong> che in occasione della <strong>16<sup>a<\/sup> Charter<\/strong> non ha proposto video o power point, n\u00e9 ha elencato le numerose attivit\u00e0 svolte durante l\u2019anno, relegandole a un depliant lasciato a disposizione degli ospiti, corredato dai nomi del soci del suo direttivo e dagli scopi del Lionismo, ma ha parlato a braccio e con il cuore ai presenti.<\/p>\n<div style=\"text-align: justify;\"><\/div>\n<p style=\"text-align: justify;\"><strong><img loading=\"lazy\" decoding=\"async\" class=\" alignright size-full wp-image-4246\" style=\"margin: 4px; float: right;\" alt=\"ospedale-paradiso\" src=\"https:\/\/archiviogioia.lavocedelpaese.info\/wp-content\/uploads\/2010\/09\/ospedale-paradiso.jpg\" height=\"140\" width=\"300\" srcset=\"https:\/\/archiviogioia.lavocedelpaese.info\/wp-content\/uploads\/2010\/09\/ospedale-paradiso.jpg 640w, https:\/\/archiviogioia.lavocedelpaese.info\/wp-content\/uploads\/2010\/09\/ospedale-paradiso-300x141.jpg 300w\" sizes=\"auto, (max-width: 300px) 100vw, 300px\" \/>Un intervento toccante nella sua semplicit\u00e0<\/strong>, da cui si evince quello \u201c<strong>spirito francescano<\/strong>\u201d cui faceva riferimento <strong>Pino Mirizzi<\/strong>.<\/p>\n<div style=\"text-align: justify;\"><\/div>\n<p style=\"text-align: justify;\">Nel corso dell\u2019anno numerosi eventi sono stati non solo condivisi col <strong>Gruppo Volontariato Vincenziano<\/strong>, con il <strong>C.A.I,<\/strong> con istituti scolastici, con il <strong>Comitato Pugliese per il 150\u00b0 anniversario dell\u2019Unit\u00e0 nazionale<\/strong>, con <strong>l\u2019Accademia Lobefaro<\/strong>, cui \u00e8 stata offerta la borsa di studio per il primo <img loading=\"lazy\" decoding=\"async\" class=\" alignleft size-full wp-image-12592\" style=\"margin: 4px; float: left;\" alt=\"lions-vanni-procino\" src=\"https:\/\/archiviogioia.lavocedelpaese.info\/wp-content\/uploads\/2011\/07\/lions-vanni-procino.jpg\" height=\"217\" width=\"170\" srcset=\"https:\/\/archiviogioia.lavocedelpaese.info\/wp-content\/uploads\/2011\/07\/lions-vanni-procino.jpg 343w, https:\/\/archiviogioia.lavocedelpaese.info\/wp-content\/uploads\/2011\/07\/lions-vanni-procino-235x300.jpg 235w\" sizes=\"auto, (max-width: 170px) 100vw, 170px\" \/>premio classificato del concorso \u201c<strong>Pietro Argento<\/strong>\u201d e da ultimo con <strong>l\u2019Associazione Obiettivo Gioia<\/strong>, ma anche vissuti fianco a fianco con la citt\u00e0, \u00e8 il caso dell\u2019interessantissimo incontro sull\u2019<strong>Alzheimer<\/strong> e della partecipazione attiva del Club <strong>contro la chiusura dell\u2019Ospedale accanto all\u2019Osservatorio del Paradiso<\/strong>.<\/p>\n<div style=\"text-align: justify;\"><\/div>\n<p style=\"text-align: justify;\">Sempre presente agli incontri dei \u201ccugini\u201d rotariani, ricambiato con affetto da <strong>Tonino Oliva<\/strong>, Lello esalta le qualit\u00e0 del suo segretario <strong>Vanni Procino<\/strong> che ringrazia per la sua efficienza ed il preciso, puntuale ed efficace aiuto in ogni contesto, tanto da meritarsi il titolo di \u201csuo presidente\u201d.<\/p>\n<div style=\"text-align: justify;\"><\/div>\n<p style=\"text-align: justify;\">\u201cL\u2019obiettivo \u00e8 stato raggiunto \u2013 dichiara <strong>Lello Pastore<\/strong> &#8211; il Lions Club ha operato in sinergia con altre realt\u00e0 territoriali. Talvolta, volando troppo in alto si \u00e8 intercettati da pochi, noi vogliamo essere tra la gente, \u201c<strong>We serve<\/strong>\u201d<img loading=\"lazy\" decoding=\"async\" class=\" alignright size-full wp-image-12593\" style=\"margin: 4px; float: right;\" alt=\"lions-manobianca\" src=\"https:\/\/archiviogioia.lavocedelpaese.info\/wp-content\/uploads\/2011\/07\/lions-manobianca.jpg\" height=\"187\" width=\"250\" srcset=\"https:\/\/archiviogioia.lavocedelpaese.info\/wp-content\/uploads\/2011\/07\/lions-manobianca.jpg 425w, https:\/\/archiviogioia.lavocedelpaese.info\/wp-content\/uploads\/2011\/07\/lions-manobianca-300x224.jpg 300w\" sizes=\"auto, (max-width: 250px) 100vw, 250px\" \/> \u00e8 il nostro motto, <strong>il valore primario \u00e8 servire, non servirsi<\/strong> e non sempre, purtroppo, la spilletta ne \u00e8 garanzia. Nel Club continuer\u00f2 ad esserci e con vigore\u201d.<\/p>\n<div style=\"text-align: justify;\"><\/div>\n<p style=\"text-align: justify;\">Quindi un emozionato grazie alle sue cinque donne (moglie, figlie e mamma) tra cui si ritrova piacevolmente \u201c<strong>in netta minoranza<\/strong>\u201d.<\/p>\n<div style=\"text-align: justify;\"><\/div>\n<p style=\"text-align: justify;\">A spendere parole molto affettuose nei confronti di Lello anche il past president <strong>Carlo Colapinto<\/strong>, il quale interpreta il pensiero unanime del Club definendo Lello un ottimo presidente, dalla <strong>dialettica libera e aperta, il quale ha perseguito gli scopi lionistici senza alcun diverso intento<\/strong>.<\/p>\n<div style=\"text-align: justify;\"><\/div>\n<p style=\"text-align: justify;\"><strong><img loading=\"lazy\" decoding=\"async\" class=\" alignleft size-full wp-image-12594\" style=\"margin: 4px; float: left;\" alt=\"lions-intervento-carnevale\" src=\"https:\/\/archiviogioia.lavocedelpaese.info\/wp-content\/uploads\/2011\/07\/lions-intervento-carnevale.jpg\" height=\"230\" width=\"250\" srcset=\"https:\/\/archiviogioia.lavocedelpaese.info\/wp-content\/uploads\/2011\/07\/lions-intervento-carnevale.jpg 472w, https:\/\/archiviogioia.lavocedelpaese.info\/wp-content\/uploads\/2011\/07\/lions-intervento-carnevale-300x276.jpg 300w\" sizes=\"auto, (max-width: 250px) 100vw, 250px\" \/>Nicola Manobianca<\/strong> &#8211; disinvolto speaker nel corso di tutte le manifestazioni e per l\u2019occasione anche particolarmente spiritoso \u2013 cede non il martelletto ma il microfono al nuovo cerimoniere, <strong>Mimmo Bianco<\/strong>, il quale dopo i saluti di rito passa la parola al presidente per l\u2019anno 2011 \u2013 2012 <strong>Giovanni Carnevale<\/strong>, commercialista nato ad Acquaviva delle Fonti e residente a Bari.<\/p>\n<div style=\"text-align: justify;\"><\/div>\n<p style=\"text-align: justify;\">Tante le responsabilit\u00e0 e l\u2019emozione nel ritrovarsi alla guida di un sodalizio cos\u00ec prestigioso.<\/p>\n<div style=\"text-align: justify;\"><\/div>\n<p style=\"text-align: justify;\">\u201cI soci Lions sono circa quaranta, inseriti nelle dinamiche cittadine con numerose proposte e diversa sensibilit\u00e0 \u2013 afferma Carnevale &#8211; \u00a0insieme progetteremo ed agiremo prestando attenzione ai bisogni della societ\u00e0. Il programma lo definir\u00f2 con loro, <strong>\u201cWe serve\u201d, non \u201cI serve\u201d \u00e8 il nostro motto<\/strong>, servire con spontaneit\u00e0, semplicit\u00e0, seriet\u00e0, rigore e competenza\u201d.<\/p>\n<div style=\"text-align: justify;\"><\/div>\n<p style=\"text-align: justify;\"><img loading=\"lazy\" decoding=\"async\" class=\" alignright size-full wp-image-12595\" style=\"margin: 4px; float: right;\" alt=\"lions-nuovo-direttivo\" src=\"https:\/\/archiviogioia.lavocedelpaese.info\/wp-content\/uploads\/2011\/07\/lions-nuovo-direttivo.jpg\" height=\"177\" width=\"320\" srcset=\"https:\/\/archiviogioia.lavocedelpaese.info\/wp-content\/uploads\/2011\/07\/lions-nuovo-direttivo.jpg 472w, https:\/\/archiviogioia.lavocedelpaese.info\/wp-content\/uploads\/2011\/07\/lions-nuovo-direttivo-300x167.jpg 300w\" sizes=\"auto, (max-width: 320px) 100vw, 320px\" \/>Nel direttivo troviamo vice presidente <strong>Paola Girardi<\/strong>, secondo vice presidente <strong>Giovanni Buono<\/strong>, segretario <strong>Pino Mirizzi<\/strong>, tesoriere <strong>Samuele Petrera<\/strong>, cerimoniere <strong>Mimmo Bianco<\/strong>, censore la insostituibile <strong>Elia Longo<\/strong>, fondatrice e prima presidente del Club, sempre vigile ed attenta ad ogni dettaglio anche nel corso della serata, con lei <strong>Carlo Colapinto<\/strong> e <strong>Marcello Ciancio<\/strong>. A vario titolo e con diversi incarichi nel direttivo anche <strong>Domenico Chiarelli, Pier Paolo Milano, Francesco Mastrangelo, Filippo Mela, Loredana Milano, Giovanna Pontiggia, Nicola Colapietro, Pino D\u2019Aprile, Tecla Famiglietti, Lucio Romano e Maurizio D<\/strong><strong><img loading=\"lazy\" decoding=\"async\" class=\" alignleft size-full wp-image-12596\" style=\"margin: 4px; float: left;\" alt=\"lions-rocco-saltino\" src=\"https:\/\/archiviogioia.lavocedelpaese.info\/wp-content\/uploads\/2011\/07\/lions-rocco-saltino.jpg\" height=\"187\" width=\"250\" srcset=\"https:\/\/archiviogioia.lavocedelpaese.info\/wp-content\/uploads\/2011\/07\/lions-rocco-saltino.jpg 472w, https:\/\/archiviogioia.lavocedelpaese.info\/wp-content\/uploads\/2011\/07\/lions-rocco-saltino-300x224.jpg 300w\" sizes=\"auto, (max-width: 250px) 100vw, 250px\" \/><\/strong><strong>ell\u2019Aera.<\/strong><\/p>\n<p style=\"text-align: justify;\"><strong>Rocco Saltino<\/strong>, governatore uscente, dedica pi\u00f9 di un pensiero al Club che lo ha sostenuto ed aiutato a rivestire l\u2019attuale incarico.<\/p>\n<div style=\"text-align: justify;\"><\/div>\n<p style=\"text-align: justify;\">\u201cQuesto viaggio tra consensi e armonia \u00e8 finito. Il valore dell\u2019amicizia e la capacit\u00e0 di ascolto fa s\u00ec che questo Club &#8211; in cui la cultura e la personalit\u00e0 sono valori fondanti &#8211; sia una comunit\u00e0 pensante che ora deve proporre ed <strong>esprimere candidature lionistiche<\/strong>. Da soli siete riusciti a donare un cane guida a un non vedente, e non \u00e8 impresa da poco. Il nostro sodalizio ha 96 anni e tanto ha fatto ed ancora far\u00e0. Abbiamo costruito una prima scuola a <strong>Burkina Faso<\/strong>, ora ne sta sorgendo una seconda, <strong>stiamo per donare 12mila <img loading=\"lazy\" decoding=\"async\" class=\" alignright size-full wp-image-12597\" style=\"margin: 4px; float: right;\" alt=\"lions-daprile\" src=\"https:\/\/archiviogioia.lavocedelpaese.info\/wp-content\/uploads\/2011\/07\/lions-daprile.jpg\" height=\"231\" width=\"230\" \/>euro alla Lion Foundation<\/strong>. Erano <strong>ben 1.200<\/strong> i convenuti al <strong>Concerto di Primavera<\/strong> tenutosi al <strong>Petruzzelli di Bari<\/strong>, un fortunato service a sostegno dei <strong>terremotati del Giappone<\/strong> per cui si sono molto impegnati <strong>Pino D\u2019Aprile<\/strong>, <strong>Pino Mirizzi<\/strong> e il terrorista del distretto, <strong>Lucio Romano<\/strong> grazie alla cui professionalit\u00e0 possiamo navigare in acque tranquille anche in sede di contenziosi legali. Siamo un popolo di formiche che lavora per chi ha bisogno!\u201d.<\/p>\n<div style=\"text-align: justify;\"><\/div>\n<p style=\"text-align: justify;\">Al nuovo presidente <strong>Giovanni Carnevale<\/strong> gli auguri della redazione per un anno sereno e proficuo, a <strong>Lello Pastore<\/strong> un affettuoso \u201cbuon e francescano proseguimento della attivit\u00e0 lionistiche\u201d nel suo Club.<\/p>\n<p><object data=\"https:\/\/picasaweb.google.com\/s\/c\/bin\/slideshow.swf\" type=\"application\/x-shockwave-flash\" height=\"660\" width=\"660\"><param name=\"flashvars\" value=\"host=picasaweb.google.com&amp;hl=it&amp;feat=flashalbum&amp;RGB=0x000000&amp;feed=https%3A%2F%2Fpicasaweb.google.com%2Fdata%2Ffeed%2Fapi%2Fuser%2Fredazionegioianet%2Falbumid%2F5624745730322570913%3Falt%3Drss%26kind%3Dphoto%26authkey%3DGv1sRgCLCkr8L7uYr3Lw%26hl%3Dit\" \/><param name=\"src\" value=\"https:\/\/picasaweb.google.com\/s\/c\/bin\/slideshow.swf\" \/><\/object><\/p>\n","protected":false},"excerpt":{"rendered":"","protected":false},"author":1,"featured_media":12577,"comment_status":"open","ping_status":"closed","sticky":false,"template":"","format":"standard","meta":{"colormag_page_container_layout":"default_layout","colormag_page_sidebar_layout":"default_layout","footnotes":""},"categories":[7],"tags":[],"class_list":["post-12598","post","type-post","status-publish","format-standard","has-post-thumbnail","hentry","category-attualita"],"_links":{"self":[{"href":"https:\/\/archiviogioia.lavocedelpaese.info\/index.php?rest_route=\/wp\/v2\/posts\/12598","targetHints":{"allow":["GET"]}}],"collection":[{"href":"https:\/\/archiviogioia.lavocedelpaese.info\/index.php?rest_route=\/wp\/v2\/posts"}],"about":[{"href":"https:\/\/archiviogioia.lavocedelpaese.info\/index.php?rest_route=\/wp\/v2\/types\/post"}],"author":[{"embeddable":true,"href":"https:\/\/archiviogioia.lavocedelpaese.info\/index.php?rest_route=\/wp\/v2\/users\/1"}],"replies":[{"embeddable":true,"href":"https:\/\/archiviogioia.lavocedelpaese.info\/index.php?rest_route=%2Fwp%2Fv2%2Fcomments&post=12598"}],"version-history":[{"count":0,"href":"https:\/\/archiviogioia.lavocedelpaese.info\/index.php?rest_route=\/wp\/v2\/posts\/12598\/revisions"}],"wp:featuredmedia":[{"embeddable":true,"href":"https:\/\/archiviogioia.lavocedelpaese.info\/index.php?rest_route=\/wp\/v2\/media\/12577"}],"wp:attachment":[{"href":"https:\/\/archiviogioia.lavocedelpaese.info\/index.php?rest_route=%2Fwp%2Fv2%2Fmedia&parent=12598"}],"wp:term":[{"taxonomy":"category","embeddable":true,"href":"https:\/\/archiviogioia.lavocedelpaese.info\/index.php?rest_route=%2Fwp%2Fv2%2Fcategories&post=12598"},{"taxonomy":"post_tag","embeddable":true,"href":"https:\/\/archiviogioia.lavocedelpaese.info\/index.php?rest_route=%2Fwp%2Fv2%2Ftags&post=12598"}],"curies":[{"name":"wp","href":"https:\/\/api.w.org\/{rel}","templated":true}]}}