{"id":12601,"date":"2011-07-02T05:55:28","date_gmt":"2011-07-02T05:55:28","guid":{"rendered":"https:\/\/archiviogioia.lavocedelpaese.info\/?p=12601"},"modified":"2011-07-02T05:55:28","modified_gmt":"2011-07-02T05:55:28","slug":"falcone-chiede-trasparenza-agli-amici-di-viaggio-3","status":"publish","type":"post","link":"https:\/\/archiviogioia.lavocedelpaese.info\/?p=12601","title":{"rendered":"FALCONE CHIEDE \u201cTRASPARENZA\u201d AGLI AMICI DI VIAGGIO"},"content":{"rendered":"<p><img loading=\"lazy\" decoding=\"async\" class=\" size-full wp-image-12571\" alt=\"falcone-e-fiera\" src=\"https:\/\/archiviogioia.lavocedelpaese.info\/wp-content\/uploads\/2011\/07\/falcone-e-fiera.jpg\" height=\"150\" width=\"320\" srcset=\"https:\/\/archiviogioia.lavocedelpaese.info\/wp-content\/uploads\/2011\/07\/falcone-e-fiera.jpg 640w, https:\/\/archiviogioia.lavocedelpaese.info\/wp-content\/uploads\/2011\/07\/falcone-e-fiera-300x141.jpg 300w\" sizes=\"auto, (max-width: 320px) 100vw, 320px\" \/> <\/p>\n<p><!--more--><\/p>\n<p style=\"text-align: justify;\"><img loading=\"lazy\" decoding=\"async\" class=\" alignleft size-full wp-image-3267\" style=\"margin: 4px; float: left;\" alt=\"vito-falcone\" src=\"https:\/\/archiviogioia.lavocedelpaese.info\/wp-content\/uploads\/2010\/07\/vito-falcone.jpg\" height=\"165\" width=\"220\" \/>In questi giorni gira una missiva di <strong>Vito Falcone<\/strong>, <strong>consigliere comunale designato alla \u201ctrasparenza\u201d<\/strong> nell\u2019aprile del 2010 <strong>dal sindaco Piero Longo<\/strong>, nonch\u00e9 <strong>capogruppo del PDL<\/strong>, a dir poco sconcertante, soprattutto se il \u201cpulpito\u201d da cui proviene, \u00e8 stato per mesi ed anni silente su temi ed incarichi su cui tanto si sarebbe stato da dire e scrivere.<\/p>\n<div style=\"text-align: justify;\"><\/div>\n<p style=\"text-align: justify;\">Ci sovviene un\u2019altra precedente ondata di esternazioni del Falcone su illegittimit\u00e0 operate dall\u2019Amministrazione (<a href=\"politica\/1240-operazione-trasparenza-al-comune-di-gioia-del-colle-.html\">http:\/\/www.gioianet.it\/politica\/1240-operazione-trasparenza-al-comune-di-gioia-del-colle-.html<\/a>), culminata a ridosso delle <strong>elezioni regionali<\/strong> che videro confermata la fiducia al consigliere <strong>Gianmarco Surico<\/strong>, dai pi\u00f9 addebitata alla parentela non solo politica con <strong>l\u2019ex sindaco di Acquaviva \u00a0Pistilli<\/strong>, tacitata da quanto mai opportuni incarichi.<\/p>\n<div style=\"text-align: justify;\"><\/div>\n<p style=\"text-align: justify;\"><img loading=\"lazy\" decoding=\"async\" class=\" alignright size-full wp-image-1553\" style=\"margin: 4px; float: right;\" alt=\"trasparenza\" src=\"https:\/\/archiviogioia.lavocedelpaese.info\/wp-content\/uploads\/2010\/04\/trasparenza.jpg\" height=\"144\" width=\"193\" srcset=\"https:\/\/archiviogioia.lavocedelpaese.info\/wp-content\/uploads\/2010\/04\/trasparenza.jpg 400w, https:\/\/archiviogioia.lavocedelpaese.info\/wp-content\/uploads\/2010\/04\/trasparenza-300x224.jpg 300w\" sizes=\"auto, (max-width: 193px) 100vw, 193px\" \/>Su una inconsistente delega alla \u201ctrasparenza\u201d, anch\u2019essa denunciata in un precedente nostro articolo (<a href=\"politica\/1561-delega-falcone-una-trasparenza-sempre-piu-trasparente.html\">http:\/\/www.gioianet.it\/politica\/1561-delega-falcone-una-trasparenza-sempre-piu-trasparente.html<\/a>), si \u00e8 giocata la partita sulla credibilit\u00e0 politica del consigliere Falcone.<\/p>\n<div style=\"text-align: justify;\"><\/div>\n<p style=\"text-align: justify;\">\u201c<em>In politica sta tornando di moda l\u2019andreottiano.. . \u00e8 meglio tirare a campare che tirare le cuoia<\/em> \u2013 afferma il consigliere \u2013 [\u2026] <em>Questa anomala tendenza si riscontra anche a Gioia, dove <strong>l\u2019Amministrazione \u00e8 oramai ferma, incapace di fare le giuste scelte<\/strong> e di operare efficacemente secondo i bisogni della Citt\u00e0, di fronte al Gruppo di Maggioranza consiliare del <strong>Popolo delle Libert\u00e0<\/strong> che <strong>va <img loading=\"lazy\" decoding=\"async\" class=\" alignleft size-full wp-image-11591\" style=\"margin: 4px; float: left;\" alt=\"libera2\" src=\"https:\/\/archiviogioia.lavocedelpaese.info\/wp-content\/uploads\/2011\/06\/libera2.jpg\" height=\"133\" width=\"200\" srcset=\"https:\/\/archiviogioia.lavocedelpaese.info\/wp-content\/uploads\/2011\/06\/libera2.jpg 457w, https:\/\/archiviogioia.lavocedelpaese.info\/wp-content\/uploads\/2011\/06\/libera2-300x199.jpg 300w\" sizes=\"auto, (max-width: 200px) 100vw, 200px\" \/>sgretolandosi, ma non ha il coraggio e la lealt\u00e0 di manifestarlo alla Citt\u00e0<\/strong> e va avanti come se nulla fosse successo, mentre tutto \u00e8 cambiato e crollato rispetto ai risultati elettorali<\/em>\u201d. <br \/> \u201c<em>La Citt\u00e0 ha il diritto di sapere<\/em> \u2013 <strong>e qui il fallimento di delegato alla \u201ctrasparenza\u201d si interseca con quello politico<\/strong> &#8211; <em>e soprattutto di sapere cosa i cambiamenti produrranno nella vita amministrativa e politica. <strong>Far finta che nulla sia successo \u00e8 un inganno, e perci\u00f2 costituisce una grave ed immorale slealt\u00e0<\/strong>, con la conseguenza che la furbizia di occultare la realt\u00e0 far\u00e0 crescere la sfiducia dei Cittadini nei nostri riguardi, <strong>che avr\u00e0 immediate e gravi conseguenze elettorali<\/strong>. La furbizia andreottiana si trasformer\u00e0 invece in una catastrofe, perch\u00e9 il tirare a campare sar\u00e0 la causa del tirare le cuoia<\/em>\u201d.<\/p>\n<div style=\"text-align: justify;\"><\/div>\n<p style=\"text-align: justify;\"><img loading=\"lazy\" decoding=\"async\" class=\" alignright size-full wp-image-12572\" style=\"margin: 4px; float: right;\" alt=\"surico-fini\" src=\"https:\/\/archiviogioia.lavocedelpaese.info\/wp-content\/uploads\/2011\/07\/surico-fini.jpg\" height=\"188\" width=\"250\" srcset=\"https:\/\/archiviogioia.lavocedelpaese.info\/wp-content\/uploads\/2011\/07\/surico-fini.jpg 720w, https:\/\/archiviogioia.lavocedelpaese.info\/wp-content\/uploads\/2011\/07\/surico-fini-300x225.jpg 300w\" sizes=\"auto, (max-width: 250px) 100vw, 250px\" \/>\u201c<em>Il Consigliere Regionale dr. <strong>Surico<\/strong><\/em> \u2013 di cui ricordiamo la querelle con Pistilli, parente del Falcone, il quale lo accus\u00f2 di clientelismo (<a href=\"http:\/\/www.acquavivanet.it\/politica\/345-lino-romanelli-pistilli-e-le-liti-nel-centrodestra.html\">http:\/\/www.acquavivanet.it\/politica\/345-lino-romanelli-pistilli-e-le-liti-nel-centrodestra.html<\/a>)\u00a0 &#8211; <strong><em>ha iniziato questa politica del disfacimento occulto<\/em><\/strong><em>: egli ha guidato il piccolo manipolo dei Consiglieri che hanno aderito a Futuro e Libert\u00e0, senza tuttavia tirare coerentemente le conclusioni di questa nuova scelta. E pur avendo rotto con il gruppo originario, i suoi amici hanno continuato a mantenere tutti gli incarichi ricevuti dalla vecchia Maggioranza. N\u00e9 <strong>il Sindaco<\/strong> ha sentito il bisogno di fare chiarezza di fronte al nuovo scenario consiliare, ma <strong>ha coltivato il comodo opportunismo di far finta<\/strong>, come le tre scimmiette, <strong>di non vedere, non sentire, non parlare<\/strong>. Sono seguiti altri scricchiolii, altri smottamenti, ma senza che ci\u00f2 determinasse il bisogno di fare chiarezza. Si \u00e8 tirato a campare, riducendosi ad una ordinaria e stentoria amministrazione, <img loading=\"lazy\" decoding=\"async\" class=\" alignleft size-full wp-image-9454\" style=\"margin: 4px; float: left;\" alt=\"consiglio_maggioranza\" src=\"https:\/\/archiviogioia.lavocedelpaese.info\/wp-content\/uploads\/2011\/04\/consiglio_maggioranza.jpg\" height=\"166\" width=\"250\" srcset=\"https:\/\/archiviogioia.lavocedelpaese.info\/wp-content\/uploads\/2011\/04\/consiglio_maggioranza.jpg 800w, https:\/\/archiviogioia.lavocedelpaese.info\/wp-content\/uploads\/2011\/04\/consiglio_maggioranza-300x200.jpg 300w, https:\/\/archiviogioia.lavocedelpaese.info\/wp-content\/uploads\/2011\/04\/consiglio_maggioranza-768x511.jpg 768w\" sizes=\"auto, (max-width: 250px) 100vw, 250px\" \/>con il minimo contributo programmatico del <strong>Consiglio Comunale, convocato di rado<\/strong> per evitare che si trasformasse in luogo dello scandalo politico<\/em>\u201d.<\/p>\n<div style=\"text-align: justify;\"><\/div>\n<p style=\"text-align: justify;\">Sul \u201c<strong>di rado<\/strong>\u201d, a onor del vero, ci sarebbe da sindacare, <strong>essendo da guinness dei primati il numero di convocazioni (e di conseguenza di gettoni di presenze maturati e \u201csborsati\u201d dalla comunit\u00e0).<\/strong><br \/> \u201c<em>Ma quale giudizio ci riserveranno i Cittadini alle prossime elezioni<\/em> \u2013 si infervora il capogruppo del PDL &#8211; <em>se non poniamo rimedio a questo degradato stato di cose? Perch\u00e9 con coraggio non si pretende un chiarimento, anche a costo di rimuovere tutti gli incarichi e se necessario dichiarare esplicitamente la crisi amministrativa<\/em>\u201d?<img loading=\"lazy\" decoding=\"async\" class=\" alignright size-full wp-image-12573\" style=\"margin: 4px; float: right;\" alt=\"maria-teresa-tracquilio\" src=\"https:\/\/archiviogioia.lavocedelpaese.info\/wp-content\/uploads\/2011\/07\/maria-teresa-tracquilio.jpg\" height=\"151\" width=\"250\" srcset=\"https:\/\/archiviogioia.lavocedelpaese.info\/wp-content\/uploads\/2011\/07\/maria-teresa-tracquilio.jpg 756w, https:\/\/archiviogioia.lavocedelpaese.info\/wp-content\/uploads\/2011\/07\/maria-teresa-tracquilio-300x181.jpg 300w\" sizes=\"auto, (max-width: 250px) 100vw, 250px\" \/><\/p>\n<div style=\"text-align: justify;\"><\/div>\n<p style=\"text-align: justify;\">\u201c[\u2026] <strong><em>Chi affida la sua politica a questa forma di indecisione<\/em><\/strong><em>, che si tenta far passare per sopraffina tattica politica, rompendo l\u2019unit\u00e0 del gruppo, ma non ufficializzandolo mai, non traendone tutte le dovute e necessarie conseguenze, ma puntando su una liquida e logorante ambiguit\u00e0 di comportamento, <strong>non far\u00e0 molta strada, perch\u00e9 non potr\u00e0 pi\u00f9 contare sulla fiducia della base elettorale<\/strong><\/em>\u201d.<\/p>\n<div style=\"text-align: justify;\"><\/div>\n<p style=\"text-align: justify;\">Un dubbio: ma prima che sulla carta stampata e in web,\u00a0 non sarebbe stato opportuno chiarire la cosa con la signora <strong>Maria Teresa Tracquilio<\/strong>, che continua a ribadire la compattezza della compagine pidiellina?<img loading=\"lazy\" decoding=\"async\" class=\" alignleft size-full wp-image-12574\" style=\"margin: 4px; float: left;\" alt=\"pdl_gioia_del_colle\" src=\"https:\/\/archiviogioia.lavocedelpaese.info\/wp-content\/uploads\/2011\/07\/pdl_gioia_del_colle.jpg\" height=\"163\" width=\"164\" srcset=\"https:\/\/archiviogioia.lavocedelpaese.info\/wp-content\/uploads\/2011\/07\/pdl_gioia_del_colle.jpg 454w, https:\/\/archiviogioia.lavocedelpaese.info\/wp-content\/uploads\/2011\/07\/pdl_gioia_del_colle-300x297.jpg 300w, https:\/\/archiviogioia.lavocedelpaese.info\/wp-content\/uploads\/2011\/07\/pdl_gioia_del_colle-150x150.jpg 150w\" sizes=\"auto, (max-width: 164px) 100vw, 164px\" \/><\/p>\n<div style=\"text-align: justify;\"><\/div>\n<p style=\"text-align: justify;\">\u201c<em>I nostri Concittadini sono abbastanza intelligenti per capire come stanno le cose: <strong>chi ritiene di fare il furbo \u00e8 un povero illuso che andr\u00e0 incontro alla prossima catastrofe elettorale<\/strong><\/em>\u201d, torna a vaticinare il consigliere.<\/p>\n<div style=\"text-align: justify;\"><\/div>\n<p style=\"text-align: justify;\">Profetica affermazione, o minaccia occulta rivolta a chi \u201cha orecchie\u201d per sentire?<\/p>\n<div style=\"text-align: justify;\"><\/div>\n<p style=\"text-align: justify;\">\u201c<strong><em>Come responsabile del Gruppo Consiliare del PDL ritengo necessario fare subito chiarezza, anche a costo di esplicite diserzioni <\/em><\/strong><img loading=\"lazy\" decoding=\"async\" class=\" alignright size-full wp-image-3268\" style=\"margin: 4px; float: right;\" alt=\"103_T\" src=\"https:\/\/archiviogioia.lavocedelpaese.info\/wp-content\/uploads\/2010\/07\/103_T.gif\" height=\"219\" width=\"219\" \/><strong><em>e deflagrazioni<\/em><\/strong>\u201d.<\/p>\n<div style=\"text-align: justify;\"><\/div>\n<p style=\"text-align: justify;\">Ci perdoni, il consigliere, ma la minaccia di diserzioni a diserzioni avvenute risulta a dir poco ridicola\u2026 a che serve chiudere il recinto dopo che i buoi sono scappati? Sulle deflagrazioni la battuta \u00e8 d\u2019obbligo\u2026 che siano collegate a flatulenti \u201cindigestioni\u201d o a gorgoglianti e forzati \u201cdigiuni\u201d?<\/p>\n<div style=\"text-align: justify;\"><\/div>\n<p style=\"text-align: justify;\">Non ancora soddisfatto, incalza: \u201c[\u2026] <em>si dia alla nostra Citt\u00e0 un messaggio molto chiaro: <strong>meglio cadere nella chiarezza e nella lealt\u00e0 verso la Citt\u00e0, che mantenersi in piedi con le stampelle dell\u2019ambiguit\u00e0 occulta e dell\u2019immobilismo amministrativo<\/strong>, senza nulla produrre pi\u00f9 di utile e di concreto. Soltanto <strong><span style=\"text-decoration: underline;\">se saremo leali e trasparenti, superando individualismi e frettolose ambizioni, potremo tornare ad essere uniti e perci\u00f2 efficaci ed operativi<\/span><\/strong>, e meritare l\u2019ulteriore fiducia della Citt\u00e0, che ha riposto in noi tanta fiducia nelle ultime votazioni<\/em>\u201d.<\/p>\n<div style=\"text-align: justify;\"><\/div>\n<p style=\"text-align: justify;\"><strong>Su questo inciso<\/strong><strong><img loading=\"lazy\" decoding=\"async\" class=\" alignleft size-full wp-image-9432\" style=\"margin: 4px; float: left;\" alt=\"piero_longo_accigliato\" src=\"https:\/\/archiviogioia.lavocedelpaese.info\/wp-content\/uploads\/2011\/04\/piero_longo_accigliato.jpg\" height=\"182\" width=\"150\" srcset=\"https:\/\/archiviogioia.lavocedelpaese.info\/wp-content\/uploads\/2011\/04\/piero_longo_accigliato.jpg 353w, https:\/\/archiviogioia.lavocedelpaese.info\/wp-content\/uploads\/2011\/04\/piero_longo_accigliato-247x300.jpg 247w\" sizes=\"auto, (max-width: 150px) 100vw, 150px\" \/><\/strong><strong>, l\u2019arcano si svela e la finalit\u00e0 diventa esplicita: trattasi di nuova compravendita!<\/strong><\/p>\n<div style=\"text-align: justify;\"><\/div>\n<p style=\"text-align: justify;\"><strong>Tra appelli alla lealt\u00e0<\/strong> (ma quale lealt\u00e0 e a chi?) <strong>e alla trasparenza<\/strong> (no comment!), al superamento di individualismi (chi l\u2019avrebbe mai detto che ci sono!) per non parlare delle \u201c<em>frettolose ambizioni<\/em>\u201d <strong>verrebbe veramente da dire<\/strong>, alla Tot\u00f2 maniera: \u201c<strong>Ca nisciun \u00e8 fess<\/strong>!\u201d.<\/p>\n<div style=\"text-align: justify;\"><\/div>\n<p style=\"text-align: justify;\"><strong>Ma chi si vuol prendere in giro<\/strong>?<\/p>\n<div style=\"text-align: justify;\"><\/div>\n<p style=\"text-align: justify;\"><strong>Ai lettori, futuri elettori, l\u2019ardua sentenza<\/strong> su dichiarazioni di cos\u00ec profonda e retorica acrimonia!<\/p>\n","protected":false},"excerpt":{"rendered":"","protected":false},"author":1,"featured_media":12571,"comment_status":"open","ping_status":"closed","sticky":false,"template":"","format":"standard","meta":{"colormag_page_container_layout":"default_layout","colormag_page_sidebar_layout":"default_layout","footnotes":""},"categories":[4],"tags":[],"class_list":["post-12601","post","type-post","status-publish","format-standard","has-post-thumbnail","hentry","category-politica"],"_links":{"self":[{"href":"https:\/\/archiviogioia.lavocedelpaese.info\/index.php?rest_route=\/wp\/v2\/posts\/12601","targetHints":{"allow":["GET"]}}],"collection":[{"href":"https:\/\/archiviogioia.lavocedelpaese.info\/index.php?rest_route=\/wp\/v2\/posts"}],"about":[{"href":"https:\/\/archiviogioia.lavocedelpaese.info\/index.php?rest_route=\/wp\/v2\/types\/post"}],"author":[{"embeddable":true,"href":"https:\/\/archiviogioia.lavocedelpaese.info\/index.php?rest_route=\/wp\/v2\/users\/1"}],"replies":[{"embeddable":true,"href":"https:\/\/archiviogioia.lavocedelpaese.info\/index.php?rest_route=%2Fwp%2Fv2%2Fcomments&post=12601"}],"version-history":[{"count":0,"href":"https:\/\/archiviogioia.lavocedelpaese.info\/index.php?rest_route=\/wp\/v2\/posts\/12601\/revisions"}],"wp:featuredmedia":[{"embeddable":true,"href":"https:\/\/archiviogioia.lavocedelpaese.info\/index.php?rest_route=\/wp\/v2\/media\/12571"}],"wp:attachment":[{"href":"https:\/\/archiviogioia.lavocedelpaese.info\/index.php?rest_route=%2Fwp%2Fv2%2Fmedia&parent=12601"}],"wp:term":[{"taxonomy":"category","embeddable":true,"href":"https:\/\/archiviogioia.lavocedelpaese.info\/index.php?rest_route=%2Fwp%2Fv2%2Fcategories&post=12601"},{"taxonomy":"post_tag","embeddable":true,"href":"https:\/\/archiviogioia.lavocedelpaese.info\/index.php?rest_route=%2Fwp%2Fv2%2Ftags&post=12601"}],"curies":[{"name":"wp","href":"https:\/\/api.w.org\/{rel}","templated":true}]}}