{"id":12665,"date":"2011-07-04T05:39:47","date_gmt":"2011-07-04T05:39:47","guid":{"rendered":"https:\/\/archiviogioia.lavocedelpaese.info\/?p=12665"},"modified":"2011-07-04T05:39:47","modified_gmt":"2011-07-04T05:39:47","slug":"con-emergency-per-ricordare-francesco-scarnera-2","status":"publish","type":"post","link":"https:\/\/archiviogioia.lavocedelpaese.info\/?p=12665","title":{"rendered":"CON EMERGENCY PER RICORDARE FRANCESCO SCARNERA"},"content":{"rendered":"<p><img loading=\"lazy\" decoding=\"async\" class=\" size-full wp-image-12640\" alt=\"memorial-francesco-scarnera\" src=\"https:\/\/archiviogioia.lavocedelpaese.info\/wp-content\/uploads\/2011\/07\/memorial-francesco-scarnera.jpg\" height=\"150\" width=\"320\" srcset=\"https:\/\/archiviogioia.lavocedelpaese.info\/wp-content\/uploads\/2011\/07\/memorial-francesco-scarnera.jpg 640w, https:\/\/archiviogioia.lavocedelpaese.info\/wp-content\/uploads\/2011\/07\/memorial-francesco-scarnera-300x141.jpg 300w\" sizes=\"auto, (max-width: 320px) 100vw, 320px\" \/> <\/p>\n<p><!--more--><\/p>\n<p style=\"text-align: justify;\"><strong><img loading=\"lazy\" decoding=\"async\" class=\" alignleft size-full wp-image-12641\" style=\"margin: 4px; float: left;\" alt=\"emergency3\" src=\"https:\/\/archiviogioia.lavocedelpaese.info\/wp-content\/uploads\/2011\/07\/emergency3.jpg\" height=\"275\" width=\"170\" srcset=\"https:\/\/archiviogioia.lavocedelpaese.info\/wp-content\/uploads\/2011\/07\/emergency3.jpg 556w, https:\/\/archiviogioia.lavocedelpaese.info\/wp-content\/uploads\/2011\/07\/emergency3-185x300.jpg 185w\" sizes=\"auto, (max-width: 170px) 100vw, 170px\" \/>Chi vive nei nostri cuori non muore mai<\/strong>, <strong>continua a vivere tra la gente<\/strong>, quale strumento di vita di pace e di speranza, affinch\u00e9 la sua perdita non sia stata vana, perche <strong>la sua memoria<\/strong> diventi <strong>linfa vitale per chi soffre<\/strong>.<\/p>\n<div style=\"text-align: justify;\"><\/div>\n<p style=\"text-align: justify;\">Ecco perch\u00e9 <strong>il <\/strong>\u201c<strong>Memorial Francesco Scarnera<\/strong>\u201d, a partire da questo 6\u00b0 anno da quella immane tragedia del 6 agosto 2005, <strong>si trasforma in una missione di Solidariet\u00e0<\/strong>, quella stessa missione da lui tante volte voluta come militare, ma mai concretizzata. Ora <strong>la sua memoria vivr\u00e0 anche in quei posti<\/strong>, <strong>in quel martoriato Afganistan<\/strong>, accanto alle persone che soffrono, tra le corsie animate soprattutto da piccole vittime di guerra e mine antiuomo, <strong>in uno degli Ospedali di EMERGENCY<\/strong>, che sar\u00e0 <strong>adottato a suo nome<\/strong> \u201c<strong>Giuseppe Francesco SCARNERA<\/strong>\u201d e per tutti lui avr\u00e0 il suo indimenticabile sorriso, camminando mano nella mano con la sua amata Antonella.<\/p>\n<div style=\"text-align: justify;\"><\/div>\n<p style=\"text-align: justify;\"><strong>Esattamente il CENTRO MEDICO CHIRURGICO di Anabah<\/strong>, Valle del Panshir, che conta: 19.988 ricoveri, 117.811 visite ambulatoriali, 13.885 interventi chirurgici, con 70 posti letto e 211 Unit\u00e0 di personale locale<strong><img loading=\"lazy\" decoding=\"async\" class=\" alignright size-full wp-image-12642\" style=\"margin: 4px; float: right;\" alt=\"01_vista_ospedale_anabah\" src=\"https:\/\/archiviogioia.lavocedelpaese.info\/wp-content\/uploads\/2011\/07\/01_vista_ospedale_anabah.jpg\" height=\"193\" width=\"270\" srcset=\"https:\/\/archiviogioia.lavocedelpaese.info\/wp-content\/uploads\/2011\/07\/01_vista_ospedale_anabah.jpg 450w, https:\/\/archiviogioia.lavocedelpaese.info\/wp-content\/uploads\/2011\/07\/01_vista_ospedale_anabah-300x215.jpg 300w\" sizes=\"auto, (max-width: 270px) 100vw, 270px\" \/><\/strong>.<\/p>\n<div style=\"text-align: justify;\"><\/div>\n<p style=\"text-align: justify;\">Come aree di intervento: <strong>Chirurgia per vittime di guerra e mine antiuomo<\/strong> \u2013\u00a0Chirurgia <strong>d\u2019urgenza<\/strong> \u2013\u00a0<strong>Medicina interna<\/strong> \u2013 <strong>Pediatria<\/strong>.<\/p>\n<div style=\"text-align: justify;\"><\/div>\n<p style=\"text-align: justify;\">Una struttura che contiene <strong>al suo interno Pronto Soccorso<\/strong>, <strong>Ambulatorio<\/strong>, 2 <strong>Sale operatorie<\/strong>, <strong>Terapia intensiva<\/strong>, Corsie, Fisioterapia, Radiologia, Laboratorio e Banca del sangue, Farmacia, Aule, Sala giochi, Servizi, Manutenzione.<\/p>\n<div style=\"text-align: justify;\"><\/div>\n<p style=\"text-align: justify;\"><strong>Struttura che nel 1999 Emergency ha trasformato da un\u2019ex caserma <\/strong>del Villaggio di Anabah, Valle del Panshir, <strong>in un Centro chirurgico<\/strong> per vittime di guerra.<\/p>\n<div style=\"text-align: justify;\"><\/div>\n<p style=\"text-align: justify;\"><img loading=\"lazy\" decoding=\"async\" class=\" alignleft size-full wp-image-12643\" style=\"margin: 4px; float: left;\" alt=\"emergency3a\" src=\"https:\/\/archiviogioia.lavocedelpaese.info\/wp-content\/uploads\/2011\/07\/emergency3a.jpg\" height=\"197\" width=\"300\" srcset=\"https:\/\/archiviogioia.lavocedelpaese.info\/wp-content\/uploads\/2011\/07\/emergency3a.jpg 900w, https:\/\/archiviogioia.lavocedelpaese.info\/wp-content\/uploads\/2011\/07\/emergency3a-300x197.jpg 300w, https:\/\/archiviogioia.lavocedelpaese.info\/wp-content\/uploads\/2011\/07\/emergency3a-768x504.jpg 768w\" sizes=\"auto, (max-width: 300px) 100vw, 300px\" \/>Per rispondere ai bisogni della popolazione, <strong>le attivit\u00e0 del Centro si sono progressivamente ampliate<\/strong> fino a includere la Chirurgia d\u2019urgenza e la  Traumatologia. Nel 2003, sono state avviate le unit\u00e0 di Pediatria e di medicina interna e, in prossimit\u00e0 della struttura principale, \u00e8 stato inaugurato un Centro di Maternit\u00e0 che <strong>fornisce assistenza alle donne e ai neonati<\/strong> in un\u2019area del paese dove si registra uno dei <strong>tassi di mortalit\u00e0 materno-infantile pi\u00f9 alti al mondo<\/strong>.<\/p>\n<div style=\"text-align: justify;\"><\/div>\n<p style=\"text-align: justify;\">Ricordo in ogni caso, che<strong> sar\u00e0\u00a0 sentita la volont\u00e0\u00a0degli amici pi\u00f9\u00a0cari per organizzare<\/strong> sempre <strong>una partita di calcetto<\/strong>, in forma semplice e ristretta, <strong>per ricordare sempre Francesco <img loading=\"lazy\" decoding=\"async\" class=\" alignright size-full wp-image-12644\" style=\"margin: 4px; float: right;\" alt=\"emergency2\" src=\"https:\/\/archiviogioia.lavocedelpaese.info\/wp-content\/uploads\/2011\/07\/emergency2.jpg\" height=\"207\" width=\"190\" srcset=\"https:\/\/archiviogioia.lavocedelpaese.info\/wp-content\/uploads\/2011\/07\/emergency2.jpg 435w, https:\/\/archiviogioia.lavocedelpaese.info\/wp-content\/uploads\/2011\/07\/emergency2-276x300.jpg 276w\" sizes=\"auto, (max-width: 190px) 100vw, 190px\" \/>Scarnera, Antonella Capurso e Grazia Berenato<\/strong>.<\/p>\n<div style=\"text-align: justify;\"><\/div>\n<p style=\"text-align: justify;\">Ma <strong>al fine di evitare altre tragedie simili<\/strong>, come ogni anno, <strong>il mio appello ai giovani<\/strong> che scelgono le vacanze in quei Posti \u00e8\u00a0quello <strong>di vigilare sull\u2019operato delle Agenzie<\/strong>. Pretendere di sapere tutte le notizie inerenti il proprio viaggio, il nome della Compagnia aerea alla quale si affida la propria vita e <strong>tutto quanto attiene la sua affidabilit\u00e0<\/strong>. Come tristemente appreso dalle pagine dei quotidiani, c\u2019\u00e8 chi vende la vita di turisti ignari, intascando mazzette e autorizzando il volo di Compagnie aeree prive dei requisiti di sicurezza. <strong>BASTA vittime di negligenze in nome della politica del profitto<\/strong>. BASTA sogni infranti e famiglie distrutte.<\/p>\n<div style=\"text-align: justify;\"><\/div>\n<p style=\"text-align: justify;\"><strong>Questo mio piccolo gesto<\/strong>, unico regalo che mi resta da fare, <strong>per contraccambiare l\u2019immenso affetto<\/strong> che Francesco mi ha sempre donato durante i suoi 25 anni, grata di continuare ad averlo sempre accanto con il suo <strong>volo festoso di farfalla<\/strong>.<\/p>\n","protected":false},"excerpt":{"rendered":"","protected":false},"author":1,"featured_media":12640,"comment_status":"open","ping_status":"closed","sticky":false,"template":"","format":"standard","meta":{"colormag_page_container_layout":"default_layout","colormag_page_sidebar_layout":"default_layout","footnotes":""},"categories":[7],"tags":[],"class_list":["post-12665","post","type-post","status-publish","format-standard","has-post-thumbnail","hentry","category-attualita"],"_links":{"self":[{"href":"https:\/\/archiviogioia.lavocedelpaese.info\/index.php?rest_route=\/wp\/v2\/posts\/12665","targetHints":{"allow":["GET"]}}],"collection":[{"href":"https:\/\/archiviogioia.lavocedelpaese.info\/index.php?rest_route=\/wp\/v2\/posts"}],"about":[{"href":"https:\/\/archiviogioia.lavocedelpaese.info\/index.php?rest_route=\/wp\/v2\/types\/post"}],"author":[{"embeddable":true,"href":"https:\/\/archiviogioia.lavocedelpaese.info\/index.php?rest_route=\/wp\/v2\/users\/1"}],"replies":[{"embeddable":true,"href":"https:\/\/archiviogioia.lavocedelpaese.info\/index.php?rest_route=%2Fwp%2Fv2%2Fcomments&post=12665"}],"version-history":[{"count":0,"href":"https:\/\/archiviogioia.lavocedelpaese.info\/index.php?rest_route=\/wp\/v2\/posts\/12665\/revisions"}],"wp:featuredmedia":[{"embeddable":true,"href":"https:\/\/archiviogioia.lavocedelpaese.info\/index.php?rest_route=\/wp\/v2\/media\/12640"}],"wp:attachment":[{"href":"https:\/\/archiviogioia.lavocedelpaese.info\/index.php?rest_route=%2Fwp%2Fv2%2Fmedia&parent=12665"}],"wp:term":[{"taxonomy":"category","embeddable":true,"href":"https:\/\/archiviogioia.lavocedelpaese.info\/index.php?rest_route=%2Fwp%2Fv2%2Fcategories&post=12665"},{"taxonomy":"post_tag","embeddable":true,"href":"https:\/\/archiviogioia.lavocedelpaese.info\/index.php?rest_route=%2Fwp%2Fv2%2Ftags&post=12665"}],"curies":[{"name":"wp","href":"https:\/\/api.w.org\/{rel}","templated":true}]}}