{"id":12844,"date":"2011-07-10T07:06:59","date_gmt":"2011-07-10T07:06:59","guid":{"rendered":"https:\/\/archiviogioia.lavocedelpaese.info\/?p=12844"},"modified":"2011-07-10T07:06:59","modified_gmt":"2011-07-10T07:06:59","slug":"terzo-settore-miseria-sfruttamento-e-rabbia","status":"publish","type":"post","link":"https:\/\/archiviogioia.lavocedelpaese.info\/?p=12844","title":{"rendered":"TERZO SETTORE: MISERIA, SFRUTTAMENTO E RABBIA"},"content":{"rendered":"<p><img loading=\"lazy\" decoding=\"async\" class=\" size-full wp-image-12838\" alt=\"terzo-settore-grida-basta-p\" src=\"https:\/\/archiviogioia.lavocedelpaese.info\/wp-content\/uploads\/2011\/07\/terzo-settore-grida-basta-p.jpg\" height=\"150\" width=\"320\" srcset=\"https:\/\/archiviogioia.lavocedelpaese.info\/wp-content\/uploads\/2011\/07\/terzo-settore-grida-basta-p.jpg 320w, https:\/\/archiviogioia.lavocedelpaese.info\/wp-content\/uploads\/2011\/07\/terzo-settore-grida-basta-p-300x141.jpg 300w\" sizes=\"auto, (max-width: 320px) 100vw, 320px\" \/> <\/p>\n<p><!--more--><\/p>\n<p style=\"text-align: justify;\"><strong><img loading=\"lazy\" decoding=\"async\" class=\" alignright size-full wp-image-12839\" style=\"margin: 4px; float: right;\" alt=\"terso_settore_logo\" src=\"https:\/\/archiviogioia.lavocedelpaese.info\/wp-content\/uploads\/2011\/07\/terso_settore_logo.jpg\" height=\"109\" width=\"200\" srcset=\"https:\/\/archiviogioia.lavocedelpaese.info\/wp-content\/uploads\/2011\/07\/terso_settore_logo.jpg 304w, https:\/\/archiviogioia.lavocedelpaese.info\/wp-content\/uploads\/2011\/07\/terso_settore_logo-300x164.jpg 300w\" sizes=\"auto, (max-width: 200px) 100vw, 200px\" \/>Riceviamo e pubblichiamo <\/strong>un<strong> comunicato stampa <\/strong>pervenuto dal<strong> Coordinamento dei lavoratori del Terzo Settore <\/strong>in cui si evidenzia il preoccupante stato di crisi in cui versano da anni gli stessi lavoratori.<\/p>\n<div style=\"text-align: justify;\"><\/div>\n<p style=\"text-align: justify;\">&#8212;&#8212;&#8212;&#8212;&#8212;&#8212;&#8212;&#8212;&#8212;&#8212;&#8212;&#8212;&#8212;&#8212;&#8212;&#8212;<\/p>\n<div style=\"text-align: justify;\"><\/div>\n<p style=\"text-align: justify;\"><strong>I lavoratori del terzo settore<\/strong> (cooperative sociali, associazioni di volontariato, fondazioni, consorzi, Ong, liberi professionisti direttamente contrattualizzati da Enti Pubblici) <strong>incontreranno mercoled\u00ec 13 luglio<\/strong> alle ore 11.00 <strong>il Sindaco del Comune di Bari<\/strong>, l\u2019Ass. al Welfare, i tecnici dei servizi sociali, presso la Sala Consiliare in Corso Vittorio Emanuele II, 84, <strong>al fine di fare chiarezza rispetto a quanto continuano a subire da anni<\/strong>:<\/p>\n<div style=\"text-align: justify;\">\n<ul>\n<li><strong>Ritardi di retribuzione<\/strong> dai 3 ai      12 mesi.<strong><img loading=\"lazy\" decoding=\"async\" class=\" alignright size-full wp-image-12841\" style=\"margin: 4px; float: right;\" alt=\"comune_di_bari\" src=\"https:\/\/archiviogioia.lavocedelpaese.info\/wp-content\/uploads\/2011\/07\/comune_di_bari.jpg\" height=\"147\" width=\"200\" srcset=\"https:\/\/archiviogioia.lavocedelpaese.info\/wp-content\/uploads\/2011\/07\/comune_di_bari.jpg 340w, https:\/\/archiviogioia.lavocedelpaese.info\/wp-content\/uploads\/2011\/07\/comune_di_bari-300x221.jpg 300w\" sizes=\"auto, (max-width: 200px) 100vw, 200px\" \/><\/strong><\/li>\n<li><strong>Straordinari non<\/strong> programmati e non <strong>retribuiti<\/strong>.<\/li>\n<li>Progressivo      <strong>peggioramento delle condizioni<\/strong>\/relazioni      nei <strong>luoghi di lavoro<\/strong>.<\/li>\n<li><strong>Aumento dei carichi di lavoro<\/strong>.<\/li>\n<li>Massima <strong>precariet\u00e0 e flessibilit\u00e0<\/strong>.<\/li>\n<li><strong>Peggioramento delle condizioni      lavorative<\/strong> e conseguente riduzione della qualit\u00e0 dei servizi, con relativo ricatto      legato alla responsabilit\u00e0 attribuita ai lavoratori.<\/li>\n<li><strong>Manifestarsi<\/strong> di tutte      quelle <strong>contraddizioni generate      dalla concorrenza<\/strong> del mercato delle merci e dei servizi:      concentrazione della <strong>ricchezza      nelle mani di pochi e impoverimento della restante popolazione<\/strong>.<\/li>\n<\/ul>\n<\/div>\n<p style=\"text-align: justify;\"><strong><img loading=\"lazy\" decoding=\"async\" class=\" alignleft size-full wp-image-12842\" style=\"margin: 4px; float: left;\" alt=\"Ministero_LavoroR400\" src=\"https:\/\/archiviogioia.lavocedelpaese.info\/wp-content\/uploads\/2011\/07\/Ministero_LavoroR400.jpg\" height=\"167\" width=\"250\" srcset=\"https:\/\/archiviogioia.lavocedelpaese.info\/wp-content\/uploads\/2011\/07\/Ministero_LavoroR400.jpg 400w, https:\/\/archiviogioia.lavocedelpaese.info\/wp-content\/uploads\/2011\/07\/Ministero_LavoroR400-300x200.jpg 300w\" sizes=\"auto, (max-width: 250px) 100vw, 250px\" \/>Con la L.328\/2000<\/strong> e con le prime triennalit\u00e0 <strong>dei Piani Sociali di Zona<\/strong>, abbiamo <strong>pensato che<\/strong> <strong>la situazione potesse cambiare<\/strong>, che la sottoscrizione degli stessi, da parte di referenti comunali e sindacali, potesse e dovesse in qualche modo garantirci condizioni migliori di vita e di lavoro.<\/p>\n<div style=\"text-align: justify;\"><\/div>\n<p style=\"text-align: justify;\"><strong>A distanza di 5 anni<\/strong> dall\u2019approvazione dei Piani di Zona, constatiamo che <strong>nulla \u00e8 mutato per i lavoratori<\/strong>, <strong>al contrario si continua a versare in condizioni miserrime<\/strong>, con la <strong>minaccia del taglio definitivo di servizi e relativi fondi<\/strong>. Analizzando le diverse problematiche durante gli incontri avuti tra lavoratori di diverse realt\u00e0, abbiamo constatato che il viluppo di interessi tra pubblico e privato \u00e8 divenuto tale e tanto da non consentire, in alcuni casi, una precisa responsabilit\u00e0 rispetto a quanto continua a verificarsi per i ritardi delle <img loading=\"lazy\" decoding=\"async\" class=\" alignright size-full wp-image-12843\" style=\"margin: 4px; float: right;\" alt=\"terzo_settore_lavoratori\" src=\"https:\/\/archiviogioia.lavocedelpaese.info\/wp-content\/uploads\/2011\/07\/terzo_settore_lavoratori.jpg\" height=\"166\" width=\"250\" srcset=\"https:\/\/archiviogioia.lavocedelpaese.info\/wp-content\/uploads\/2011\/07\/terzo_settore_lavoratori.jpg 320w, https:\/\/archiviogioia.lavocedelpaese.info\/wp-content\/uploads\/2011\/07\/terzo_settore_lavoratori-300x200.jpg 300w\" sizes=\"auto, (max-width: 250px) 100vw, 250px\" \/>retribuzioni o per altre difficolt\u00e0 e abbiamo appreso che spesso <strong>il Comune di Bari ha la sua grossa parte di responsabilit\u00e0 in questa dinamica assurda<\/strong> <strong>che si abbatte<\/strong> sulle nostre vite e di conseguenza <strong>sulle vite delle persone in disagio sociale<\/strong>.<\/p>\n<div style=\"text-align: justify;\"><\/div>\n<p style=\"text-align: justify;\"><strong>Invitiamo<\/strong>, pertanto, <strong>tutte le parti sociali coinvolte<\/strong> (coordinatori\/lavoratori di tutti i servizi appaltati dal comune di Bari a Cooperative sociali, associazioni, ecc., i sindacati, i referenti pubblici coinvolti nella gestione dei servizi, i lavoratori di altri settori \u2013 dal momento che il welfare \u00e8 di tutti \u2013 i disoccupati appesi al workfare) <strong>per consentire il definitivo superamento di questo meccanismo di sfruttamento, di miseria e di illegalit\u00e0<\/strong>.<\/p>\n<div style=\"text-align: justify;\"><\/div>\n<p style=\"text-align: right;\">(Il Coordinamento del lavoratori del Terzo Settore)<\/p>\n","protected":false},"excerpt":{"rendered":"","protected":false},"author":1,"featured_media":12838,"comment_status":"open","ping_status":"closed","sticky":false,"template":"","format":"standard","meta":{"colormag_page_container_layout":"default_layout","colormag_page_sidebar_layout":"default_layout","footnotes":""},"categories":[4],"tags":[],"class_list":["post-12844","post","type-post","status-publish","format-standard","has-post-thumbnail","hentry","category-politica"],"_links":{"self":[{"href":"https:\/\/archiviogioia.lavocedelpaese.info\/index.php?rest_route=\/wp\/v2\/posts\/12844","targetHints":{"allow":["GET"]}}],"collection":[{"href":"https:\/\/archiviogioia.lavocedelpaese.info\/index.php?rest_route=\/wp\/v2\/posts"}],"about":[{"href":"https:\/\/archiviogioia.lavocedelpaese.info\/index.php?rest_route=\/wp\/v2\/types\/post"}],"author":[{"embeddable":true,"href":"https:\/\/archiviogioia.lavocedelpaese.info\/index.php?rest_route=\/wp\/v2\/users\/1"}],"replies":[{"embeddable":true,"href":"https:\/\/archiviogioia.lavocedelpaese.info\/index.php?rest_route=%2Fwp%2Fv2%2Fcomments&post=12844"}],"version-history":[{"count":0,"href":"https:\/\/archiviogioia.lavocedelpaese.info\/index.php?rest_route=\/wp\/v2\/posts\/12844\/revisions"}],"wp:featuredmedia":[{"embeddable":true,"href":"https:\/\/archiviogioia.lavocedelpaese.info\/index.php?rest_route=\/wp\/v2\/media\/12838"}],"wp:attachment":[{"href":"https:\/\/archiviogioia.lavocedelpaese.info\/index.php?rest_route=%2Fwp%2Fv2%2Fmedia&parent=12844"}],"wp:term":[{"taxonomy":"category","embeddable":true,"href":"https:\/\/archiviogioia.lavocedelpaese.info\/index.php?rest_route=%2Fwp%2Fv2%2Fcategories&post=12844"},{"taxonomy":"post_tag","embeddable":true,"href":"https:\/\/archiviogioia.lavocedelpaese.info\/index.php?rest_route=%2Fwp%2Fv2%2Ftags&post=12844"}],"curies":[{"name":"wp","href":"https:\/\/api.w.org\/{rel}","templated":true}]}}