{"id":12881,"date":"2011-07-11T06:00:43","date_gmt":"2011-07-11T06:00:43","guid":{"rendered":"https:\/\/archiviogioia.lavocedelpaese.info\/?p=12881"},"modified":"2011-07-11T06:00:43","modified_gmt":"2011-07-11T06:00:43","slug":"manovra-finanziaria-cse-pagano-sempre-gli-stessi-2","status":"publish","type":"post","link":"https:\/\/archiviogioia.lavocedelpaese.info\/?p=12881","title":{"rendered":"MANOVRA FINANZIARIA, CSE: \u201cPAGANO SEMPRE GLI STESSI\u201d"},"content":{"rendered":"<p><img loading=\"lazy\" decoding=\"async\" class=\" size-full wp-image-12860\" alt=\"pagano-sempre-gli-stessi-pp\" src=\"https:\/\/archiviogioia.lavocedelpaese.info\/wp-content\/uploads\/2011\/07\/pagano-sempre-gli-stessi-pp.jpg\" height=\"150\" width=\"320\" srcset=\"https:\/\/archiviogioia.lavocedelpaese.info\/wp-content\/uploads\/2011\/07\/pagano-sempre-gli-stessi-pp.jpg 640w, https:\/\/archiviogioia.lavocedelpaese.info\/wp-content\/uploads\/2011\/07\/pagano-sempre-gli-stessi-pp-300x141.jpg 300w\" sizes=\"auto, (max-width: 320px) 100vw, 320px\" \/> <\/p>\n<p><!--more--><\/p>\n<p style=\"text-align: justify;\"><strong><img loading=\"lazy\" decoding=\"async\" class=\" alignleft size-full wp-image-12861\" style=\"margin: 4px; float: left;\" alt=\"cse_logo.jpg\" src=\"https:\/\/archiviogioia.lavocedelpaese.info\/wp-content\/uploads\/2011\/07\/cse_logo.jpg.png\" height=\"91\" width=\"220\" srcset=\"https:\/\/archiviogioia.lavocedelpaese.info\/wp-content\/uploads\/2011\/07\/cse_logo.jpg.png 981w, https:\/\/archiviogioia.lavocedelpaese.info\/wp-content\/uploads\/2011\/07\/cse_logo.jpg-300x124.png 300w, https:\/\/archiviogioia.lavocedelpaese.info\/wp-content\/uploads\/2011\/07\/cse_logo.jpg-768x319.png 768w\" sizes=\"auto, (max-width: 220px) 100vw, 220px\" \/>Riportiamo<\/strong>, di seguito e integralmente, <strong>il notiziario della confederazione CSE<\/strong> <strong>con cui si commenta l\u2019impianto della manovra finanziaria<\/strong> messa in cantiere dal Governo.<\/p>\n<div style=\"text-align: justify;\"><\/div>\n<p style=\"text-align: justify;\"><strong>Tagli su sanit\u00e0, pensioni, scuola e pubblico impiego<\/strong>. Niente abolizione delle province ma ci sono agevolazioni agli allevatori per lo sforamento delle quote latte. Carlomagno (CSE): \u201c<strong>\u00c8 una manovra iniqua e recessiva, mobiliteremo i lavoratori\u201d<\/strong>.<\/p>\n<div style=\"text-align: justify;\"><\/div>\n<p style=\"text-align: justify;\">&#8212;&#8212;&#8212;&#8212;&#8212;&#8212;&#8212;&#8212;&#8212;&#8212;&#8212;&#8212;&#8212;&#8212;&#8212;&#8212;&#8212;&#8212;&#8212;&#8212;-<\/p>\n<div style=\"text-align: justify;\"><\/div>\n<p style=\"text-align: justify;\"><img loading=\"lazy\" decoding=\"async\" class=\" alignright size-full wp-image-12863\" style=\"margin: 4px; float: right;\" alt=\"finanziaria-2010\" src=\"https:\/\/archiviogioia.lavocedelpaese.info\/wp-content\/uploads\/2011\/07\/finanziaria-2010.jpg\" height=\"166\" width=\"250\" srcset=\"https:\/\/archiviogioia.lavocedelpaese.info\/wp-content\/uploads\/2011\/07\/finanziaria-2010.jpg 554w, https:\/\/archiviogioia.lavocedelpaese.info\/wp-content\/uploads\/2011\/07\/finanziaria-2010-300x199.jpg 300w\" sizes=\"auto, (max-width: 250px) 100vw, 250px\" \/>\u201c<strong>Ancora non \u00e8 completamente noto il testo della manovra finanziaria<\/strong> varata dal governo nei giorni scorsi, <strong>ma<\/strong> a questo siamo abituati, e siamo abituati anche alle misure che vengono annunciate e poi scompaiono dai testi ufficiali mentre ne compaiono altre non annunciate. Ci tocca cos\u00ec commentare una manovra sulla base delle indiscrezioni giornalistiche, confermate per\u00f2 da membri del governo.<\/p>\n<div style=\"text-align: justify;\"><\/div>\n<p style=\"text-align: justify;\">E <strong>il primo commento<\/strong> che possiamo fare <strong>\u00e8 che<\/strong> <strong>pagano sempre gli stessi<\/strong>!<\/p>\n<div style=\"text-align: justify;\"><\/div>\n<p style=\"text-align: justify;\">Sono infatti <strong>previsti e confermati tagli alle retribuzioni dei dipendenti pubblici, bloccate anche per il 2014, introduzione dei ticket sanitari dal 2012, <\/strong><img loading=\"lazy\" decoding=\"async\" class=\" alignright size-full wp-image-12864\" style=\"margin: 4px; float: right;\" alt=\"pubblico_impiego\" src=\"https:\/\/archiviogioia.lavocedelpaese.info\/wp-content\/uploads\/2011\/07\/pubblico_impiego.jpg\" height=\"188\" width=\"250\" srcset=\"https:\/\/archiviogioia.lavocedelpaese.info\/wp-content\/uploads\/2011\/07\/pubblico_impiego.jpg 432w, https:\/\/archiviogioia.lavocedelpaese.info\/wp-content\/uploads\/2011\/07\/pubblico_impiego-300x225.jpg 300w\" sizes=\"auto, (max-width: 250px) 100vw, 250px\" \/><strong>tagli alla scuola e alle pensioni sopra i 1.400 euro mensili<\/strong>. In compenso, ancora una volta <strong>non ci sono tagli sensibili ai costi della politica<\/strong> \u2013 niente \u00e8 previsto <strong>sull\u2019abolizione delle province<\/strong> \u2013 e addirittura c\u2019\u00e8 l\u2019ennesimo <strong>regalo alla Lega sotto forma di agevolazione agli allevatori che hanno sforato le quote latte<\/strong> (a danno di coloro che le hanno rispettate).<\/p>\n<div style=\"text-align: justify;\"><\/div>\n<p style=\"text-align: justify;\">Ma <strong>andiamo per ordine<\/strong><\/p>\n<div style=\"text-align: justify;\">\n<ul>\n<li><strong>Pubblico Impiego<\/strong><\/li>\n<\/ul>\n<\/div>\n<p style=\"text-align: justify;\">Ormai \u00e8 una costante, soldi da prendere subito e facilmente a danno di coloro che questo governo ha decretato essere i suoi nemici principali (ricordate l\u2019ultima uscita di Stracquadanio sui pubblici dipendenti che non fanno un c\u2026.o e vanno a casa alle due?). <strong>La manovra prevede il blocco degli stipendi e dei contratti, gi\u00e0 bloccati a tutto il 2013 con il placet di CISL, UIL, CONFSAL e UGL, anche per tutto il 2014<\/strong>. Per buon peso, \u00e8 previsto l\u2019obbligo della visita fiscale anche per il primo giorno di malattia. Quest\u2019ultima misura di per s\u00e9 non sarebbe trascendentale se non foss<strong><img loading=\"lazy\" decoding=\"async\" class=\" alignright size-full wp-image-12867\" style=\"margin: 4px; float: right;\" alt=\"sanita_ricetta2\" src=\"https:\/\/archiviogioia.lavocedelpaese.info\/wp-content\/uploads\/2011\/07\/sanita_ricetta2.jpg\" height=\"188\" width=\"250\" srcset=\"https:\/\/archiviogioia.lavocedelpaese.info\/wp-content\/uploads\/2011\/07\/sanita_ricetta2.jpg 340w, https:\/\/archiviogioia.lavocedelpaese.info\/wp-content\/uploads\/2011\/07\/sanita_ricetta2-300x226.jpg 300w\" sizes=\"auto, (max-width: 250px) 100vw, 250px\" \/><\/strong>e che tradisce l\u2019ennesimo intento punitivo nei confronti dei dipendenti pubblici e rischia di essere devastante per le scuole (come diremo pi\u00f9 avanti). Inoltre sar\u00e0 protratto il blocco delle assunzioni, il che vuol dire che a fronte delle migliaia di pensionamenti il personale non verr\u00e0 sostituito e i servizi diminuiranno.<\/p>\n<div style=\"text-align: justify;\">\n<ul>\n<li><strong>Ticket sanitari<\/strong><\/li>\n<\/ul>\n<\/div>\n<p style=\"text-align: justify;\">Previsti <strong>dal primo gennaio 2012 ticket sanitari di 10 euro per le prestazioni specialistiche e di 25 per quelle di pronto soccorso<\/strong>. E poi dicono che non mettono le mani nelle tasche degli italiani.<\/p>\n<div style=\"text-align: justify;\">\n<ul>\n<li><strong>Scuola<\/strong><\/li>\n<\/ul>\n<\/div>\n<p style=\"text-align: justify;\"><strong><img loading=\"lazy\" decoding=\"async\" class=\" alignright size-full wp-image-12869\" style=\"margin: 4px; float: right;\" alt=\"tagli_a_scuola\" src=\"https:\/\/archiviogioia.lavocedelpaese.info\/wp-content\/uploads\/2011\/07\/tagli_a_scuola.jpg\" height=\"198\" width=\"150\" srcset=\"https:\/\/archiviogioia.lavocedelpaese.info\/wp-content\/uploads\/2011\/07\/tagli_a_scuola.jpg 300w, https:\/\/archiviogioia.lavocedelpaese.info\/wp-content\/uploads\/2011\/07\/tagli_a_scuola-227x300.jpg 227w\" sizes=\"auto, (max-width: 150px) 100vw, 150px\" \/>Blocco del turn\u00adover, accorpamento di scuole, condivisione dei dirigenti scolastici, con la prospettiva di non avere dirigenti presenti in scuole di media grandezza<\/strong>, e una misura che andr\u00e0 a gravare in modo devastante sui fondi scolastici, quella sulle visite fiscali. Pochi sanno, infatti, che le visite fiscali sono a carico delle scuole e non dello Stato e, visto che le scuole non hanno fondi per le supplenze, per i compiti d\u2019istituto, per il loro funzionamento, oggi sono costrette a selezionare attentamente l\u2019invio delle visite fiscali. Bene, <strong>gi\u00e0 cos\u00ec<\/strong> <strong>chiunque sia genitore sa che i fondi non bastano, tanto che le scuole sono costrette a chiedere contributi ai genitori per le cose pi\u00f9 elementari<\/strong>. Se andr\u00e0 in vigore una norma che le obbligher\u00e0 a mandare la visita fiscale anche per un giorno di malattia <strong>potremo dire addio alla scuola pubblica e ai servizi che fornisce<\/strong>. E sar\u00e0 un altro elemento di tassazione mascherata perch\u00e9 le scuole non potranno far altro che inventarsi contributi da chiedere ai genitori. Quindi, una tassa per noi solo perch\u00e9 il ministro Brunetta e l\u2019Onorevole Stracquadanio continuino la loro inutile campagna contro i dipendenti pubblici.<\/p>\n<div style=\"text-align: justify;\">\n<ul>\n<li><strong><img loading=\"lazy\" decoding=\"async\" class=\" alignright size-full wp-image-12870\" style=\"margin: 4px; float: right;\" alt=\"pensionati_blocco_pensioni\" src=\"https:\/\/archiviogioia.lavocedelpaese.info\/wp-content\/uploads\/2011\/07\/pensionati_blocco_pensioni.jpg\" height=\"191\" width=\"150\" \/>Pensioni<\/strong><\/li>\n<\/ul>\n<\/div>\n<p style=\"text-align: justify;\"><strong>Dal 2012 verr\u00e0 parzialmente bloccata la rivalutazione delle pensioni pi\u00f9 ricche<\/strong>. Chi \u00e8 ricco per il governo? <strong>Colui che prende dai 1.400 euro al mese di pensione<\/strong>. In un paese in cui un Ministro (Rotondi) si permette di dire che i parlamentari sono poveri perch\u00e9, tolte le spese (ma quante spese ha l\u2019onorevole Rotondi?), guadagnano \u201cappena\u201d 4.000 euro al mese, si possono considerare ricchi pensionati che percepiscono 1.400 euro al mese? E si rende conto il governo che spesso <strong>con quei 1.400 euro si \u00e8 costretti a dare una mano a figli<\/strong> che patiscono la piaga della disoccupazione giovanile, che al Sud \u00e8 pari a quella della striscia di Gaza?<\/p>\n<div style=\"text-align: justify;\">\n<ul>\n<li><strong>Tagli agli Enti Locali<\/strong><\/li>\n<\/ul>\n<\/div>\n<p style=\"text-align: justify;\"><strong>Previsti ulteriori tagli dei trasferimenti economici agli enti locali<\/strong>. Anche questa \u00e8 una forma di tassazione <img loading=\"lazy\" decoding=\"async\" class=\" alignright size-full wp-image-12871\" style=\"margin: 4px; float: right;\" alt=\"addizionale_comunale\" src=\"https:\/\/archiviogioia.lavocedelpaese.info\/wp-content\/uploads\/2011\/07\/addizionale_comunale.jpg\" height=\"110\" width=\"210\" \/>mascherata. Infatti, <strong>gli oltre 2.000 comuni che non applicano addizionali sull\u2019ex\u00ad Irpef si vedranno costretti a introdurle<\/strong>.<\/p>\n<div style=\"text-align: justify;\"><\/div>\n<p style=\"text-align: justify;\"><strong>Soppressione di enti<\/strong><\/p>\n<div style=\"text-align: justify;\"><\/div>\n<p style=\"text-align: justify;\"><strong>Se un ente pubblico funziona va privatizzato o soppresso, in modo che smetta di funzionare<\/strong>. \u00c8 il caso dell\u2019Istituto per il Commercio con l\u2019Estero (ICE), che funziona bene e viene soppresso. Per il momento pare scongiurata la privatizzazione della Croce Rossa ma non ci meraviglieremmo se questa fosse oggetto di qualche emendamento in Parlamento, visto che gli immobili di quest\u2019Ente fanno gola a molti.<\/p>\n<div style=\"text-align: justify;\">\n<ul>\n<li><strong>Quello che si doveva fare e non si      fa.<\/strong><strong><img loading=\"lazy\" decoding=\"async\" class=\" alignright size-full wp-image-12872\" style=\"margin: 4px; float: right;\" alt=\"upi_logo_web-400x300-300x225\" src=\"https:\/\/archiviogioia.lavocedelpaese.info\/wp-content\/uploads\/2011\/07\/upi_logo_web-400x300-300x225.jpg\" height=\"150\" width=\"200\" \/><\/strong><\/li>\n<\/ul>\n<\/div>\n<p style=\"text-align: justify;\"><strong>Ci sono invece tutte le cose che si dovevano fare e non fanno mai<\/strong>, ad esempio il <strong>taglio reale dei costi della politica<\/strong> a cominciare dall\u2019abolizione delle province. Era contenuta <strong>nei programmi sia del PdL che del PD<\/strong>, <strong>co<\/strong><strong>stano 17 miliardi di euro all\u2019anno<\/strong>, quand\u2019anche se ne risparmiassero la met\u00e0 con la loro abolizione, sarebbe una riduzione di spesa strutturale. <strong>Ma Pdl e PD si sono messi d\u2019accordo per non portare mai una norma del genere<\/strong> in votazione alle Camere, perch\u00e9 ridurrebbe il numero di coloro che vivono solo ed esclusivamente di politica.<\/p>\n<div style=\"text-align: justify;\"><\/div>\n<p style=\"text-align: justify;\"><img loading=\"lazy\" decoding=\"async\" class=\" alignleft size-full wp-image-12875\" style=\"margin: 4px; float: left;\" alt=\"voli_di_stato\" src=\"https:\/\/archiviogioia.lavocedelpaese.info\/wp-content\/uploads\/2011\/07\/voli_di_stato.jpg\" height=\"132\" width=\"200\" srcset=\"https:\/\/archiviogioia.lavocedelpaese.info\/wp-content\/uploads\/2011\/07\/voli_di_stato.jpg 400w, https:\/\/archiviogioia.lavocedelpaese.info\/wp-content\/uploads\/2011\/07\/voli_di_stato-300x198.jpg 300w\" sizes=\"auto, (max-width: 200px) 100vw, 200px\" \/>Analogamente, <strong>non si tagliano gli stipendi dei parlamentari<\/strong> (come farebbe il povero Ministro Rotondi a vivere?), <strong>e non si tagliano i rimborsi elettorali<\/strong> se non dalla prossima legislatura (da noi per\u00f2 i soldi li prendono subito) e discutibili sono anche le misure sul taglio ai voli di Stato, la cui spesa \u00e8 lievitata a 100 milioni di euro annui perch\u00e9 tutte le cariche dello Stato, <strong>ministri e sottosegretari compresi, viaggiano con i voli di Stato <\/strong>anche quando alla stessa ora c\u2019\u00e8 un volo di linea.<img loading=\"lazy\" decoding=\"async\" class=\" alignright size-full wp-image-11075\" style=\"margin: 4px; float: right;\" alt=\"referendum-400x380\" src=\"https:\/\/archiviogioia.lavocedelpaese.info\/wp-content\/uploads\/2011\/05\/referendum-400x380.jpg\" height=\"190\" width=\"200\" srcset=\"https:\/\/archiviogioia.lavocedelpaese.info\/wp-content\/uploads\/2011\/05\/referendum-400x380.jpg 400w, https:\/\/archiviogioia.lavocedelpaese.info\/wp-content\/uploads\/2011\/05\/referendum-400x380-300x285.jpg 300w\" sizes=\"auto, (max-width: 200px) 100vw, 200px\" \/><\/p>\n<div style=\"text-align: justify;\"><\/div>\n<p style=\"text-align: justify;\">Verranno invece <strong>accorpati per legge referendum e altre elezioni eventualmente previste<\/strong>. Praticamente una beffa! <strong>Se c\u2019avessero pensato un mese prima e avessero accorpato il referendum del 12 giugno alle elezioni amministrative di maggio si sarebbero risparmiati 350 milioni di euro<\/strong> che pesano invece sul nostro groppone. Inoltre, non poteva mancare il solito regalo alla Lega Nord (a carico nostro): infatti sono previste ulteriori agevolazioni per gli allevatori che negli anni scorsi hanno sforato le quote latte e per questo dovrebbero pagare delle multe salate.<\/p>\n<div style=\"text-align: justify;\"><\/div>\n<p style=\"text-align: justify;\"><strong><img loading=\"lazy\" decoding=\"async\" class=\" alignleft size-full wp-image-12877\" style=\"margin: 4px; float: left;\" alt=\"brunetta22\" src=\"https:\/\/archiviogioia.lavocedelpaese.info\/wp-content\/uploads\/2011\/07\/brunetta22.jpg\" height=\"150\" width=\"200\" srcset=\"https:\/\/archiviogioia.lavocedelpaese.info\/wp-content\/uploads\/2011\/07\/brunetta22.jpg 800w, https:\/\/archiviogioia.lavocedelpaese.info\/wp-content\/uploads\/2011\/07\/brunetta22-300x225.jpg 300w, https:\/\/archiviogioia.lavocedelpaese.info\/wp-content\/uploads\/2011\/07\/brunetta22-768x576.jpg 768w\" sizes=\"auto, (max-width: 200px) 100vw, 200px\" \/>Discutibile<\/strong>, infine, <strong>il metodo scelto per questa manovra<\/strong>: <strong>un Decreto Legge sul quale il governo ha annunciato la fiducia<\/strong>. Questo vuol dire che sar\u00e0 una manovra ancora caratterizzata da una polarizzazione delle opinioni, <strong>non potr\u00e0 essere migliorata dal Parlamento<\/strong>, alimenter\u00e0 il clima di scontro politico quando ci vorrebbe invece maggiore coesione e sar\u00e0 modificabile solo per volont\u00e0 del governo.<\/p>\n<div style=\"text-align: justify;\"><\/div>\n<p style=\"text-align: justify;\"><strong>Il Segretario Generale della CSE Marco Carlomag<\/strong><strong><img loading=\"lazy\" decoding=\"async\" class=\" alignright size-full wp-image-12879\" style=\"margin: 4px; float: right;\" alt=\"berlusconi_-_bossi_intesa\" src=\"https:\/\/archiviogioia.lavocedelpaese.info\/wp-content\/uploads\/2011\/07\/berlusconi_-_bossi_intesa.jpg\" height=\"179\" width=\"170\" \/><\/strong><strong>no<\/strong>, commentando le indiscrezioni sulla manovra, <strong>ha dichiarato<\/strong>: \u201cNon comprendiamo il balletto di indiscrezioni. Il governo ha contravvenuto a una regola precisa, quella secondo cui <strong>le manovre <\/strong><strong>non si annunciano, si fanno<\/strong>. Questa corsa alle indiscrezioni rischia di mettere in subbuglio i mercati e di costarci cara in termini di interessi sul debito pubblico. Nel merito, <strong>ci sembra una manovra recessiva e iniqua<\/strong>. Recessiva perch\u00e9 contiene misure di blocco degli investimenti pubblici per le somme non spese alla fine dell\u2019anno e perch\u00e9 vi sono una serie di imposte mascherate che diminuiscono il reddito a disposizione delle famiglie; <strong>iniqua perch\u00e9 a pagare sono color che hanno redditi bassi<\/strong>, <strong>dipendenti pubblici e pensionati su tutti<\/strong>. <strong>Se non verr\u00e0 modificata<\/strong> \u2013 ha concluso Carlomagno \u2013 <strong>ci mobiliteremo a tutela dei pi\u00f9 deboli<\/strong>\u201d.<\/p>\n<div style=\"text-align: justify;\"><\/div>\n<p style=\"text-align: right;\">(Ufficio Stampa Segreteria Generale)<\/p>\n","protected":false},"excerpt":{"rendered":"","protected":false},"author":1,"featured_media":12860,"comment_status":"open","ping_status":"closed","sticky":false,"template":"","format":"standard","meta":{"colormag_page_container_layout":"default_layout","colormag_page_sidebar_layout":"default_layout","footnotes":""},"categories":[4],"tags":[],"class_list":["post-12881","post","type-post","status-publish","format-standard","has-post-thumbnail","hentry","category-politica"],"_links":{"self":[{"href":"https:\/\/archiviogioia.lavocedelpaese.info\/index.php?rest_route=\/wp\/v2\/posts\/12881","targetHints":{"allow":["GET"]}}],"collection":[{"href":"https:\/\/archiviogioia.lavocedelpaese.info\/index.php?rest_route=\/wp\/v2\/posts"}],"about":[{"href":"https:\/\/archiviogioia.lavocedelpaese.info\/index.php?rest_route=\/wp\/v2\/types\/post"}],"author":[{"embeddable":true,"href":"https:\/\/archiviogioia.lavocedelpaese.info\/index.php?rest_route=\/wp\/v2\/users\/1"}],"replies":[{"embeddable":true,"href":"https:\/\/archiviogioia.lavocedelpaese.info\/index.php?rest_route=%2Fwp%2Fv2%2Fcomments&post=12881"}],"version-history":[{"count":0,"href":"https:\/\/archiviogioia.lavocedelpaese.info\/index.php?rest_route=\/wp\/v2\/posts\/12881\/revisions"}],"wp:featuredmedia":[{"embeddable":true,"href":"https:\/\/archiviogioia.lavocedelpaese.info\/index.php?rest_route=\/wp\/v2\/media\/12860"}],"wp:attachment":[{"href":"https:\/\/archiviogioia.lavocedelpaese.info\/index.php?rest_route=%2Fwp%2Fv2%2Fmedia&parent=12881"}],"wp:term":[{"taxonomy":"category","embeddable":true,"href":"https:\/\/archiviogioia.lavocedelpaese.info\/index.php?rest_route=%2Fwp%2Fv2%2Fcategories&post=12881"},{"taxonomy":"post_tag","embeddable":true,"href":"https:\/\/archiviogioia.lavocedelpaese.info\/index.php?rest_route=%2Fwp%2Fv2%2Ftags&post=12881"}],"curies":[{"name":"wp","href":"https:\/\/api.w.org\/{rel}","templated":true}]}}