{"id":12911,"date":"2011-07-12T05:50:23","date_gmt":"2011-07-12T05:50:23","guid":{"rendered":"https:\/\/archiviogioia.lavocedelpaese.info\/?p=12911"},"modified":"2011-07-12T05:50:23","modified_gmt":"2011-07-12T05:50:23","slug":"longo-aiuta-i-commercianti-a-discapito-dei-disabili","status":"publish","type":"post","link":"https:\/\/archiviogioia.lavocedelpaese.info\/?p=12911","title":{"rendered":"LONGO AIUTA I COMMERCIANTI A DISCAPITO DEI DISABILI"},"content":{"rendered":"<p><img loading=\"lazy\" decoding=\"async\" class=\" size-full wp-image-11574\" alt=\"barriere_architettoniche-pp\" src=\"https:\/\/archiviogioia.lavocedelpaese.info\/wp-content\/uploads\/2011\/06\/barriere_architettoniche-pp.jpg\" height=\"150\" width=\"320\" srcset=\"https:\/\/archiviogioia.lavocedelpaese.info\/wp-content\/uploads\/2011\/06\/barriere_architettoniche-pp.jpg 320w, https:\/\/archiviogioia.lavocedelpaese.info\/wp-content\/uploads\/2011\/06\/barriere_architettoniche-pp-300x141.jpg 300w\" sizes=\"auto, (max-width: 320px) 100vw, 320px\" \/> <\/p>\n<p><!--more--><\/p>\n<p style=\"text-align: justify;\"><strong><img loading=\"lazy\" decoding=\"async\" class=\" alignright size-full wp-image-3069\" style=\"margin: 4px; float: right;\" alt=\"pierolongo\" src=\"https:\/\/archiviogioia.lavocedelpaese.info\/wp-content\/uploads\/2010\/07\/pierolongo.jpg\" height=\"192\" width=\"128\" srcset=\"https:\/\/archiviogioia.lavocedelpaese.info\/wp-content\/uploads\/2010\/07\/pierolongo.jpg 220w, https:\/\/archiviogioia.lavocedelpaese.info\/wp-content\/uploads\/2010\/07\/pierolongo-200x300.jpg 200w\" sizes=\"auto, (max-width: 128px) 100vw, 128px\" \/>Il sindaco <\/strong>di Gioia del Colle, <strong>Piero Longo<\/strong>, <strong>con propria ordinanza sindacale<\/strong> (la n. 86 del 8 luglio 2011) <strong>ha disposto la sospensione<\/strong>, per un periodo di 90 giorni, <strong>dell\u2019applicazione della normativa che disciplina l\u2019abbattimento delle barriere architettoniche<\/strong> per gli esercizi di somministrazione di alimenti e bevande siti nella fascia A.<\/p>\n<div style=\"text-align: justify;\"><\/div>\n<p style=\"text-align: justify;\"><img loading=\"lazy\" decoding=\"async\" class=\" alignleft size-full wp-image-11575\" style=\"margin: 4px; float: left;\" alt=\"barriere_architettoniche_privati\" src=\"https:\/\/archiviogioia.lavocedelpaese.info\/wp-content\/uploads\/2011\/06\/barriere_architettoniche_privati.jpg\" height=\"182\" width=\"170\" srcset=\"https:\/\/archiviogioia.lavocedelpaese.info\/wp-content\/uploads\/2011\/06\/barriere_architettoniche_privati.jpg 355w, https:\/\/archiviogioia.lavocedelpaese.info\/wp-content\/uploads\/2011\/06\/barriere_architettoniche_privati-280x300.jpg 280w\" sizes=\"auto, (max-width: 170px) 100vw, 170px\" \/>Di seguito<strong> pubblichiamo il testo integrale dell\u2019ordinanza<\/strong> <strong>che sollever\u00e0 a dir poco nuovi malumori <\/strong>in questi sfortunati e trascurati <strong>concittadini che, ancora una volta, si considereranno trattati<\/strong>, e a ragione, non per una presunta ragione di stato (ma esclusivamente commerciali), come \u201c<strong>cittadini di serie b<\/strong>\u201d.<\/p>\n<div style=\"text-align: justify;\"><\/div>\n<p style=\"text-align: justify;\"><strong>Non saranno certamente i 90 giorni avanti o indietro che cambieranno la loro posizione<\/strong>, o che peggioreranno la situazione in cui versa la nostra citt\u00e0, circa la gi\u00e0 numerosa presenza di barriere architettoniche, <strong>sono piuttosto le pretestuose argomentazioni inserite nel dispositivo che lasciano senza parole<\/strong>. Ancora una volta <strong>l&#8217;interesse privato viene prima di tutto e di tuti<\/strong>.<\/p>\n<div style=\"text-align: justify;\"><\/div>\n<p style=\"text-align: justify;\">&#8212;&#8212;&#8212;&#8212;&#8212;&#8212;&#8212;&#8212;&#8212;&#8212;&#8212;&#8212;&#8212;&#8212;&#8212;&#8212;&#8212;&#8212;&#8212;&#8212;&#8212;&#8212;&#8212;&#8211;<\/p>\n<div style=\"text-align: justify;\"><\/div>\n<p style=\"text-align: justify;\"><em>Comune di Gioia del Colle<\/em><\/p>\n<div style=\"text-align: justify;\"><\/div>\n<p style=\"text-align: justify;\"><em><img loading=\"lazy\" decoding=\"async\" class=\" alignright size-full wp-image-5787\" style=\"margin: 4px; float: right;\" alt=\"municipio-ingresso\" src=\"https:\/\/archiviogioia.lavocedelpaese.info\/wp-content\/uploads\/2010\/11\/municipio-ingresso.jpg\" height=\"226\" width=\"170\" srcset=\"https:\/\/archiviogioia.lavocedelpaese.info\/wp-content\/uploads\/2010\/11\/municipio-ingresso.jpg 272w, https:\/\/archiviogioia.lavocedelpaese.info\/wp-content\/uploads\/2010\/11\/municipio-ingresso-225x300.jpg 225w\" sizes=\"auto, (max-width: 170px) 100vw, 170px\" \/>Ufficio Tecnico <\/em><\/p>\n<div style=\"text-align: justify;\"><\/div>\n<p style=\"text-align: justify;\"><em><strong>Serv. Urbanistica<\/strong><\/em><\/p>\n<div style=\"text-align: justify;\"><\/div>\n<p style=\"text-align: justify;\"><em><strong>Prot.\u00a0 19940\/2330 &#8211; Ordinanza n. 86 <\/strong><\/em><\/p>\n<div style=\"text-align: justify;\"><\/div>\n<p style=\"text-align: justify;\">IL SINDACO<\/p>\n<div style=\"text-align: justify;\"><\/div>\n<p style=\"text-align: justify;\">VISTO il Regolamento Comunale n. 650 dell&#8217;11.10.1994;<\/p>\n<div style=\"text-align: justify;\"><\/div>\n<p style=\"text-align: justify;\">VISTA la deliberazione  C.C. n. 51 del 14.9.2009;<\/p>\n<div style=\"text-align: justify;\"><\/div>\n<p style=\"text-align: justify;\">VISTO l&#8217;art. 7, comma 5, del D.M. 236\/89 e L. 13\/89;<\/p>\n<div style=\"text-align: justify;\"><\/div>\n<p style=\"text-align: justify;\">PREMESSO che:<\/p>\n<div style=\"text-align: justify;\"><\/div>\n<p style=\"text-align: justify;\">&#8211; il Consiglio Comunale deve regolamentare con specifica deliberazione tutti gli aspetti derogatori per le disposizioni di cui ai suddetti riferimenti normativi consentiti dalla legge e, pertanto, entro e non oltre 90 giorni dalla entrata in vigore della presente ordinanza deve essere predisposto specifico Regolamento;<\/p>\n<div style=\"text-align: justify;\"><\/div>\n<p style=\"text-align: justify;\">&#8211; \u00e8 necessario garantire la continuit\u00e0 lavorativa delle attivit\u00e0 commerciali di somministrazione in attesa dell&#8217;approvazione del Regolamento di cui sopra da parte del Comune di Gioia del Colle;<\/p>\n<div style=\"text-align: justify;\"><\/div>\n<p style=\"text-align: justify;\">&#8211; numerosi esercizi di somministrazioni stanno gi\u00e0 provvedendo all&#8217;adeguamento delle proprie strutture alla vigente normativa\u00a0 ma, l&#8217;imminenza della stagione estiva, obbliga le attivit\u00e0 a rimandare ogni intervento tecnico di adeguamento al termine della stagione stessa;<\/p>\n<div style=\"text-align: justify;\"><\/div>\n<p style=\"text-align: justify;\">&#8211; le condizioni economiche di congiuntura e difficolt\u00e0 incidono negativamente sulle attivit\u00e0 del commercio e della somministrazione;<\/p>\n<div style=\"text-align: justify;\"><\/div>\n<p style=\"text-align: justify;\">&#8211; le predette attivit\u00e0 costituiscono fonte indispensabile di reddito per numerose famiglie;<\/p>\n<div style=\"text-align: justify;\"><\/div>\n<p style=\"text-align: justify;\">&#8211; molte attivit\u00e0 sono organizzate in strutture di vecchia costruzione e\/o disposte nel Centro Storico del tutto incompatibili con l&#8217;integrale adeguamento delle stesse alla vigente disciplina;<\/p>\n<div style=\"text-align: justify;\"><\/div>\n<p style=\"text-align: justify;\">p.q.i.,<\/p>\n<div style=\"text-align: justify;\"><\/div>\n<p style=\"text-align: justify;\">D I S P O N E<\/p>\n<div style=\"text-align: justify;\"><\/div>\n<p style=\"text-align: justify;\">sino alla approvazione del provvedimento derogatorio di cui in premessa e, comunque, per un termine non superiore a giorni 90 (novanta) dalla data di emissione della presente ordinanza, <strong>la sospensione dell&#8217;applicazione della normativa che disciplina l&#8217;abbattimento delle barriere architettoniche per gli esercizi di somministrazione di alimenti e bevande siti nella fascia A (Centro Storico) del vigente PRG del Comune di Gioia del Colle.<\/strong><\/p>\n<div style=\"text-align: justify;\"><\/div>\n<p style=\"text-align: justify;\">La presente viene trasmessa al Comando P.M., all&#8217;Ufficio Tecnico e al Dirigente Medico del Servizio Igiene Pubblica della ASL BA\/5 per quanto di rispettiva competenza, nonch\u00e9 viene pubblicizzata nelle forme solite per opportuna conoscenza degli addetti e degli esercizi interessati.<\/p>\n<div style=\"text-align: justify;\"><\/div>\n<p style=\"text-align: justify;\">Gioia del Colle, 8 luglio 2011<\/p>\n<div style=\"text-align: justify;\"><\/div>\n<p style=\"text-align: justify;\">IL SINDACO<\/p>\n<div style=\"text-align: justify;\"><\/div>\n<p style=\"text-align: justify;\">(dott. Piero Longo)<\/p>\n","protected":false},"excerpt":{"rendered":"","protected":false},"author":1,"featured_media":11574,"comment_status":"open","ping_status":"closed","sticky":false,"template":"","format":"standard","meta":{"colormag_page_container_layout":"default_layout","colormag_page_sidebar_layout":"default_layout","footnotes":""},"categories":[4],"tags":[],"class_list":["post-12911","post","type-post","status-publish","format-standard","has-post-thumbnail","hentry","category-politica"],"_links":{"self":[{"href":"https:\/\/archiviogioia.lavocedelpaese.info\/index.php?rest_route=\/wp\/v2\/posts\/12911","targetHints":{"allow":["GET"]}}],"collection":[{"href":"https:\/\/archiviogioia.lavocedelpaese.info\/index.php?rest_route=\/wp\/v2\/posts"}],"about":[{"href":"https:\/\/archiviogioia.lavocedelpaese.info\/index.php?rest_route=\/wp\/v2\/types\/post"}],"author":[{"embeddable":true,"href":"https:\/\/archiviogioia.lavocedelpaese.info\/index.php?rest_route=\/wp\/v2\/users\/1"}],"replies":[{"embeddable":true,"href":"https:\/\/archiviogioia.lavocedelpaese.info\/index.php?rest_route=%2Fwp%2Fv2%2Fcomments&post=12911"}],"version-history":[{"count":0,"href":"https:\/\/archiviogioia.lavocedelpaese.info\/index.php?rest_route=\/wp\/v2\/posts\/12911\/revisions"}],"wp:featuredmedia":[{"embeddable":true,"href":"https:\/\/archiviogioia.lavocedelpaese.info\/index.php?rest_route=\/wp\/v2\/media\/11574"}],"wp:attachment":[{"href":"https:\/\/archiviogioia.lavocedelpaese.info\/index.php?rest_route=%2Fwp%2Fv2%2Fmedia&parent=12911"}],"wp:term":[{"taxonomy":"category","embeddable":true,"href":"https:\/\/archiviogioia.lavocedelpaese.info\/index.php?rest_route=%2Fwp%2Fv2%2Fcategories&post=12911"},{"taxonomy":"post_tag","embeddable":true,"href":"https:\/\/archiviogioia.lavocedelpaese.info\/index.php?rest_route=%2Fwp%2Fv2%2Ftags&post=12911"}],"curies":[{"name":"wp","href":"https:\/\/api.w.org\/{rel}","templated":true}]}}