{"id":12944,"date":"2011-07-13T06:15:34","date_gmt":"2011-07-13T06:15:34","guid":{"rendered":"https:\/\/archiviogioia.lavocedelpaese.info\/?p=12944"},"modified":"2011-07-13T06:15:34","modified_gmt":"2011-07-13T06:15:34","slug":"cercasi-11-firme-per-sfiduciare-piero-longo-2","status":"publish","type":"post","link":"https:\/\/archiviogioia.lavocedelpaese.info\/?p=12944","title":{"rendered":"11 FIRME, &#8220;CERCASI&#8221;, PER SFIDUCIARE PIERO LONGO"},"content":{"rendered":"<p><img loading=\"lazy\" decoding=\"async\" class=\" size-full wp-image-12940\" alt=\"firmare-atto-sfiducia-pp\" src=\"https:\/\/archiviogioia.lavocedelpaese.info\/wp-content\/uploads\/2011\/07\/firmare-atto-sfiducia-pp.jpg\" height=\"150\" width=\"320\" srcset=\"https:\/\/archiviogioia.lavocedelpaese.info\/wp-content\/uploads\/2011\/07\/firmare-atto-sfiducia-pp.jpg 640w, https:\/\/archiviogioia.lavocedelpaese.info\/wp-content\/uploads\/2011\/07\/firmare-atto-sfiducia-pp-300x141.jpg 300w\" sizes=\"auto, (max-width: 320px) 100vw, 320px\" \/> <\/p>\n<p><!--more--><\/p>\n<p style=\"text-align: justify;\"><strong><img loading=\"lazy\" decoding=\"async\" class=\" alignright size-full wp-image-9115\" style=\"margin: 4px; float: right;\" alt=\"minoranza\" src=\"https:\/\/archiviogioia.lavocedelpaese.info\/wp-content\/uploads\/2011\/03\/minoranza.jpg\" height=\"244\" width=\"300\" srcset=\"https:\/\/archiviogioia.lavocedelpaese.info\/wp-content\/uploads\/2011\/03\/minoranza.jpg 528w, https:\/\/archiviogioia.lavocedelpaese.info\/wp-content\/uploads\/2011\/03\/minoranza-300x244.jpg 300w\" sizes=\"auto, (max-width: 300px) 100vw, 300px\" \/>E\u2019 di questi giorni la voce che<\/strong> sul Palazzo municipale <strong>si stiano cercando affannosamente<\/strong> e alacremente tra i consiglieri di minoranza e di maggioranza le <strong>11 firme necessarie per sfiduciare la giunta guidata dal sindaco Piero Longo<\/strong>. Una corsa frenetica contro il tempo che, ne siamo convinti, non porter\u00e0 da nessuna parte.<\/p>\n<div style=\"text-align: justify;\"><\/div>\n<p style=\"text-align: justify;\"><strong>Teoricamente<\/strong>, considerando quanto accaduto negli ultimi tempi in Consiglio Comunale, ma solo l\u00ec perch\u00e8 parte dei consiglieri dissenzienti con la linea politica del sindaco non hanno alcun partito di riferimento (segreteria), <strong>i numeri ci sarebbero ma<\/strong>, in assenza di clamorose smentite, <strong>siamo convinti non se ne far\u00e0 assolutamente niente<\/strong>.<\/p>\n<div style=\"text-align: justify;\"><\/div>\n<p style=\"text-align: justify;\"><strong>I nostri rappresentanti politici<\/strong>, sindaco in testa, <strong>non hanno il \u201cfegato\u201d n\u00e9 l\u2019interesse<\/strong>, sia personale che di \u201centourage\u201d, non solo immediato ma soprattutto futuro, <strong>a porre in atto una azione cos\u00ec eclatante quanto conclusiva<\/strong>. <strong>Un \u201cdilemma\u201d assolutamente trasversale<\/strong> che attanaglia diverse \u201canime\u201d, e di non poco peso, presenti anche tra i banchi della minor<strong><img loading=\"lazy\" decoding=\"async\" class=\" alignleft size-full wp-image-2735\" style=\"margin: 4px; float: left;\" alt=\"piero_longo\" src=\"https:\/\/archiviogioia.lavocedelpaese.info\/wp-content\/uploads\/2010\/06\/piero_longo.jpg\" height=\"168\" width=\"140\" \/><\/strong>anza.<\/p>\n<div style=\"text-align: justify;\"><\/div>\n<p style=\"text-align: justify;\"><strong>Si continua ad ululare alla luna ma senza costrutto<\/strong>, con il solo intento di ottenere qualche minimo cambiamento favorevole, <strong>consapevoli che il sindaco, come ha pi\u00f9 volte fatto capire<\/strong>, non tanto a parole quanto nei comportamenti e nei continui silenzi oltre che nelle prolungate assenze dall\u2019aula consiliare, <strong>non si dimetter\u00e0 mai<\/strong>.<\/p>\n<div style=\"text-align: justify;\"><\/div>\n<p style=\"text-align: justify;\">Infatti, lui <strong>aspetta fiducioso il deposito di un atto<\/strong> (aleatorio) <strong>che<\/strong> <strong>pur continuando<\/strong> ad essere sulla bocca di tanti esperti o informati dei fatti, <strong>ad aleggiare minacciosamente sulla sua testa<\/strong>, <strong>non sar\u00e0 mai sottoscritto<\/strong>.<\/p>\n<div style=\"text-align: justify;\"><\/div>\n<p style=\"text-align: justify;\"><strong>Una situazione politica tale che rende pi\u00f9 che attuale<\/strong>, nonostante sia stato <strong>scritto diversi mesi fa<\/strong>,<strong> un articolo<\/strong>, a firma di Donato Stoppini, <strong>che proponiamo all\u2019attenzione dei lettori<\/strong>.<\/p>\n<div style=\"text-align: justify;\"><\/div>\n<p style=\"text-align: justify;\">&#8212;&#8212;&#8212;&#8212;&#8212;&#8212;&#8212;&#8212;&#8212;&#8212;&#8212;&#8212;&#8212;&#8212;&#8212;&#8212;&#8212;&#8212;&#8212;&#8212;&#8212;&#8212;&#8212;&#8212;&#8212;&#8212;&#8212;&#8212;&#8211;<\/p>\n<div style=\"text-align: justify;\"><\/div>\n<p style=\"text-align: justify;\"><span style=\"text-decoration: underline;\">La maggioranza lo critica ma non lo \u2026 scarica<\/span><\/p>\n<div style=\"text-align: justify;\"><\/div>\n<p style=\"text-align: justify;\"><strong>UN SINDACO IN DIFFICOLTA&#8217;<\/strong><\/p>\n<div style=\"text-align: justify;\"><\/div>\n<p style=\"text-align: justify;\"><strong><img loading=\"lazy\" decoding=\"async\" class=\" alignright size-full wp-image-6923\" style=\"margin: 4px; float: right;\" alt=\"piero_longo_sindaco_gioia\" src=\"https:\/\/archiviogioia.lavocedelpaese.info\/wp-content\/uploads\/2010\/12\/piero_longo_sindaco_gioia.jpg\" height=\"180\" width=\"150\" srcset=\"https:\/\/archiviogioia.lavocedelpaese.info\/wp-content\/uploads\/2010\/12\/piero_longo_sindaco_gioia.jpg 324w, https:\/\/archiviogioia.lavocedelpaese.info\/wp-content\/uploads\/2010\/12\/piero_longo_sindaco_gioia-251x300.jpg 251w\" sizes=\"auto, (max-width: 150px) 100vw, 150px\" \/>Dopo appena tre anni di governo il sindaco<\/strong> <strong>Piero Longo<\/strong> <strong>sembrerebbe in difficolt\u00e0<\/strong> ma, orgoglioso com\u2019\u00e8 e nonostante l\u2019evidenza, continua a non volerlo ammettere. Attaccato su tutti i fronti, compreso quello interno, cerca in tutti i modi di procrastinare lo scontro frontale, sia con i suoi detrattori istituzionali e naturali, i consiglieri dei partiti di minoranza, che con i suoi stessi alleati di coalizione nella quale si annida un nutrito gruppo di consiglieri di maggioranza, che in pi\u00f9 di una circostanza gli hanno apertamente manifestato il loro dissenso sulle scelte amministrative da lui operate.<\/p>\n<div style=\"text-align: justify;\"><\/div>\n<p style=\"text-align: justify;\"><strong>Una situazione in cui paradossalmente pi\u00f9 che dai consiglieri avversi si \u00e8 dovuto difendere dal fuoco amico<\/strong>, i cui attacchi si sono subito dimostrati ben mirati, oltre che determinati. Al punto da convincere il sindaco Longo, pur di sbloccare la situazione di stallo creatasi all\u2019interno della sua amministrazione, a modificare l\u2019assetto della sua Giunta, non tanto negli uomini, a suo tempo accuratamente scelti e chiamati ad operare al suo fianco per le \u201criconosciute capacit\u00e0\u201d nei settori che avrebbero ricoperto, di cui ha sempre elogiato pubblicamente l\u2019operato, quanto nella redistribuzione degli incarichi con relative deleghe.<\/p>\n<div style=\"text-align: justify;\"><\/div>\n<p style=\"text-align: justify;\"><strong><img loading=\"lazy\" decoding=\"async\" class=\" alignleft size-full wp-image-7316\" style=\"margin: 4px; float: left;\" alt=\"isdarele\" src=\"https:\/\/archiviogioia.lavocedelpaese.info\/wp-content\/uploads\/2011\/01\/isdarele.jpg\" height=\"187\" width=\"140\" srcset=\"https:\/\/archiviogioia.lavocedelpaese.info\/wp-content\/uploads\/2011\/01\/isdarele.jpg 300w, https:\/\/archiviogioia.lavocedelpaese.info\/wp-content\/uploads\/2011\/01\/isdarele-225x300.jpg 225w\" sizes=\"auto, (max-width: 140px) 100vw, 140px\" \/>Una rotazione<\/strong>, cos\u00ec era stata definita, per sua stessa ammissione, <strong>gi\u00e0 \u201cprogrammata\u201d, che per\u00f2 non ha soddisfatto gli amici consiglieri recalcitranti<\/strong>, sempre pi\u00f9 convinti della inutilit\u00e0 di questa decisione che risultava essere pi\u00f9 di facciata che sostanziale. Una evidente e mal celata insoddisfazione che ha determinato un ulteriore deterioramento nei rapporti, sia politici che interpersonali, se non addirittura professionali, tra loro e gli stessi assessori, a cui Piero Longo non \u00e8 riuscito ancora a porre rimedio.Una conflittualit\u00e0 in itinere che a lungo andare e di questo passo, secondo alcuni osservatori, potrebbe far cadere prematuramente la giunta Longo, ma non per noi. Un tiro alla fune che dura da troppo tempo, quasi due anni, per pensare che ci\u00f2 possa accadere oggi.<\/p>\n<div style=\"text-align: justify;\"><\/div>\n<p style=\"text-align: justify;\">Infatti, sempre pi\u00f9 frequentemente <strong>si assiste in sede di consiglio comunale ad una \u201ccompetizione\u201d in cui i contendenti cercano di mettersi reciprocamente in difficolt\u00e0<\/strong>, <strong>senza per\u00f2 affondare i colpi<\/strong>. Tutto \u00e8 ben studiato, calcolato, cos\u00ec come, in sede di votazione, le astensioni o i pochissimi voti contrari manifestati sui vari punti posti all\u2019ordine del giorno. Anche le continue richieste di sospensioni del consiglio o di rinviare le decisioni su determinati punti in discussione, le assenze dei consiglieri, le interrogazioni, fanno parte del gioco, un gioco ovviamente al rialzo, in cui ognuno cerca di o<strong><img loading=\"lazy\" decoding=\"async\" class=\" alignright size-full wp-image-12941\" style=\"margin: 4px; float: right;\" alt=\"municipio_bandiere\" src=\"https:\/\/archiviogioia.lavocedelpaese.info\/wp-content\/uploads\/2011\/07\/municipio_bandiere.jpg\" height=\"271\" width=\"180\" srcset=\"https:\/\/archiviogioia.lavocedelpaese.info\/wp-content\/uploads\/2011\/07\/municipio_bandiere.jpg 1276w, https:\/\/archiviogioia.lavocedelpaese.info\/wp-content\/uploads\/2011\/07\/municipio_bandiere-199x300.jpg 199w, https:\/\/archiviogioia.lavocedelpaese.info\/wp-content\/uploads\/2011\/07\/municipio_bandiere-681x1024.jpg 681w, https:\/\/archiviogioia.lavocedelpaese.info\/wp-content\/uploads\/2011\/07\/municipio_bandiere-768x1156.jpg 768w, https:\/\/archiviogioia.lavocedelpaese.info\/wp-content\/uploads\/2011\/07\/municipio_bandiere-1021x1536.jpg 1021w\" sizes=\"auto, (max-width: 180px) 100vw, 180px\" \/><\/strong>ttenere il massimo risultato consentito, ben attento a non \u201cferirsi\u201d con la lama (o spada di Damocle?) di drastiche lacerazioni.<\/p>\n<div style=\"text-align: justify;\"><\/div>\n<p style=\"text-align: justify;\"><strong>E il prendere e perdere tempo, in questi casi, allontana l\u2019ipotesi di una sfiducia nei confronti dell\u2019amministrazione Longo<\/strong>, soprattutto se la minoranza continuer\u00e0 a non approfittare di questi assist che parte della stessa maggioranza ha concesso e continua a concedere a piene mani. <strong>In molti, dando gi\u00e0 per certo ad oggi, 23 marzo<\/strong>, che i consiglieri dissidenti continueranno a fare ostruzionismo, <strong>sostengono che il bilancio di previsione comunale sar\u00e0 il nodo cruciale<\/strong> per la futura sopravvivenza di questa amministrazione, al punto da ventilare l\u2019ipotesi, quasi certa, stante i presupposti, di una sua mancata approvazione.<\/p>\n<div style=\"text-align: justify;\"><\/div>\n<p style=\"text-align: justify;\"><strong>Ipotesi che escludiamo<\/strong>, perch\u00e9 <strong>aprire una crisi istituzionale<\/strong> a due anni dalla fine del mandato sindacale di Piero Longo, <strong>potrebbe rivelarsi un boomerang per l\u2019attuale maggioranza<\/strong>, proprio perch\u00e9 tutti sono consapevoli, consiglieri di maggioranza dissidenti compresi, in assenza in questi tre anni di loro governo di una seria e valida programmazione amministrativa, che rischiano di non essere pi\u00f9 rieletti.<\/p>\n<div style=\"text-align: justify;\"><\/div>\n<p style=\"text-align: justify;\"><strong><img loading=\"lazy\" decoding=\"async\" class=\" alignleft size-full wp-image-6616\" style=\"margin: 4px; float: left;\" alt=\"maggioranza\" src=\"https:\/\/archiviogioia.lavocedelpaese.info\/wp-content\/uploads\/2010\/12\/maggioranza.jpg\" height=\"216\" width=\"300\" srcset=\"https:\/\/archiviogioia.lavocedelpaese.info\/wp-content\/uploads\/2010\/12\/maggioranza.jpg 669w, https:\/\/archiviogioia.lavocedelpaese.info\/wp-content\/uploads\/2010\/12\/maggioranza-300x216.jpg 300w\" sizes=\"auto, (max-width: 300px) 100vw, 300px\" \/>Per cui si guarderanno bene dal decidere di mandare tutti a casa<\/strong>. Una consapevolezza di cui Piero Longo \u00e8 a conoscenza e da cui trae la sua forza, tanto da sorvolare, quasi passivamente, se non addirittura \u201cfurbescamente\u201d, su quanto accade e viene detto in consiglio comunale dai suoi alleati. Ben sapendo che gli baster\u00e0 poco per tenerli a freno. <strong>Male che vada il solo ventilare le sue dimissioni sar\u00e0 motivo, di una sia pure forzata \u201cquiete\u201d interna<\/strong>.<\/p>\n<div style=\"text-align: justify;\"><\/div>\n<p style=\"text-align: justify;\">Ma <strong>al suo arco ha altre frecce. Potrebbe utilizzare le ulteriori deleghe in suo possesso<\/strong> per \u201ctranquillizzarne\u201d alcuni. Oppure, agevolando e accelerando alcune pratiche sospese (polo logistico, area intermodale, interramento binari, area mercatale, urbanistica, Piano Regolatore o Spes), accontentarne altri. Cos\u00ec come, <strong>nella peggiore delle ipotesi<\/strong>, sollevando o ruotando ulteriormente alcuni assessori e\/o alcuni dirigenti, <strong>soddisfare le richieste di altri<\/strong>, <strong>anche di minoranza, che lo aiuterebber<\/strong><strong>o a risalire la china<\/strong>, magari assentandosi in alcuni strategici consigli comunali o astenendosi nelle votazioni che contano.<\/p>\n<div style=\"text-align: justify;\"><\/div>\n<p style=\"text-align: justify;\"><strong>Una caduta che anche loro, i rappresentanti della minoranza<\/strong>, ancora una volta, tutto sommato, <strong>non vogliono e non forzano pi\u00f9 di tanto<\/strong> perch\u00e9, aldil\u00e0 delle richieste di auto convocazione di consigli comunali, dell<strong><img loading=\"lazy\" decoding=\"async\" class=\" alignright size-full wp-image-12942\" style=\"margin: 4px; float: right;\" alt=\"Sergio_Povia\" src=\"https:\/\/archiviogioia.lavocedelpaese.info\/wp-content\/uploads\/2011\/07\/Sergio_Povia.jpg\" height=\"203\" width=\"164\" \/><\/strong>e interrogazioni consiliari, o degli esposti alla Corte dei Conti e alla Magistratura, anche loro, come i colleghi di maggioranza, non sono poi cos\u00ec sicuri, non solo di essere rieletti ma di vincere le eventuali successive elezioni.<\/p>\n<div style=\"text-align: justify;\"><\/div>\n<p style=\"text-align: justify;\">Una paura avallata dalla consapevolezza di far parte, a distanza di tre anni dalla <em>debacle<\/em>, di una coalizione <strong>ancora alla ricerca di una propria identit\u00e0 coesa<\/strong>, che nonostante i proclami e i tentativi (a vuoto, stante i pessimi risultati ottenuti), si presenta sempre pi\u00f9 divisa oltre che litigiosa e individualista. Una forza di opposizione <strong>in cui continuano a manifestarsi troppe e solitarie fughe in avanti o inopportuni veti <\/strong>all\u2019ingresso in coalizione di questo o quel partito, alla possibilit\u00e0 di questa o quella alleanza, soprattutto in considerazione di una situazione politica venutasi a creare, suo malgrado, insperata, fin troppo favorevole e su cui fino all\u2019altro ieri nessuno avrebbe mai scommesso un centesimo.<\/p>\n<div style=\"text-align: justify;\"><\/div>\n<p style=\"text-align: justify;\"><strong>Dissidi interni<\/strong> <strong>determinati soltanto dalla paura o dalla sicurezza<\/strong> fin troppo eccessiva in alcune componenti di sinistra <strong>di vincere?<\/strong> <strong>Oppure<\/strong>, dopo tre anni di \u201cpurgatorio\u201d, <strong>da una loro congenita miopia mista a incapacit\u00e0 politica?<\/strong><\/p>\n<div style=\"text-align: right;\">(Tratto da \u201cla Piazza\u201d n. 2 di marzo 2011 a firma di Donato Stoppini)<\/div>\n","protected":false},"excerpt":{"rendered":"","protected":false},"author":1,"featured_media":12940,"comment_status":"open","ping_status":"closed","sticky":false,"template":"","format":"standard","meta":{"colormag_page_container_layout":"default_layout","colormag_page_sidebar_layout":"default_layout","footnotes":""},"categories":[4],"tags":[],"class_list":["post-12944","post","type-post","status-publish","format-standard","has-post-thumbnail","hentry","category-politica"],"_links":{"self":[{"href":"https:\/\/archiviogioia.lavocedelpaese.info\/index.php?rest_route=\/wp\/v2\/posts\/12944","targetHints":{"allow":["GET"]}}],"collection":[{"href":"https:\/\/archiviogioia.lavocedelpaese.info\/index.php?rest_route=\/wp\/v2\/posts"}],"about":[{"href":"https:\/\/archiviogioia.lavocedelpaese.info\/index.php?rest_route=\/wp\/v2\/types\/post"}],"author":[{"embeddable":true,"href":"https:\/\/archiviogioia.lavocedelpaese.info\/index.php?rest_route=\/wp\/v2\/users\/1"}],"replies":[{"embeddable":true,"href":"https:\/\/archiviogioia.lavocedelpaese.info\/index.php?rest_route=%2Fwp%2Fv2%2Fcomments&post=12944"}],"version-history":[{"count":0,"href":"https:\/\/archiviogioia.lavocedelpaese.info\/index.php?rest_route=\/wp\/v2\/posts\/12944\/revisions"}],"wp:featuredmedia":[{"embeddable":true,"href":"https:\/\/archiviogioia.lavocedelpaese.info\/index.php?rest_route=\/wp\/v2\/media\/12940"}],"wp:attachment":[{"href":"https:\/\/archiviogioia.lavocedelpaese.info\/index.php?rest_route=%2Fwp%2Fv2%2Fmedia&parent=12944"}],"wp:term":[{"taxonomy":"category","embeddable":true,"href":"https:\/\/archiviogioia.lavocedelpaese.info\/index.php?rest_route=%2Fwp%2Fv2%2Fcategories&post=12944"},{"taxonomy":"post_tag","embeddable":true,"href":"https:\/\/archiviogioia.lavocedelpaese.info\/index.php?rest_route=%2Fwp%2Fv2%2Ftags&post=12944"}],"curies":[{"name":"wp","href":"https:\/\/api.w.org\/{rel}","templated":true}]}}