{"id":13200,"date":"2011-07-23T05:37:24","date_gmt":"2011-07-23T05:37:24","guid":{"rendered":"https:\/\/archiviogioia.lavocedelpaese.info\/?p=13200"},"modified":"2011-07-23T05:37:24","modified_gmt":"2011-07-23T05:37:24","slug":"volley-la-team-joya-riparte-senza-la-serie-b1-2","status":"publish","type":"post","link":"https:\/\/archiviogioia.lavocedelpaese.info\/?p=13200","title":{"rendered":"VOLLEY: LA TEAM JOYA RIPARTE, SENZA LA SERIE B1"},"content":{"rendered":"<p><img loading=\"lazy\" decoding=\"async\" class=\" size-full wp-image-7711\" alt=\"volley-brolo-pp\" src=\"https:\/\/archiviogioia.lavocedelpaese.info\/wp-content\/uploads\/2011\/02\/volley-brolo-pp.jpg\" height=\"150\" width=\"320\" srcset=\"https:\/\/archiviogioia.lavocedelpaese.info\/wp-content\/uploads\/2011\/02\/volley-brolo-pp.jpg 320w, https:\/\/archiviogioia.lavocedelpaese.info\/wp-content\/uploads\/2011\/02\/volley-brolo-pp-300x141.jpg 300w\" sizes=\"auto, (max-width: 320px) 100vw, 320px\" \/> <\/p>\n<p><!--more--><\/p>\n<p style=\"text-align: justify;\"><strong><img loading=\"lazy\" decoding=\"async\" class=\" alignleft size-full wp-image-7888\" style=\"margin: 4px; float: left;\" alt=\"presidente-mario-lippolis\" src=\"https:\/\/archiviogioia.lavocedelpaese.info\/wp-content\/uploads\/2011\/02\/presidente-mario-lippolis.jpg\" height=\"206\" width=\"200\" srcset=\"https:\/\/archiviogioia.lavocedelpaese.info\/wp-content\/uploads\/2011\/02\/presidente-mario-lippolis.jpg 320w, https:\/\/archiviogioia.lavocedelpaese.info\/wp-content\/uploads\/2011\/02\/presidente-mario-lippolis-292x300.jpg 292w\" sizes=\"auto, (max-width: 200px) 100vw, 200px\" \/>Riparte la stagione agonistica del Team Volley J\u00f2ya<\/strong>. A pochi giorni dall\u2019infruttuoso esito della cessione gratuita del titolo di serie B1, in cui nessuna realt\u00e0 gioiese ha avanzato alcuna concreta proposta a proseguire l\u2019attivit\u00e0 in un campionato ereditandola dal Solleone senza oneri, il presidente <strong>Mario Lippolis <\/strong>e i suoi soci svelano il nuovo progetto sportivo per il futuro della societ\u00e0 biancorossa. <strong>Tante le novit\u00e0 per il prossimo anno<\/strong>, a cominciare dalla riconfigurazione dello staff tecnico che si occuper\u00e0 della prosecuzione dell\u2019opera Team Volley J\u00f2ya.<\/p>\n<div style=\"text-align: justify;\"><\/div>\n<p style=\"text-align: justify;\"><strong>L\u2019Academy<\/strong> biancorossa <strong>si avvarr\u00e0<\/strong> dell\u2019istituzione <strong>di<\/strong> <strong>una \u201csquadra\u201d di tutor<\/strong>, che agir\u00e0 con la supervisione della societ\u00e0, <strong>costituita dal gruppo dei tecnici e che comprender\u00e0 nuove professionalit\u00e0<\/strong> e specifiche competenze qualificate per elevare la\u00a0 qualit\u00e0 del lavoro formativo dei giovani, oltre che la crescita condizionale dei pi\u00f9 grandi. <strong>La sinergia del gruppo sar\u00e0 la nuova sfida del progetto<\/strong>, in quanto tutti i tecnici saranno chiamati a condividere l\u2019esperienza e la formazione dei ragazzi con il compito di far emergere possibili talenti in qualunque fascia di et\u00e0, mettendo a disposizione della societ\u00e0 le opportune scelte e <img loading=\"lazy\" decoding=\"async\" class=\" alignright size-full wp-image-5776\" style=\"margin: 4px; float: right;\" alt=\"joya-saluto-pubblico\" src=\"https:\/\/archiviogioia.lavocedelpaese.info\/wp-content\/uploads\/2010\/11\/joya-saluto-pubblico.jpg\" height=\"169\" width=\"250\" srcset=\"https:\/\/archiviogioia.lavocedelpaese.info\/wp-content\/uploads\/2010\/11\/joya-saluto-pubblico.jpg 394w, https:\/\/archiviogioia.lavocedelpaese.info\/wp-content\/uploads\/2010\/11\/joya-saluto-pubblico-300x203.jpg 300w\" sizes=\"auto, (max-width: 250px) 100vw, 250px\" \/>indicazioni per affrontare la loro crescita nella ampia gamma di campionati in cui la saranno protagonista. <strong>Un nuovo modo di fare rispetto al passato senza barriere e limiti preconcetti<\/strong>, in casa <strong>Team Volley J\u00f2ya ogni atleta avr\u00e0 la sua \u201cchance\u201d di crescita<\/strong>. Si tratta di un rafforzamento tecnico e operativo doveroso, in quanto, per la prima volta, <strong>la Societ\u00e0 affronter\u00e0 con i suoi ragazzi il Campionato di serie D<\/strong>, in seguito al ripescaggio ottenuto per merito del piazzamento dello scorso Campionato di Prima Divisione Giovani.<\/p>\n<div style=\"text-align: justify;\"><\/div>\n<p style=\"text-align: justify;\"><strong>Un impegno affascinante e impegnativo, che il Team Volley J\u00f2ya ha deciso di affrontare utilizzando tutte le forze a propria disposizione<\/strong> strizzando l\u2019occhio ove necessario a possibili innesti con grande attenzione alla selezione e all\u2019et\u00e0. <strong>La preparazione fisica<\/strong>, d\u2019obbligo nelle esperienze passate per campionati nazionali, <strong>diventer\u00e0 anche per i nostri giovani una componente importante sin dalla programmazione di <img loading=\"lazy\" decoding=\"async\" class=\" alignleft size-full wp-image-6054\" style=\"margin: 4px; float: left;\" alt=\"under_18_schierata\" src=\"https:\/\/archiviogioia.lavocedelpaese.info\/wp-content\/uploads\/2010\/11\/under_18_schierata.jpg\" height=\"200\" width=\"300\" srcset=\"https:\/\/archiviogioia.lavocedelpaese.info\/wp-content\/uploads\/2010\/11\/under_18_schierata.jpg 720w, https:\/\/archiviogioia.lavocedelpaese.info\/wp-content\/uploads\/2010\/11\/under_18_schierata-300x200.jpg 300w\" sizes=\"auto, (max-width: 300px) 100vw, 300px\" \/>inizio stagione<\/strong>, unendosi all\u2019integrazione in itinere di incontri individuali di fisioterapia dove necessario. Questo porter\u00e0 ad evidenziare l\u2019attenzione per gli atleti bisognosi di attivit\u00e0 specifica di sala pesi, che\u00a0 potranno sfruttare l\u2019attivit\u00e0 convenzionata con la societ\u00e0 con una guida diretta e la supervisione del nostro preparatore fisico, <strong>il tutto in completa sinergia con il programma sportivo della societ\u00e0 messo in pratica dai tutor<\/strong>.<\/p>\n<div style=\"text-align: justify;\"><\/div>\n<p style=\"text-align: justify;\">Nel dettaglio <strong>lo staff tecnico verr\u00e0 composto da Leonardo Bianco<\/strong> (Allievo Allenatore &#8211; I Livello Giovanile, impegnato come vice allenatore in tutte le selezioni Femminili e responsabile Minivolley e Super Minivolley Maschile e Femminile assieme a <strong>Mariangela Miccolis<\/strong>, Allievo Allenatore &#8211; I Livello Giovanile), <strong>Leonardo Castellaneta<\/strong> (Allenatore I Grado &#8211; II Livello Giovanile, allenatore della Under 18 Maschile), <strong>Marco Paglialunga<\/strong> (Allenatore II Grado &#8211; III Livello Giovanile, allenatore della Under 14 e della Under 16 Maschile), <strong>Tomm<\/strong><img loading=\"lazy\" decoding=\"async\" class=\" alignright size-full wp-image-6140\" style=\"margin: 4px; float: right;\" alt=\"volley-muro---1\" src=\"https:\/\/archiviogioia.lavocedelpaese.info\/wp-content\/uploads\/2010\/11\/volley-muro-1.jpg\" height=\"200\" width=\"300\" srcset=\"https:\/\/archiviogioia.lavocedelpaese.info\/wp-content\/uploads\/2010\/11\/volley-muro-1.jpg 900w, https:\/\/archiviogioia.lavocedelpaese.info\/wp-content\/uploads\/2010\/11\/volley-muro-1-300x201.jpg 300w, https:\/\/archiviogioia.lavocedelpaese.info\/wp-content\/uploads\/2010\/11\/volley-muro-1-768x514.jpg 768w\" sizes=\"auto, (max-width: 300px) 100vw, 300px\" \/><strong>aso Panessa<\/strong> (Allenatore II Grado &#8211; III Livello Giovanile, allenatore della serie D Maschile e preparatore atletico societario), <strong>Cataldo Spicolo<\/strong> (Allenatore I Grado &#8211; II Livello Giovanile, responsabile del Settore Femminile impegnato in Under 13, 14, 16 e Prima Divisione Giovani).<\/p>\n<div style=\"text-align: justify;\"><\/div>\n<p style=\"text-align: justify;\"><strong>Grande attenzione<\/strong> non soltanto al settore organizzativo dell\u2019attivit\u00e0 fisica, ma <strong>anche alla sua pratica<\/strong>. <strong>La Societ\u00e0<\/strong>, infatti, <strong>fornir\u00e0 il <\/strong><strong>materiale tecnico ai suoi atleti<\/strong>, comprensivo, nelle quote individuali di frequenza al corso, della divisa da gioco, della tuta di rappresentanza e di un borsone\/zainetto, oltre alla possibilit\u00e0 di usufruire di un mezzo a nove posti \u201cpasso lungo\u201d acquistato al servizio dei nostri per gli atleti per gli spostamenti e le gare delle squadre.<\/p>\n<div style=\"text-align: justify;\"><\/div>\n<p style=\"text-align: justify;\"><strong><img loading=\"lazy\" decoding=\"async\" class=\" alignleft size-full wp-image-12312\" style=\"margin: 4px; float: left;\" alt=\"lippolis-mario\" src=\"https:\/\/archiviogioia.lavocedelpaese.info\/wp-content\/uploads\/2011\/06\/lippolis-mario.jpg\" height=\"239\" width=\"170\" srcset=\"https:\/\/archiviogioia.lavocedelpaese.info\/wp-content\/uploads\/2011\/06\/lippolis-mario.jpg 372w, https:\/\/archiviogioia.lavocedelpaese.info\/wp-content\/uploads\/2011\/06\/lippolis-mario-214x300.jpg 214w\" sizes=\"auto, (max-width: 170px) 100vw, 170px\" \/>Uno spazio di rilievo verr\u00e0 garantito anche a premi e promozioni<\/strong>. La societ\u00e0, in collaborazione con gli sponsor, metter\u00e0 <strong>a disposizione dei tutor quattro \u201cborse dello sport\u201d<\/strong> quale premio per gli atleti \u201csenior\u201d che sino al termine del campionato 2011\/2012 si distingueranno per doti comportamentali, impegno profuso, risultati sul campo, frequenza e profitto scolastico. <strong>Il premio consiste nella \u201cretta\u201d annuale comprensiva di ogni onere per la stagione successiva 2012\/2013<\/strong>. Per il terzo anno consecutivo <strong>la societ\u00e0 garantir\u00e0 dei corsi di pallavolo per gli appassionati di ogni et\u00e0<\/strong>, con la novit\u00e0 della presenza di un tutor qualificato e del preparatore fisico, mentre per il secondo anno consecutivo <strong>la societ\u00e0 propone un progetto riservato alle mamme che vorranno avvicinarsi al mondo della pallavolo<\/strong>, o comunque fare attivit\u00e0 sportiva, seguendo i propri figli per un momento di confronto e di sana \u201ccomplicit\u00e0\u201d sportiva. Infine <strong>la Promozione Sport Famiglia<\/strong>: la partecipazione di due o pi\u00f9 componenti dello stesso nucleo familiare sar\u00e0 agevolata con una promozione sostanziale quale sconto per sostenere la famiglia che fa sport.<\/p>\n<div style=\"text-align: justify;\"><\/div>\n<p style=\"text-align: right;\">(<strong>Giuseppe Leronni<\/strong> &#8211; Ufficio Stampa Team Volley J\u00f2ya)<\/p>\n","protected":false},"excerpt":{"rendered":"","protected":false},"author":1,"featured_media":7711,"comment_status":"open","ping_status":"closed","sticky":false,"template":"","format":"standard","meta":{"colormag_page_container_layout":"default_layout","colormag_page_sidebar_layout":"default_layout","footnotes":""},"categories":[5],"tags":[],"class_list":["post-13200","post","type-post","status-publish","format-standard","has-post-thumbnail","hentry","category-sport"],"_links":{"self":[{"href":"https:\/\/archiviogioia.lavocedelpaese.info\/index.php?rest_route=\/wp\/v2\/posts\/13200","targetHints":{"allow":["GET"]}}],"collection":[{"href":"https:\/\/archiviogioia.lavocedelpaese.info\/index.php?rest_route=\/wp\/v2\/posts"}],"about":[{"href":"https:\/\/archiviogioia.lavocedelpaese.info\/index.php?rest_route=\/wp\/v2\/types\/post"}],"author":[{"embeddable":true,"href":"https:\/\/archiviogioia.lavocedelpaese.info\/index.php?rest_route=\/wp\/v2\/users\/1"}],"replies":[{"embeddable":true,"href":"https:\/\/archiviogioia.lavocedelpaese.info\/index.php?rest_route=%2Fwp%2Fv2%2Fcomments&post=13200"}],"version-history":[{"count":0,"href":"https:\/\/archiviogioia.lavocedelpaese.info\/index.php?rest_route=\/wp\/v2\/posts\/13200\/revisions"}],"wp:featuredmedia":[{"embeddable":true,"href":"https:\/\/archiviogioia.lavocedelpaese.info\/index.php?rest_route=\/wp\/v2\/media\/7711"}],"wp:attachment":[{"href":"https:\/\/archiviogioia.lavocedelpaese.info\/index.php?rest_route=%2Fwp%2Fv2%2Fmedia&parent=13200"}],"wp:term":[{"taxonomy":"category","embeddable":true,"href":"https:\/\/archiviogioia.lavocedelpaese.info\/index.php?rest_route=%2Fwp%2Fv2%2Fcategories&post=13200"},{"taxonomy":"post_tag","embeddable":true,"href":"https:\/\/archiviogioia.lavocedelpaese.info\/index.php?rest_route=%2Fwp%2Fv2%2Ftags&post=13200"}],"curies":[{"name":"wp","href":"https:\/\/api.w.org\/{rel}","templated":true}]}}