{"id":13240,"date":"2011-07-24T06:11:38","date_gmt":"2011-07-24T06:11:38","guid":{"rendered":"https:\/\/archiviogioia.lavocedelpaese.info\/?p=13240"},"modified":"2011-07-24T06:11:38","modified_gmt":"2011-07-24T06:11:38","slug":"canudo-dopo-il-premio-label-viaggio-in-germania-2","status":"publish","type":"post","link":"https:\/\/archiviogioia.lavocedelpaese.info\/?p=13240","title":{"rendered":"CANUDO: \u201cPREMIO LABEL\u201d E VIAGGIO IN GERMANIA"},"content":{"rendered":"<p><img loading=\"lazy\" decoding=\"async\" class=\" size-full wp-image-13234\" alt=\"canudo-preside-de-giorgi-pp\" src=\"https:\/\/archiviogioia.lavocedelpaese.info\/wp-content\/uploads\/2011\/07\/canudo-preside-de-giorgi-pp.jpg\" height=\"150\" width=\"320\" srcset=\"https:\/\/archiviogioia.lavocedelpaese.info\/wp-content\/uploads\/2011\/07\/canudo-preside-de-giorgi-pp.jpg 640w, https:\/\/archiviogioia.lavocedelpaese.info\/wp-content\/uploads\/2011\/07\/canudo-preside-de-giorgi-pp-300x141.jpg 300w\" sizes=\"auto, (max-width: 320px) 100vw, 320px\" \/> <\/p>\n<p><!--more--><\/p>\n<p style=\"text-align: justify;\"><img loading=\"lazy\" decoding=\"async\" class=\" alignleft size-full wp-image-13235\" style=\"margin: 4px; float: left;\" alt=\"studenti-comenius-canudo\" src=\"https:\/\/archiviogioia.lavocedelpaese.info\/wp-content\/uploads\/2011\/07\/studenti-comenius-canudo.jpg\" height=\"212\" width=\"153\" srcset=\"https:\/\/archiviogioia.lavocedelpaese.info\/wp-content\/uploads\/2011\/07\/studenti-comenius-canudo.jpg 343w, https:\/\/archiviogioia.lavocedelpaese.info\/wp-content\/uploads\/2011\/07\/studenti-comenius-canudo-218x300.jpg 218w\" sizes=\"auto, (max-width: 153px) 100vw, 153px\" \/>Per gli studenti del Canudo <strong>il 22 luglio scorso c\u2019\u00e8 stata la part<\/strong><strong><img loading=\"lazy\" decoding=\"async\" class=\" alignright size-full wp-image-13236\" style=\"margin: 4px; float: right;\" alt=\"Buongiornoeuropa2\" src=\"https:\/\/archiviogioia.lavocedelpaese.info\/wp-content\/uploads\/2011\/07\/Buongiornoeuropa2.jpg\" height=\"258\" width=\"129\" srcset=\"https:\/\/archiviogioia.lavocedelpaese.info\/wp-content\/uploads\/2011\/07\/Buongiornoeuropa2.jpg 295w, https:\/\/archiviogioia.lavocedelpaese.info\/wp-content\/uploads\/2011\/07\/Buongiornoeuropa2-150x300.jpg 150w\" sizes=\"auto, (max-width: 129px) 100vw, 129px\" \/><\/strong><strong>enza<\/strong> per l\u2019ultimo appuntamento del Progetto Comenius \u2018Social Skills for good mood and better learning\u2019 <strong>in Germania<\/strong>, <strong>nella graziosa cittadina medioevale di Landsberg<\/strong> in Bavaria.<\/p>\n<div style=\"text-align: justify;\"><\/div>\n<p style=\"text-align: justify;\"><strong>Il gruppo formato da sette paesi europei<\/strong> (Austria, Portogallo, Repubblica Ceca, Polonia, Lituania, Germania, Italia) negli ultimi due anni <strong>ha compiuto un percorso di conoscenza sull\u2019utilizzo delle abilit\u00e0 sociali negli Istituti<\/strong> ed ha promosso attivit\u00e0 e iniziative per far s\u00ec che la conoscenza dell\u2019Europa e del proprio territorio fosse mezzo per crescere in competenze e conoscenze, in cittadinanza attiva.<\/p>\n<div style=\"text-align: justify;\"><\/div>\n<p style=\"text-align: justify;\"><strong>Gli studenti coinvolti hanno avuto l\u2019opportunit\u00e0 di ospitare ed essere ospitati in paesi lontani<\/strong> <strong>ed hanno utilizzato la lingua inglese per entrare in culture diverse dalla propria<\/strong> e scoprire affi<strong><img loading=\"lazy\" decoding=\"async\" class=\" alignleft size-full wp-image-13237\" style=\"margin: 4px; float: left;\" alt=\"comenius-primo-piano\" src=\"https:\/\/archiviogioia.lavocedelpaese.info\/wp-content\/uploads\/2011\/07\/comenius-primo-piano.jpg\" height=\"186\" width=\"250\" srcset=\"https:\/\/archiviogioia.lavocedelpaese.info\/wp-content\/uploads\/2011\/07\/comenius-primo-piano.jpg 472w, https:\/\/archiviogioia.lavocedelpaese.info\/wp-content\/uploads\/2011\/07\/comenius-primo-piano-300x224.jpg 300w\" sizes=\"auto, (max-width: 250px) 100vw, 250px\" \/><\/strong>nit\u00e0 e differenze. Sotto la guida dei responsabili del progetto di ogni paese e dei team organizzati nelle scuole <strong>hanno prodotto materiali multimediali<\/strong>, <strong>ricerche<\/strong>, <strong>libri<\/strong>, <strong>raccont<\/strong><strong>i<\/strong>, hanno <strong>realizzato mostre fotografiche ed eventi<\/strong> che hanno reso possibile un ampliamento delle conoscenze linguistiche.<\/p>\n<div style=\"text-align: justify;\"><\/div>\n<p style=\"text-align: justify;\">Particolarmente <strong>importante \u00e8 la soddisfazione per aver appreso in <\/strong><strong>questi giorni che il<\/strong> primo Comenius dell\u2019Istituto <strong>\u2018Canudo\u2019 \u00e8 risultato vincitore del Label Europeo delle Lingue 2011<\/strong>, settore istruzione, <strong>un riconoscimento che valorizza i progetti innovativi e di qualit\u00e0<\/strong> nell\u2019ambito dell\u2019insegnamento e dell\u2019apprendimento delle lingue.<strong><img loading=\"lazy\" decoding=\"async\" class=\" alignright size-full wp-image-13238\" style=\"margin: 4px; float: right;\" alt=\"EuropeanLanguageLabel_4c_IT\" src=\"https:\/\/archiviogioia.lavocedelpaese.info\/wp-content\/uploads\/2011\/07\/EuropeanLanguageLabel_4c_IT.jpg\" height=\"114\" width=\"200\" srcset=\"https:\/\/archiviogioia.lavocedelpaese.info\/wp-content\/uploads\/2011\/07\/EuropeanLanguageLabel_4c_IT.jpg 400w, https:\/\/archiviogioia.lavocedelpaese.info\/wp-content\/uploads\/2011\/07\/EuropeanLanguageLabel_4c_IT-300x171.jpg 300w\" sizes=\"auto, (max-width: 200px) 100vw, 200px\" \/><\/strong><\/p>\n<div style=\"text-align: justify;\"><\/div>\n<p style=\"text-align: justify;\"><strong>Il Canudo risulta l\u2019unico Istituto pugliese ad aver conseguito il premio<\/strong> <strong>che ricever\u00e0 nel mese <\/strong><strong>di ottobre a Roma<\/strong>.<\/p>\n<div style=\"text-align: justify;\"><\/div>\n<p style=\"text-align: justify;\"><strong>Le due commissioni di valutazione<\/strong> &#8211; una per le proposte pervenute per il settore dell\u2019istruzione e una per quello della formazione professionale, formate da esperti del settore &#8211; <strong>hanno esaminato i circa 130 progetti inviati<\/strong> da scuole, universit\u00e0, enti, associazioni di tutta Italia, <strong>e ne hanno premiati 21<\/strong>.<\/p>\n<div style=\"text-align: justify;\"><\/div>\n<p style=\"text-align: justify;\">Di seguito si elencano <strong>gli altri istituti vincitori<\/strong> il Label Europeo delle Lingue 2011, settore istruzione:<\/p>\n<div style=\"text-align: justify;\">\n<ul>\n<li>Istituto Comprensivo Riva 2      &#8220;L. Pizzini&#8221; &#8211; Riva del Garda (TN) &#8211; What a punishment Lingue a      teatro;<\/li>\n<li>Liceo Classico      &#8220;Virgilio&#8221; &#8211; Roma &#8211; La mirada del alma;<\/li>\n<li>Istituto di Istruzione Sup.      &#8220;L. Pirelli&#8221; &#8211; Roma &#8211; e-art-cultural-innovation;<\/li>\n<li>ITC &#8220;E. Tosi&#8221; &#8211; Busto      Arsizio (VA) &#8211; It&#8217;s in the bag!;<\/li>\n<li>Europass \u2013 Firenze      &#8211; Teaching Languages through Movie Making;<\/li>\n<li>Istituto di Istruzione Sup.      &#8220;Gramsci-Keynes&#8221; &#8211; Prato &#8211; Teatro in lingua;<\/li>\n<li>Istituto Comprensivo      &#8220;Don Bosco&#8221; &#8211; Francavilla in Sinni (PZ) &#8211; Let&#8217;s Practice English      Together!;<\/li>\n<li>Istituto di Istruzione Sup.      &#8220;E. Fermi&#8221; &#8211; Montesarchio (BN) &#8211; Discovering our roots;<\/li>\n<li>Istituto Comprensivo &#8211; Ghilarza      (OR) &#8211; In viaggio con Fatih e con le lingue\u2026;<\/li>\n<li>Liceo Ginnasio &#8220;F.      Petrarca&#8221; &#8211; Trieste &#8211; N\u00e4chster Halt: Lebensdorf;<\/li>\n<li>Liceo &#8220;Mazzini&#8221; &#8211;      La Spezia &#8211; Nouvelle approche en classe de maths: le fran\u00e7ais au service      de la g\u00e9om\u00e9trie euclidienne.<\/li>\n<\/ul>\n<\/div>\n<p style=\"text-align: right;\">Il responsabile del progetto Piera De Giorgi<\/p>\n","protected":false},"excerpt":{"rendered":"","protected":false},"author":1,"featured_media":13234,"comment_status":"open","ping_status":"closed","sticky":false,"template":"","format":"standard","meta":{"colormag_page_container_layout":"default_layout","colormag_page_sidebar_layout":"default_layout","footnotes":""},"categories":[6],"tags":[],"class_list":["post-13240","post","type-post","status-publish","format-standard","has-post-thumbnail","hentry","category-cultura"],"_links":{"self":[{"href":"https:\/\/archiviogioia.lavocedelpaese.info\/index.php?rest_route=\/wp\/v2\/posts\/13240","targetHints":{"allow":["GET"]}}],"collection":[{"href":"https:\/\/archiviogioia.lavocedelpaese.info\/index.php?rest_route=\/wp\/v2\/posts"}],"about":[{"href":"https:\/\/archiviogioia.lavocedelpaese.info\/index.php?rest_route=\/wp\/v2\/types\/post"}],"author":[{"embeddable":true,"href":"https:\/\/archiviogioia.lavocedelpaese.info\/index.php?rest_route=\/wp\/v2\/users\/1"}],"replies":[{"embeddable":true,"href":"https:\/\/archiviogioia.lavocedelpaese.info\/index.php?rest_route=%2Fwp%2Fv2%2Fcomments&post=13240"}],"version-history":[{"count":0,"href":"https:\/\/archiviogioia.lavocedelpaese.info\/index.php?rest_route=\/wp\/v2\/posts\/13240\/revisions"}],"wp:featuredmedia":[{"embeddable":true,"href":"https:\/\/archiviogioia.lavocedelpaese.info\/index.php?rest_route=\/wp\/v2\/media\/13234"}],"wp:attachment":[{"href":"https:\/\/archiviogioia.lavocedelpaese.info\/index.php?rest_route=%2Fwp%2Fv2%2Fmedia&parent=13240"}],"wp:term":[{"taxonomy":"category","embeddable":true,"href":"https:\/\/archiviogioia.lavocedelpaese.info\/index.php?rest_route=%2Fwp%2Fv2%2Fcategories&post=13240"},{"taxonomy":"post_tag","embeddable":true,"href":"https:\/\/archiviogioia.lavocedelpaese.info\/index.php?rest_route=%2Fwp%2Fv2%2Ftags&post=13240"}],"curies":[{"name":"wp","href":"https:\/\/api.w.org\/{rel}","templated":true}]}}