{"id":13460,"date":"2011-08-03T06:00:41","date_gmt":"2011-08-03T06:00:41","guid":{"rendered":"https:\/\/archiviogioia.lavocedelpaese.info\/?p=13460"},"modified":"2011-08-03T06:00:41","modified_gmt":"2011-08-03T06:00:41","slug":"litalia-la-tomba-dello-stato-di-diritto","status":"publish","type":"post","link":"https:\/\/archiviogioia.lavocedelpaese.info\/?p=13460","title":{"rendered":"L\u2019ITALIA: \u201cLA TOMBA DELLO STATO DI DIRITTO\u201d"},"content":{"rendered":"<p><img loading=\"lazy\" decoding=\"async\" class=\" size-full wp-image-13454\" alt=\"la-legge-e-uguale-per-tutti\" src=\"https:\/\/archiviogioia.lavocedelpaese.info\/wp-content\/uploads\/2011\/08\/la-legge-e-uguale-per-tutti.jpg\" height=\"150\" width=\"320\" srcset=\"https:\/\/archiviogioia.lavocedelpaese.info\/wp-content\/uploads\/2011\/08\/la-legge-e-uguale-per-tutti.jpg 640w, https:\/\/archiviogioia.lavocedelpaese.info\/wp-content\/uploads\/2011\/08\/la-legge-e-uguale-per-tutti-300x141.jpg 300w\" sizes=\"auto, (max-width: 320px) 100vw, 320px\" \/> <\/p>\n<p><!--more--><\/p>\n<p style=\"text-align: justify;\"><strong><img loading=\"lazy\" decoding=\"async\" class=\" alignleft size-full wp-image-13455\" style=\"margin: 4px; float: left;\" alt=\"mani-pulite-377\" src=\"https:\/\/archiviogioia.lavocedelpaese.info\/wp-content\/uploads\/2011\/08\/mani-pulite-377.jpg\" height=\"198\" width=\"300\" srcset=\"https:\/\/archiviogioia.lavocedelpaese.info\/wp-content\/uploads\/2011\/08\/mani-pulite-377.jpg 567w, https:\/\/archiviogioia.lavocedelpaese.info\/wp-content\/uploads\/2011\/08\/mani-pulite-377-300x198.jpg 300w\" sizes=\"auto, (max-width: 300px) 100vw, 300px\" \/>Dio \u00e8 morto, Marx pure e lo Stato di diritto nel nostro Paese non sta poi mica tanto bene<\/strong>. Anzi possiamo tranquillamente accertare la sua morte. Da anni \u00e8 in corso <strong>una lotta crudele tra la politica la giustizia<\/strong>. Da questo conflitto perenne esce sconfitto un intero sistema e oggi possiamo affermare a malincuore che in Italia la legge non \u00e8 uguale per tutti.<\/p>\n<div style=\"text-align: justify;\"><\/div>\n<p style=\"text-align: justify;\"><strong>Il giustizialismo di Mani Pulite e l\u2019impunit\u00e0 del berlusconismo<\/strong> sono i principali responsabili del naufragio totale della giustizia nostrana.<\/p>\n<div style=\"text-align: justify;\"><\/div>\n<p style=\"text-align: justify;\"><strong>La Seconda Repubblica non \u00e8 decollata<\/strong> perch\u00e9 la Prima \u00e8 <img loading=\"lazy\" decoding=\"async\" class=\" alignright size-full wp-image-13456\" style=\"margin: 4px; float: right;\" alt=\"mani-pulite-pool\" src=\"https:\/\/archiviogioia.lavocedelpaese.info\/wp-content\/uploads\/2011\/08\/mani-pulite-pool.jpg\" height=\"179\" width=\"300\" srcset=\"https:\/\/archiviogioia.lavocedelpaese.info\/wp-content\/uploads\/2011\/08\/mani-pulite-pool.jpg 335w, https:\/\/archiviogioia.lavocedelpaese.info\/wp-content\/uploads\/2011\/08\/mani-pulite-pool-300x179.jpg 300w\" sizes=\"auto, (max-width: 300px) 100vw, 300px\" \/>stata spazzata via con la violenza della via giudiziaria alla politica. Questo \u00e8 un passaggio fondamentale per comprendere la malattia istituzionale della nostra democrazia parlamentare. \u00c8 <strong>necessario fare un passo indietro<\/strong>, e tornare agli anni della ghigliottina mediatica. <strong>Un manipolo di giudici<\/strong>, riunitosi in un Pool, <strong>misero in atto con l\u2019abuso della carcerazione preventiva una campagna di odio<\/strong> contro la Dc e il Psi. <strong>L\u2019obiettivo era il loro abbattimento<\/strong>, senza aver alcun rispetto per le regole fondamentali dello Stato di diritto.<\/p>\n<div style=\"text-align: justify;\"><\/div>\n<p style=\"text-align: justify;\"><strong>Il Pool aveva le idee chiare<\/strong>: abbattere la democrazia dei <img loading=\"lazy\" decoding=\"async\" class=\" alignleft size-full wp-image-13457\" style=\"margin: 4px; float: left;\" alt=\"silvio-berlusconi-bettino-craxi-459x5011\" src=\"https:\/\/archiviogioia.lavocedelpaese.info\/wp-content\/uploads\/2011\/08\/silvio-berlusconi-bettino-craxi-459x5011.jpg\" height=\"200\" width=\"183\" srcset=\"https:\/\/archiviogioia.lavocedelpaese.info\/wp-content\/uploads\/2011\/08\/silvio-berlusconi-bettino-craxi-459x5011.jpg 459w, https:\/\/archiviogioia.lavocedelpaese.info\/wp-content\/uploads\/2011\/08\/silvio-berlusconi-bettino-craxi-459x5011-275x300.jpg 275w\" sizes=\"auto, (max-width: 183px) 100vw, 183px\" \/>partiti con lo strumento antidemocratico del giustizialismo. Napoleone Colajanni in un libro dedicato a quella stagione (<em>Mani Pulite? Giustizia e politica in Italia, Mondadori, 1996<\/em>) afferm\u00f2 che <strong>tra le cause dell\u2019attuale stato d\u2019incertezza<\/strong>, non solo politica, in cui versa il nostro Paese si debba annoverare <strong>anche il modo in cui ha operato la magistratura<\/strong>. \u00c8 illuminante quanto scrive a proposito dei giudici di Tangentopoli. \u201cQuesti uomini avevano per\u00f2 alcune caratteristiche comuni: <strong>l\u2019avversione per il sistema dei partiti<\/strong>, che di fatto diveniva avversione per la democrazia cos\u00ec come esiste in Italia; la consapevolezza di disporre di uno strumento formidabile, qualora lo si fosse potuto usare, per operare il cambiamento; un orientamento, che si potrebbe definire fondamentalista, per cui la giustizia \u00e8 <strong>una sorta di macchina inesorabile al cui centro \u00e8 l\u2019obbligo dell\u2019azione penale<\/strong>, da portare avanti in ogni circostanza, qualun<strong><img loading=\"lazy\" decoding=\"async\" class=\" alignright size-full wp-image-13458\" style=\"margin: 4px; float: right;\" alt=\"La_18deg_legge_ad_personam\" src=\"https:\/\/archiviogioia.lavocedelpaese.info\/wp-content\/uploads\/2011\/08\/La_18deg_legge_ad_personam.jpg\" height=\"194\" width=\"300\" srcset=\"https:\/\/archiviogioia.lavocedelpaese.info\/wp-content\/uploads\/2011\/08\/La_18deg_legge_ad_personam.jpg 800w, https:\/\/archiviogioia.lavocedelpaese.info\/wp-content\/uploads\/2011\/08\/La_18deg_legge_ad_personam-300x194.jpg 300w, https:\/\/archiviogioia.lavocedelpaese.info\/wp-content\/uploads\/2011\/08\/La_18deg_legge_ad_personam-768x497.jpg 768w\" sizes=\"auto, (max-width: 300px) 100vw, 300px\" \/><\/strong>que essa sia\u201d.<\/p>\n<div style=\"text-align: justify;\"><\/div>\n<p style=\"text-align: justify;\"><strong>La via <\/strong><strong>giudiziaria<\/strong> alla politica con il terribile tintinnio delle manette <strong>ha aperto scenari inquietanti<\/strong>.<\/p>\n<div style=\"text-align: justify;\"><\/div>\n<p style=\"text-align: justify;\"><strong>Poi \u00e8 arrivata la stagione delle leggi <em>ad personam<\/em><\/strong>, che ha avuto il suo apice nell\u2019ennesimo voto di fiducia con cui il Senato ha <strong>approvato il processo lungo<\/strong>.<\/p>\n<div style=\"text-align: justify;\"><\/div>\n<p style=\"text-align: justify;\"><strong>La legge<\/strong> approvata in questi giorni <strong>garantisce di mandare in tilt l\u2019intero sistema giudiziario<\/strong>: i giudici hanno l\u2019obbligo di ammettere tutti i testimoni pertinenti alla causa senza alcun margine valutativo possibile sulla loro rilevanza o superfluit\u00e0 rispetto alle circostanze da <img loading=\"lazy\" decoding=\"async\" class=\" alignleft size-full wp-image-13459\" style=\"margin: 4px; float: left;\" alt=\"processo_lungo\" src=\"https:\/\/archiviogioia.lavocedelpaese.info\/wp-content\/uploads\/2011\/08\/processo_lungo.jpg\" height=\"200\" width=\"300\" srcset=\"https:\/\/archiviogioia.lavocedelpaese.info\/wp-content\/uploads\/2011\/08\/processo_lungo.jpg 620w, https:\/\/archiviogioia.lavocedelpaese.info\/wp-content\/uploads\/2011\/08\/processo_lungo-300x200.jpg 300w\" sizes=\"auto, (max-width: 300px) 100vw, 300px\" \/>accertare. <strong>Questo significa che l\u2019impunit\u00e0 raggiunger\u00e0 ampiezze macroscopiche<\/strong>.<\/p>\n<div style=\"text-align: justify;\"><\/div>\n<p style=\"text-align: justify;\"><strong>Il giustizialismo sommario di Tangentopoli ieri<\/strong>, <strong>e la strategia di demolizione delle regole<\/strong> costituzionali del diritto praticate dai berlusconiani <strong>oggi<\/strong>, <strong>hanno dato il colpo di grazia definitivo<\/strong> alla speranza di ridare dignit\u00e0 <strong>al concetto di giustizia giusta<\/strong>.<\/p>\n<div style=\"text-align: justify;\"><\/div>\n<p style=\"text-align: justify;\"><strong>L\u2019Italia non \u00e8 pi\u00f9 la culla del diritto, ma ne \u00e8 la tomba<\/strong>.<\/p>\n","protected":false},"excerpt":{"rendered":"","protected":false},"author":1,"featured_media":13454,"comment_status":"open","ping_status":"closed","sticky":false,"template":"","format":"standard","meta":{"colormag_page_container_layout":"default_layout","colormag_page_sidebar_layout":"default_layout","footnotes":""},"categories":[4],"tags":[],"class_list":["post-13460","post","type-post","status-publish","format-standard","has-post-thumbnail","hentry","category-politica"],"_links":{"self":[{"href":"https:\/\/archiviogioia.lavocedelpaese.info\/index.php?rest_route=\/wp\/v2\/posts\/13460","targetHints":{"allow":["GET"]}}],"collection":[{"href":"https:\/\/archiviogioia.lavocedelpaese.info\/index.php?rest_route=\/wp\/v2\/posts"}],"about":[{"href":"https:\/\/archiviogioia.lavocedelpaese.info\/index.php?rest_route=\/wp\/v2\/types\/post"}],"author":[{"embeddable":true,"href":"https:\/\/archiviogioia.lavocedelpaese.info\/index.php?rest_route=\/wp\/v2\/users\/1"}],"replies":[{"embeddable":true,"href":"https:\/\/archiviogioia.lavocedelpaese.info\/index.php?rest_route=%2Fwp%2Fv2%2Fcomments&post=13460"}],"version-history":[{"count":0,"href":"https:\/\/archiviogioia.lavocedelpaese.info\/index.php?rest_route=\/wp\/v2\/posts\/13460\/revisions"}],"wp:featuredmedia":[{"embeddable":true,"href":"https:\/\/archiviogioia.lavocedelpaese.info\/index.php?rest_route=\/wp\/v2\/media\/13454"}],"wp:attachment":[{"href":"https:\/\/archiviogioia.lavocedelpaese.info\/index.php?rest_route=%2Fwp%2Fv2%2Fmedia&parent=13460"}],"wp:term":[{"taxonomy":"category","embeddable":true,"href":"https:\/\/archiviogioia.lavocedelpaese.info\/index.php?rest_route=%2Fwp%2Fv2%2Fcategories&post=13460"},{"taxonomy":"post_tag","embeddable":true,"href":"https:\/\/archiviogioia.lavocedelpaese.info\/index.php?rest_route=%2Fwp%2Fv2%2Ftags&post=13460"}],"curies":[{"name":"wp","href":"https:\/\/api.w.org\/{rel}","templated":true}]}}