{"id":13567,"date":"2011-08-05T06:59:33","date_gmt":"2011-08-05T06:59:33","guid":{"rendered":"https:\/\/archiviogioia.lavocedelpaese.info\/?p=13567"},"modified":"2011-08-05T06:59:33","modified_gmt":"2011-08-05T06:59:33","slug":"manifesti-osceni-e-volgari-a-qportataq-di-bambini","status":"publish","type":"post","link":"https:\/\/archiviogioia.lavocedelpaese.info\/?p=13567","title":{"rendered":"MANIFESTI OSCENI E VOLGARI A &#8220;PORTATA&#8221; DI BAMBINI"},"content":{"rendered":"<p><img loading=\"lazy\" decoding=\"async\" class=\" size-full wp-image-13564\" alt=\"manifesti-osceni1-pp\" src=\"https:\/\/archiviogioia.lavocedelpaese.info\/wp-content\/uploads\/2011\/08\/manifesti-osceni1-pp.jpg\" height=\"150\" width=\"320\" srcset=\"https:\/\/archiviogioia.lavocedelpaese.info\/wp-content\/uploads\/2011\/08\/manifesti-osceni1-pp.jpg 640w, https:\/\/archiviogioia.lavocedelpaese.info\/wp-content\/uploads\/2011\/08\/manifesti-osceni1-pp-300x141.jpg 300w\" sizes=\"auto, (max-width: 320px) 100vw, 320px\" \/> <\/p>\n<p><!--more--><\/p>\n<p style=\"text-align: justify;\"><strong><img loading=\"lazy\" decoding=\"async\" class=\" alignleft size-full wp-image-13565\" style=\"margin: 4px; float: left;\" alt=\"manifesti-osceni3\" src=\"https:\/\/archiviogioia.lavocedelpaese.info\/wp-content\/uploads\/2011\/08\/manifesti-osceni3.jpg\" height=\"224\" width=\"300\" srcset=\"https:\/\/archiviogioia.lavocedelpaese.info\/wp-content\/uploads\/2011\/08\/manifesti-osceni3.jpg 591w, https:\/\/archiviogioia.lavocedelpaese.info\/wp-content\/uploads\/2011\/08\/manifesti-osceni3-300x224.jpg 300w\" sizes=\"auto, (max-width: 300px) 100vw, 300px\" \/>Anche Gioia del Colle<\/strong> come Bari e tanti altri paesi della provincia <strong>\u00e8 stata invasa da manifesti dalla inaudita volgarit\u00e0<\/strong>. Nel nostro paese sono stati essenzialmente <strong>posizionali intorno a Piazza Berlinguer nei pressi di un campo da basket rionale molto frequentato<\/strong>, soprattutto da bambini e ragazzi. <strong>Una pubblicit\u00e0 che ha suscitato scalpore<\/strong> non soltanto fra i residenti, ma anche a livello nazionale, <strong>fuorch\u00e9 nel nostro Palazzo Municipale<\/strong>.<\/p>\n<div style=\"text-align: justify;\"><\/div>\n<p style=\"text-align: justify;\"><strong>Per questa forma di pubblicit\u00e0 offensiva e allusiva<\/strong>, soprattutto nei confronti delle donne, <strong>si \u00e8 scomodato un ministro della Repubblica, la Carfagna<\/strong>, ministro per le Pari Opportunit\u00e0, <strong>che ne <img loading=\"lazy\" decoding=\"async\" class=\" alignright size-full wp-image-13566\" style=\"margin: 4px; float: right;\" alt=\"manifesti-osceni4\" src=\"https:\/\/archiviogioia.lavocedelpaese.info\/wp-content\/uploads\/2011\/08\/manifesti-osceni4.jpg\" height=\"224\" width=\"300\" srcset=\"https:\/\/archiviogioia.lavocedelpaese.info\/wp-content\/uploads\/2011\/08\/manifesti-osceni4.jpg 591w, https:\/\/archiviogioia.lavocedelpaese.info\/wp-content\/uploads\/2011\/08\/manifesti-osceni4-300x224.jpg 300w\" sizes=\"auto, (max-width: 300px) 100vw, 300px\" \/>aveva chiesto l\u2019immediata rimozione<\/strong>, di cui pubblichiamo i contenuti.<\/p>\n<div style=\"text-align: justify;\"><\/div>\n<p style=\"text-align: justify;\"><strong>Ci chiediamo e chiediamo a chi di competenza<\/strong>, chi \u00e8 preposto alla pubblica affissione <strong>come mai non si \u00e8 accorto di questo messaggio volgare e allusivo?<\/strong> Si controllano i contenuti o nel nostro paese <strong>ci si limita solamente a determinare l\u2019importo dovuto alle casse comunali<\/strong> come imposta per l\u2019affissione?<\/p>\n<div style=\"text-align: justify;\"><\/div>\n<p style=\"text-align: justify;\"><strong>E i nostri politici<\/strong> cos\u00ec attenti nel difendere i propri interessi <strong>perch\u00e9 non hanno mosso un dito nel difendere la pubblica decenza<\/strong>? Da quanti giorni erano l\u00ec in bella mostra <strong>senza che<\/strong> <strong>nessuno di loro si facesse carico delle rimostranze<\/strong> sicuramente pervenute dai residenti?<\/p>\n<div style=\"text-align: justify;\"><\/div>\n<p style=\"text-align: justify;\">&#8212;&#8212;&#8212;&#8212;&#8212;&#8212;&#8212;&#8212;&#8212;&#8212;&#8212;&#8212;&#8212;&#8212;&#8212;&#8212;&#8212;&#8212;<\/p>\n<div style=\"text-align: justify;\"><\/div>\n<p style=\"text-align: justify;\">\u201c<strong>Volgarit\u00e0 sui cartelloni di Bari interviene il ministro Carfagna<\/strong><\/p>\n<div style=\"text-align: justify;\"><\/div>\n<p style=\"text-align: justify;\">Il ministero per le Pari Opportunit\u00e0 ha segnalato all&#8217;Istituto di Autodisciplina pubblicitaria il manifesto apparso in Puglia per reclamizzare una nota marca di gioielli presente con diversi punti vendita in tutta la provincia di Bari. Il cartellone &#8220;\u00e8 accompagnato da uno slogan fortemente allusivo e volgare&#8221; (&#8216;e tu dove glielo metteresti?&#8217;) ed ha come protagonista la barese Barbara Montereale, frequentatrice delle feste del premier a Palazzo Grazioli. Gi\u00e0 oggetto di un intervento del sindaco di Bari, Michele Emiliano, la campagna pubblicitaria \u00e8 ora bersaglio di una ingiunzione di ritiro dello Iap, che ne impedisce la diffusione anche in futuro.<\/p>\n<div style=\"text-align: justify;\"><\/div>\n<p style=\"text-align: justify;\">Da quando \u00e8 stato siglata, lo scorso gennaio, un&#8217;intesa tra Ministero per le Pari Opportunit\u00e0 e l&#8217;Istituto di Autodisciplina Pubblicitaria, sono diversi i casi di pubblicit\u00e0 lesive della dignit\u00e0 femminile segnalati per avere violato il codice di autodisciplina nell&#8217;articolo 10: &#8220;Convinzioni morali, civili e religiose e dignit\u00e0 della persona&#8221;. La settimana scorsa, grazie all&#8217;intervento del Ministero e dello Iap, \u00e8 stato disposto il ritiro di due pubblicit\u00e0: una, apparsa sulla stampa locale marchigiana, per reclamizzare trattamenti estetici e dimagranti, un&#8217;altra di una palestra di Roma, affissa per le strade della Capitale.<\/p>\n<div style=\"text-align: justify;\"><\/div>\n<p style=\"text-align: right;\">(fonte: repubblica)<\/p>\n","protected":false},"excerpt":{"rendered":"","protected":false},"author":1,"featured_media":13564,"comment_status":"open","ping_status":"closed","sticky":false,"template":"","format":"standard","meta":{"colormag_page_container_layout":"default_layout","colormag_page_sidebar_layout":"default_layout","footnotes":""},"categories":[8],"tags":[],"class_list":["post-13567","post","type-post","status-publish","format-standard","has-post-thumbnail","hentry","category-cronaca"],"_links":{"self":[{"href":"https:\/\/archiviogioia.lavocedelpaese.info\/index.php?rest_route=\/wp\/v2\/posts\/13567","targetHints":{"allow":["GET"]}}],"collection":[{"href":"https:\/\/archiviogioia.lavocedelpaese.info\/index.php?rest_route=\/wp\/v2\/posts"}],"about":[{"href":"https:\/\/archiviogioia.lavocedelpaese.info\/index.php?rest_route=\/wp\/v2\/types\/post"}],"author":[{"embeddable":true,"href":"https:\/\/archiviogioia.lavocedelpaese.info\/index.php?rest_route=\/wp\/v2\/users\/1"}],"replies":[{"embeddable":true,"href":"https:\/\/archiviogioia.lavocedelpaese.info\/index.php?rest_route=%2Fwp%2Fv2%2Fcomments&post=13567"}],"version-history":[{"count":0,"href":"https:\/\/archiviogioia.lavocedelpaese.info\/index.php?rest_route=\/wp\/v2\/posts\/13567\/revisions"}],"wp:featuredmedia":[{"embeddable":true,"href":"https:\/\/archiviogioia.lavocedelpaese.info\/index.php?rest_route=\/wp\/v2\/media\/13564"}],"wp:attachment":[{"href":"https:\/\/archiviogioia.lavocedelpaese.info\/index.php?rest_route=%2Fwp%2Fv2%2Fmedia&parent=13567"}],"wp:term":[{"taxonomy":"category","embeddable":true,"href":"https:\/\/archiviogioia.lavocedelpaese.info\/index.php?rest_route=%2Fwp%2Fv2%2Fcategories&post=13567"},{"taxonomy":"post_tag","embeddable":true,"href":"https:\/\/archiviogioia.lavocedelpaese.info\/index.php?rest_route=%2Fwp%2Fv2%2Ftags&post=13567"}],"curies":[{"name":"wp","href":"https:\/\/api.w.org\/{rel}","templated":true}]}}