{"id":13582,"date":"2011-08-06T06:32:05","date_gmt":"2011-08-06T06:32:05","guid":{"rendered":"https:\/\/archiviogioia.lavocedelpaese.info\/?p=13582"},"modified":"2011-08-06T06:32:05","modified_gmt":"2011-08-06T06:32:05","slug":"rotatoria-giu-alle-croci-una-sit-comedy-foto-2","status":"publish","type":"post","link":"https:\/\/archiviogioia.lavocedelpaese.info\/?p=13582","title":{"rendered":"ROTATORIA GIU&#8217; ALLE CROCI, QUASI UNA SIT-COMEDY -foto-"},"content":{"rendered":"<p><img loading=\"lazy\" decoding=\"async\" class=\" size-full wp-image-13580\" alt=\"doppio-senso-pp\" src=\"https:\/\/archiviogioia.lavocedelpaese.info\/wp-content\/uploads\/2011\/08\/doppio-senso-pp.jpg\" height=\"150\" width=\"320\" srcset=\"https:\/\/archiviogioia.lavocedelpaese.info\/wp-content\/uploads\/2011\/08\/doppio-senso-pp.jpg 640w, https:\/\/archiviogioia.lavocedelpaese.info\/wp-content\/uploads\/2011\/08\/doppio-senso-pp-300x141.jpg 300w\" sizes=\"auto, (max-width: 320px) 100vw, 320px\" \/> <\/p>\n<p><!--more--><\/p>\n<p style=\"text-align: justify;\"><strong><img loading=\"lazy\" decoding=\"async\" class=\" alignleft size-full wp-image-13307\" style=\"margin: 4px; float: left;\" alt=\"rotatoria-vigili-in-azione\" src=\"https:\/\/archiviogioia.lavocedelpaese.info\/wp-content\/uploads\/2011\/07\/rotatoria-vigili-in-azione.jpg\" height=\"225\" width=\"300\" srcset=\"https:\/\/archiviogioia.lavocedelpaese.info\/wp-content\/uploads\/2011\/07\/rotatoria-vigili-in-azione.jpg 354w, https:\/\/archiviogioia.lavocedelpaese.info\/wp-content\/uploads\/2011\/07\/rotatoria-vigili-in-azione-300x225.jpg 300w\" sizes=\"auto, (max-width: 300px) 100vw, 300px\" \/>Pur senza volerlo i malcapitati e inconsapevoli automobilisti<\/strong> (non solo gioiesi), si sono ritrovati loro malgrado protagonisti, comparse o semplici spettatori di una <strong>esilarante sit-comedy \u201cLa rotatoria delle giravolte\u201d<\/strong>, per altro non solo veicolari.<\/p>\n<div style=\"text-align: justify;\"><\/div>\n<p style=\"text-align: justify;\">Una commedia che va puntualmente<strong> in onda tutte le mattine<\/strong> (8.30-12), <strong>con replica pomeridiana<\/strong> (17-19), <strong>dal 1 agosto scorso<\/strong> per la rabbia e il diletto di chi vi assiste, siano essi semplici residenti che automobilisti, artigiani e commercianti. <strong>Teatro della rappresentazione l\u2019incrocio di \u201cGi\u00f9 alle Croci\u201d<\/strong>, situato tra via Acquaviva e la via per Bari.<\/p>\n<div style=\"text-align: justify;\"><\/div>\n<p style=\"text-align: justify;\"><strong>Una sit-comedy organizzata dall\u2019Assessorato al Traffico<\/strong> sotto la <strong>regia<\/strong> del sindaco <strong>Piero Longo<\/strong> in nome e per conto dell\u2019intera Amministrazione. <strong>Una sceneggiata in cui sono stati utilizzati tutti i mezzi possibili<\/strong> ed immaginabili per convincere i gioiesi della bont\u00e0 di quanto si stava mettendo in atto.<\/p>\n<div style=\"text-align: justify;\"><\/div>\n<p style=\"text-align: justify;\"><strong>Evidentemente le feroci critiche del rond\u00f2 di via S. Rosa<\/strong> hanno spinto i nostri amministratori a una rotatoria \u201cpartecipata\u201d, magari anche un po\u2019 \u201cballerina\u201d <strong>e cos\u00ec \u00e8 stato<\/strong>.<\/p>\n<div style=\"text-align: justify;\"><\/div>\n<p style=\"text-align: justify;\"><strong>Mobile quanto basta per accontentare tutti i gusti<\/strong> e tutte le esigenze salvo poi, con una repentina e atletica piroetta ritornare sui propri passi. <strong>Un andirivieni di decisioni e contro decisioni in cui le cavie sono stati gli<\/strong> inconsapevoli e fin troppo pazienti <strong>automobilisti<\/strong> che dalla sera alla mattina si sono ritrovati sbarrati la strada per Acquaviva, per poi, quando ormai avevano preso la mano, ritrovarsela <strong>riaperta con tanto di cartello di emergenza<\/strong> (di cartone!?) che segnalava il\u2026 pericolo, con su scritto \u201c<strong>ATTENZIONE STRADA A DOPPIO SENSO DI MARCIA<\/strong>\u201d, con annesse frecce indicanti, per chi non lo capisse, il doppio senso.<\/p>\n<div style=\"text-align: justify;\"><\/div>\n<p style=\"text-align: justify;\"><strong>Un cartello che ha letteralmente disorientato gli automobilisti<\/strong> <strong>che<\/strong> non capendo il perch\u00e9 di quella inutile presenza sul ciglio della strada, immancabilmente <strong>si fermavano per verificare se fosse vero o se si trattasse di uno scherzo<\/strong>.<\/p>\n<div style=\"text-align: justify;\"><\/div>\n<p style=\"text-align: justify;\">E invece no, era <strong>tutto vero, almeno fino a ieri, non sappiamo oggi oppure domani <\/strong>se continuer\u00e0 ad esserlo o <strong>se ricambieranno nuovamente<\/strong>, <strong>magari<\/strong> dopo un ulteriore summit l\u00ec nel Palazzo comunale o <strong>dopo un nuovo referendum in cui coinvolgere i cittadini residenti<\/strong>. Ebbene s\u00ec, \u00e8 successo anche questo!<\/p>\n<div style=\"text-align: justify;\"><\/div>\n<p style=\"text-align: justify;\"><strong>Inizialmente<\/strong>, <strong>trattandosi di \u201cinterventi di tipo sperimentale\u201d<\/strong>, cos\u00ec era scritto sui numerosi manifesti fatti affiggere per l\u2019occasione sui muri della citt\u00e0, <strong>il sindaco ha invitato i gioiesi a \u201cpresentare proposte e suggerimenti presso il Comando di Polizia Municipale\u201d<\/strong>, <strong>poi ha indetto<\/strong>, con l\u2019aiuto dei \u201cGiovani di destra\u201d, <strong>una specie di mini-referendum<\/strong> in loco con tanto di gazebo e schede su cui si invitava ad apporre la propria firma <strong>per dichiarare di essere favorevoli o meno alla riapertura<\/strong> in entrambi i sensi della via per Acquaviva.<\/p>\n<div style=\"text-align: justify;\"><\/div>\n<p style=\"text-align: justify;\"><strong>Sono stati necessari un paio di giorni di consultazioni<\/strong>, come si addice a tutte le competizioni elettive, <strong>per dichiarare vincitori i SI\u2019<\/strong>, con quale percentuale e in che misura non \u00e8 dato sapere.<\/p>\n<div style=\"text-align: justify;\"><\/div>\n<p style=\"text-align: justify;\"><strong>Non sappiamo, per\u00f2, se sia stato raggiunto il fatidico \u201cquorum\u201d<\/strong>. Operazioni effettuate <strong>sotto lo sguardo \u201cvigile\u201d dell\u2019Assessore al ramo, Fabio De Benedictis<\/strong>, che per\u00f2 si \u00e8 guardato bene dal divulgare gli esiti. <strong>Lo si \u00e8 capito<\/strong> dall\u2019eliminazione del segnale di divieto di accesso, dei birilli mobili e <strong>dalla presenza di quel ridicolo cartello<\/strong>. Come se gli automobilisti fossero non solo disubbidienti alle regole, ma anche miopi o distratti al punto da non vedere che il cartello di divieto era stato rimosso.<\/p>\n<div style=\"text-align: justify;\"><\/div>\n<p style=\"text-align: justify;\"><strong>A questo punto qualcuno si chieder\u00e0 se la ex \u201crotatoria delle giravolte\u201d<\/strong>, trasformatasi in \u201crond\u00f2 rimovibile\u201d prima, e \u201cdei dubbi\u201d o delle \u201cprove\u201d poi, <strong>trover\u00e0 la sua piena luce<\/strong>. <strong>Se<\/strong> dopo questo complicato parto cesareo <strong>si dar\u00e0 corso alla definitiva \u201comologazione\u201d<\/strong> delle decisioni assunte <strong>o se si continuer\u00e0<\/strong>, cos\u00ec come comunicato ad altre testate giornalistiche concorrenti, <strong>\u201cper mesi, fino all\u2019inizio del prossimo anno scolastico\u201d<\/strong>.<\/p>\n<div style=\"text-align: justify;\"><\/div>\n<p style=\"text-align: justify;\"><strong>Ci auguriamo di no ma \u00e8 forte la sensazione che la sit-comedy di cui sopra non sia arrivata alla fine<\/strong>. Altre esilaranti puntate ci attendono, con repentini fischi del vigile di turno nei confronti dei discoli automobilisti, che probabilmente <strong>non rispetteranno il diritto di precedenza altrui<\/strong>, non sapendo a chi darla realmente questa precedenza, e a ragione, <strong>in presenza di un rond\u00f2 che al momento continua ad essere<\/strong>, e a tutti gli effetti, <strong>aleatorio<\/strong>, <strong>oltre che fuori norma<\/strong>.<\/p>\n<div style=\"text-align: justify;\"><\/div>\n<p style=\"text-align: justify;\"><strong>E non sar\u00e0 certamente la sola presenza di birilli mobili<\/strong> o di segnali indicatori di direzione, pi\u00f9 volte abbattuti, <strong>che migliorer\u00e0 la circolazione<\/strong>, sicuramente aumenter\u00e0 il rallentamento dei veicoli che escono da via Caracciolo, di quelli che si immetteranno da via di Vittorio in direzione Acquaviva o provenienti da via Bari, ma in compenso <strong>aumenteranno i pericoli derivanti dalla maggior \u201csicurezza\u201d che acquisiranno gli automobilisti<\/strong> provenienti dalla via per Acquaviva in direzione \u201ccentro\u201d o dal centro in direzione via Bari.<\/p>\n<div style=\"text-align: justify;\"><\/div>\n<p style=\"text-align: justify;\"><strong>Per non parlare di chi vorr\u00e0 svoltare in via Salvator Rosa<\/strong>.<\/p>\n<div style=\"text-align: justify;\"><\/div>\n<p style=\"text-align: justify;\"><strong>Eppure<\/strong>, come affermato su un bimestrale locale, <strong>sarebbe bastato poco per risolvere immediatamente il problema<\/strong>, senza se e senza ma, senza tentennamenti. <strong>Sarebbe bastato, aggiungiamo, invertire il senso di marcia di Via Caracciolo<\/strong>, posizionare dei <strong>dissuasori di velocit\u00e0 in prossimit\u00e0 degli incroci<\/strong> presenti sulla via per Acquaviva, <strong>un segnale di \u201cStop\u201d<\/strong> nei pressi della Chiesa del Sacro Cuore per chi arriva in centro, e <strong>dei delimitatori di carreggiata<\/strong> da realizzare a centro strada per facilitare l\u2019immissione in via Salvator Rosa ai veicoli provenienti da via Acquaviva e via Bari.<\/p>\n<div style=\"text-align: justify;\"><\/div>\n<p style=\"text-align: justify;\"><strong>Troppo complicato o forse troppo semplice<\/strong> <strong>come soluzione per i nostri arguti amministratori<\/strong>, sindaco in testa? Sicuramente <strong>sarebbe costato meno di quanto si \u00e8 gi\u00e0 speso<\/strong> (ma non \u00e8 finita) con questi continui cambiamenti, <strong>qualcuno avrebbe gridato \u201cEureka\u201d o pensato al \u201cmiracolo\u201d<\/strong>, per i quali l\u2019amministrazione nonostante la buona volont\u00e0 non si \u00e8 ancora attrezzata.<\/p>\n<p style=\"text-align: justify;\">&#8212;&#8212;&#8212;&#8212;&#8212;&#8212;&#8212;&#8212;&#8212;&#8212;&#8212;&#8212;-<\/p>\n<p style=\"text-align: justify;\"><strong>Ci scusiamo<\/strong> con tutti i lettori <strong>se<\/strong>, per problemi tecnici dell&#8217;ultima ora, <strong>abbiamo utilizzato a corredo dell&#8217;articolo foto di repertorio<\/strong>.<\/p>\n<p><object data=\"https:\/\/picasaweb.google.com\/s\/c\/bin\/slideshow.swf\" type=\"application\/x-shockwave-flash\" height=\"660\" width=\"660\"><param name=\"flashvars\" value=\"host=picasaweb.google.com&amp;hl=it&amp;feat=flashalbum&amp;RGB=0x000000&amp;feed=https%3A%2F%2Fpicasaweb.google.com%2Fdata%2Ffeed%2Fapi%2Fuser%2Fredazionegioianet%2Falbumid%2F5637536053437909713%3Falt%3Drss%26kind%3Dphoto%26authkey%3DGv1sRgCMG89q61t8GHJA%26hl%3Dit\" \/><param name=\"src\" value=\"https:\/\/picasaweb.google.com\/s\/c\/bin\/slideshow.swf\" \/><\/object><\/p>\n","protected":false},"excerpt":{"rendered":"","protected":false},"author":1,"featured_media":13580,"comment_status":"open","ping_status":"closed","sticky":false,"template":"","format":"standard","meta":{"colormag_page_container_layout":"default_layout","colormag_page_sidebar_layout":"default_layout","footnotes":""},"categories":[4],"tags":[],"class_list":["post-13582","post","type-post","status-publish","format-standard","has-post-thumbnail","hentry","category-politica"],"_links":{"self":[{"href":"https:\/\/archiviogioia.lavocedelpaese.info\/index.php?rest_route=\/wp\/v2\/posts\/13582","targetHints":{"allow":["GET"]}}],"collection":[{"href":"https:\/\/archiviogioia.lavocedelpaese.info\/index.php?rest_route=\/wp\/v2\/posts"}],"about":[{"href":"https:\/\/archiviogioia.lavocedelpaese.info\/index.php?rest_route=\/wp\/v2\/types\/post"}],"author":[{"embeddable":true,"href":"https:\/\/archiviogioia.lavocedelpaese.info\/index.php?rest_route=\/wp\/v2\/users\/1"}],"replies":[{"embeddable":true,"href":"https:\/\/archiviogioia.lavocedelpaese.info\/index.php?rest_route=%2Fwp%2Fv2%2Fcomments&post=13582"}],"version-history":[{"count":0,"href":"https:\/\/archiviogioia.lavocedelpaese.info\/index.php?rest_route=\/wp\/v2\/posts\/13582\/revisions"}],"wp:featuredmedia":[{"embeddable":true,"href":"https:\/\/archiviogioia.lavocedelpaese.info\/index.php?rest_route=\/wp\/v2\/media\/13580"}],"wp:attachment":[{"href":"https:\/\/archiviogioia.lavocedelpaese.info\/index.php?rest_route=%2Fwp%2Fv2%2Fmedia&parent=13582"}],"wp:term":[{"taxonomy":"category","embeddable":true,"href":"https:\/\/archiviogioia.lavocedelpaese.info\/index.php?rest_route=%2Fwp%2Fv2%2Fcategories&post=13582"},{"taxonomy":"post_tag","embeddable":true,"href":"https:\/\/archiviogioia.lavocedelpaese.info\/index.php?rest_route=%2Fwp%2Fv2%2Ftags&post=13582"}],"curies":[{"name":"wp","href":"https:\/\/api.w.org\/{rel}","templated":true}]}}