{"id":13631,"date":"2011-08-12T06:19:30","date_gmt":"2011-08-12T06:19:30","guid":{"rendered":"https:\/\/archiviogioia.lavocedelpaese.info\/?p=13631"},"modified":"2011-08-12T06:19:30","modified_gmt":"2011-08-12T06:19:30","slug":"esenzioni-ticket-chi-deve-o-non-deve-richiederle","status":"publish","type":"post","link":"https:\/\/archiviogioia.lavocedelpaese.info\/?p=13631","title":{"rendered":"ESENZIONI TICKET: CHI DEVE O NON DEVE RICHIEDERLE"},"content":{"rendered":"<p><img loading=\"lazy\" decoding=\"async\" alt=\"esenzioni-ticket-nuove-norm\" src=\"images\/stories\/esenzioni-ticket-nuove-norm.jpg\" height=\"150\" width=\"320\" \/> <\/p>\n<p><!--more--><\/p>\n<p style=\"text-align: justify;\"><strong><img loading=\"lazy\" decoding=\"async\" style=\"margin: 4px; float: left;\" alt=\"ticket-su-ricetta-rossa\" src=\"images\/stories\/ticket-su-ricetta-rossa.jpg\" height=\"225\" width=\"300\" \/>Dal 1 luglio<\/strong>, da quando \u00e8 entrata in vigore la nuova legge regionale in materia di esenzioni ticket sulla spesa farmaceutica, <strong>sembra che l\u2019intera popolazione gioiese<\/strong>, e non solo, <strong>sia invasa da una sorta di psicosi collettiva originata dalla paura di perdere i benefici precedentemente acquisiti<\/strong>. Una <strong>paura<\/strong>, in molti casi <strong>infondata<\/strong>, che sta mandando in tilt tutto l\u2019apparato medico-sanitario.<\/p>\n<div style=\"text-align: justify;\"><\/div>\n<p style=\"text-align: justify;\"><strong>E\u2019 di questi giorni la notizia che<\/strong> <strong>per ottenere l\u2019autorizzazione<\/strong> dal locale Ufficio Esenzioni Ticket dell\u2019Asl (ex Inam), preposto anche al controllo degli aventi diritto e al rilascio dell\u2019esenzione da presentare poi al proprio medico di famiglia, <strong>si debba aspettare<\/strong>, previa prenotazione, <strong>addirittura quasi un mese<\/strong>.<\/p>\n<div style=\"text-align: justify;\"><\/div>\n<p style=\"text-align: justify;\"><strong><img loading=\"lazy\" decoding=\"async\" class=\" alignright size-full wp-image-3659\" style=\"margin: 4px; float: right;\" alt=\"Inam-Gioia1\" src=\"https:\/\/archiviogioia.lavocedelpaese.info\/wp-content\/uploads\/2010\/08\/Inam-Gioia1.jpg\" height=\"225\" width=\"300\" srcset=\"https:\/\/archiviogioia.lavocedelpaese.info\/wp-content\/uploads\/2010\/08\/Inam-Gioia1.jpg 472w, https:\/\/archiviogioia.lavocedelpaese.info\/wp-content\/uploads\/2010\/08\/Inam-Gioia1-300x225.jpg 300w\" sizes=\"auto, (max-width: 300px) 100vw, 300px\" \/>Una lista di attesa che<\/strong> considerando il periodo feriale, i problemi tecnici e i continui aggiornamenti nella normativa, oltre all\u2019immancabile confusione, <strong>tenderebbe ad allungarsi a dismisura pi\u00f9 che a ridursi<\/strong>.<\/p>\n<div style=\"text-align: justify;\"><\/div>\n<p style=\"text-align: justify;\"><strong>Motivazioni che ci spingono<\/strong>, per evitare ai nostri concittadini inutili code e preoccupazioni, <strong>ad intervenire per fare chiarezza<\/strong> in un campo in cui, sempre pi\u00f9 spesso, si tende a creare difficolt\u00e0 piuttosto che ad eliminarle, e a lasciarsi prendere la mano dalla emotivit\u00e0 del momento.<\/p>\n<div style=\"text-align: justify;\"><\/div>\n<p style=\"text-align: justify;\">Innanzitutto, <strong>con riferimento alle patologie<\/strong>, <strong>\u00e8 bene precisare che le stesse patologie o le invalidit\u00e0 <img loading=\"lazy\" decoding=\"async\" style=\"margin: 4px; float: left;\" alt=\"file_ASL\" src=\"images\/stories\/file_ASL.jpg\" height=\"225\" width=\"300\" \/>non hanno subito modifiche<\/strong>, e tutti coloro che gi\u00e0 usufruivano di queste esenzioni, sia farmaceutiche che diagnostiche, continueranno a beneficiarne, <strong>quindi nessuno di loro deve recarsi da nessuna parte<\/strong>.<\/p>\n<div style=\"text-align: justify;\"><\/div>\n<p style=\"text-align: justify;\"><strong>Cos\u00ec come i disoccupati<\/strong>, <strong>gli inoccupati<\/strong>, <strong>i cassaintegrati<\/strong>, <strong>i lavoratori in mobilit\u00e0 e i loro familiari a carico<\/strong>, anche per loro restano intatte le vecchie esenzioni e relativi livelli reddituali per poter usufruire delle esenzioni sia sui farmaci che sulla diagnostica. <strong>Anche loro non hanno di che preoccuparsi se non per il loro lavoro<\/strong>.<\/p>\n<div style=\"text-align: justify;\"><\/div>\n<p style=\"text-align: justify;\"><strong>Stesso discorso per i titolari di pensioni <img loading=\"lazy\" decoding=\"async\" style=\"margin: 4px; float: right;\" alt=\"farmaci-ticket-sanita\" src=\"images\/stories\/farmaci-ticket-sanita.jpg\" height=\"234\" width=\"300\" \/>sociali<\/strong>, <strong>i bambini al di sotto dei 6 anni<\/strong>, <strong>i pensionati con et\u00e0 superiore ai 65 anni<\/strong>. Per tutti loro nulla \u00e8 cambiato rispetto a ieri. <strong>Le modifiche<\/strong> legislative <strong>interessano esclusivamente i soli soggetti<\/strong> (assistiti) <strong>che non rientrano<\/strong> <strong>nelle fattispecie precedentemente elencate<\/strong>.<\/p>\n<div style=\"text-align: justify;\"><\/div>\n<p style=\"text-align: justify;\"><strong>Per loro<\/strong> e relativi nuclei familiari <strong>dal 1 luglio 2011<\/strong> <strong>sono cambiati<\/strong>, purtroppo al ribasso, <strong>i limiti reddituali<\/strong> che danno diritto alle esenzioni parziali o totali <strong>che<\/strong>, \u00e8 bene ricordarlo, <strong>riguardano solo la spesa farmaceutica<\/strong>, non la diagnostica che in ogni caso \u00e8 sempre assoggettata al pagamento del ticket.<\/p>\n<div style=\"text-align: justify;\"><\/div>\n<p style=\"text-align: justify;\"><strong>Per aver diritto all\u2019esenzione totale non <img loading=\"lazy\" decoding=\"async\" class=\" alignleft size-full wp-image-4814\" style=\"margin: 4px; float: left;\" alt=\"dichiarazione-redditi-modelli\" src=\"https:\/\/archiviogioia.lavocedelpaese.info\/wp-content\/uploads\/2010\/10\/dichiarazione-redditi-modelli.jpg\" height=\"167\" width=\"250\" \/>bisogna aver superato nell\u2019anno 2009 i 18 mila euro<\/strong> <strong>di reddito complessivo<\/strong>, incrementato di 1000 euro per ogni figlio a carico (fino al 30 giugno scorso il limite era di 29 mila euro tra l\u2019altro imponibile e non complessivo). <strong>Per l\u2019esenzione parziale<\/strong> il limite reddituale complessivo \u00e8 stato portato a <strong>23 mila euro<\/strong> pi\u00f9 1000 per ogni figlio a carico, rispetto ai 34 mila imponibili di ieri.<\/p>\n<div style=\"text-align: justify;\"><\/div>\n<p style=\"text-align: justify;\">Si precisa che <strong>per richiedere le esenzioni c\u2019\u00e8 tempo fino al 30 settembre 2011<\/strong>, che le stesse <strong>entreranno in vigore<\/strong>, in assenza di pr<img loading=\"lazy\" decoding=\"async\" style=\"margin: 4px; float: right;\" alt=\"ex_inam_code_ticket\" src=\"images\/stories\/ex_inam_code_ticket.jpg\" height=\"192\" width=\"256\" \/>oroghe, solo <strong>dal 1 ottobre 2011<\/strong>, non prima. Fino a quella data restano valide le vecchie esenzioni. <strong>Non c\u2019\u00e8 da compilare alcun modello<\/strong>. Se, dopo aver sommato i redditi propri, del coniuge e dei figli a carico, ci si accorge di rientrare nei parametri suindicati, solo allora ci si deve <strong>recare personalmente o tramite un parente diretto<\/strong> (moglie o figli) presso gli uffici preposti <strong>per chiedere l\u2019esenzione<\/strong> dal pagamento dei ticket sui farmaci, sia esso parziale o totale, <strong>muniti<\/strong> per\u00f2 <strong>della dichiarazione dei redditi<\/strong> (730 o Unico) <strong>o del CUD<\/strong>, <strong>documento<\/strong> di identit\u00e0, <strong>tessera sanitaria e stato di famiglia<\/strong>.<\/p>\n<div style=\"text-align: justify;\"><\/div>\n<p style=\"text-align: justify;\"><strong>Per saperne di pi\u00f9<\/strong> clicca qui sotto:<\/p>\n<div style=\"text-align: justify;\"><\/div>\n<div style=\"text-align: justify;\"><a href=\"http:\/\/www.sanita.puglia.it\/portal\/pls\/portal\/docs\/1\/550291.PDF\" title=\"esenzione ticket per farmaci.pdf\">\u00bb\u00a0esenzione ticket per farmaci.pdf<\/a><\/div>\n<div style=\"text-align: justify;\"><\/div>\n<div style=\"text-align: justify;\"><a href=\"http:\/\/bari.fimmg.org\/20110803_Nota_Ticket_disoccupati.pdf\">Ripristinata l&#8217;esenzione ticket sulla specialistica per disoccupati, inoccupati, cassaintegrati<\/a><\/div>\n<div style=\"text-align: justify;\"><\/div>\n<div style=\"text-align: justify;\"><a href=\"http:\/\/www.sanita.puglia.it\/portal\/pls\/portal\/docs\/1\/546257.PDF\" title=\"esenzione ticket prestazioni et\u00e0 e reddito 21-06-11.pdf\">\u00bb\u00a0esenzione ticket prestazioni et\u00e0 e reddito 21-06-11.pdf<\/a><\/div>\n<div style=\"text-align: justify;\"><\/div>\n<div style=\"text-align: justify;\"><a href=\"http:\/\/www.sanita.puglia.it\/portal\/pls\/portal\/docs\/1\/548289.PDF\" title=\"tabellaesenzionifarmaci29062011.pdf\">\u00bb\u00a0tabellaesenzionifarmaci29062011.pdf<\/a><\/div>\n","protected":false},"excerpt":{"rendered":"","protected":false},"author":1,"featured_media":0,"comment_status":"open","ping_status":"closed","sticky":false,"template":"","format":"standard","meta":{"colormag_page_container_layout":"default_layout","colormag_page_sidebar_layout":"default_layout","footnotes":""},"categories":[4],"tags":[],"class_list":["post-13631","post","type-post","status-publish","format-standard","hentry","category-politica"],"_links":{"self":[{"href":"https:\/\/archiviogioia.lavocedelpaese.info\/index.php?rest_route=\/wp\/v2\/posts\/13631","targetHints":{"allow":["GET"]}}],"collection":[{"href":"https:\/\/archiviogioia.lavocedelpaese.info\/index.php?rest_route=\/wp\/v2\/posts"}],"about":[{"href":"https:\/\/archiviogioia.lavocedelpaese.info\/index.php?rest_route=\/wp\/v2\/types\/post"}],"author":[{"embeddable":true,"href":"https:\/\/archiviogioia.lavocedelpaese.info\/index.php?rest_route=\/wp\/v2\/users\/1"}],"replies":[{"embeddable":true,"href":"https:\/\/archiviogioia.lavocedelpaese.info\/index.php?rest_route=%2Fwp%2Fv2%2Fcomments&post=13631"}],"version-history":[{"count":0,"href":"https:\/\/archiviogioia.lavocedelpaese.info\/index.php?rest_route=\/wp\/v2\/posts\/13631\/revisions"}],"wp:attachment":[{"href":"https:\/\/archiviogioia.lavocedelpaese.info\/index.php?rest_route=%2Fwp%2Fv2%2Fmedia&parent=13631"}],"wp:term":[{"taxonomy":"category","embeddable":true,"href":"https:\/\/archiviogioia.lavocedelpaese.info\/index.php?rest_route=%2Fwp%2Fv2%2Fcategories&post=13631"},{"taxonomy":"post_tag","embeddable":true,"href":"https:\/\/archiviogioia.lavocedelpaese.info\/index.php?rest_route=%2Fwp%2Fv2%2Ftags&post=13631"}],"curies":[{"name":"wp","href":"https:\/\/api.w.org\/{rel}","templated":true}]}}