{"id":1373,"date":"2010-04-11T05:07:39","date_gmt":"2010-04-11T05:07:39","guid":{"rendered":"https:\/\/archiviogioia.lavocedelpaese.info\/?p=1373"},"modified":"2010-04-11T05:07:39","modified_gmt":"2010-04-11T05:07:39","slug":"le-origini-del-brigantaggio-viaggio-nella-storia","status":"publish","type":"post","link":"https:\/\/archiviogioia.lavocedelpaese.info\/?p=1373","title":{"rendered":"LE ORIGINI DEL BRIGANTAGGIO: VIAGGIO NELLA STORIA"},"content":{"rendered":"<p><img loading=\"lazy\" decoding=\"async\" class=\" size-full wp-image-1365\" alt=\"HPIM1177\" src=\"https:\/\/archiviogioia.lavocedelpaese.info\/wp-content\/uploads\/2010\/04\/HPIM1177.jpg\" width=\"320\" height=\"150\" srcset=\"https:\/\/archiviogioia.lavocedelpaese.info\/wp-content\/uploads\/2010\/04\/HPIM1177.jpg 640w, https:\/\/archiviogioia.lavocedelpaese.info\/wp-content\/uploads\/2010\/04\/HPIM1177-300x141.jpg 300w\" sizes=\"auto, (max-width: 320px) 100vw, 320px\" \/> <\/p>\n<p><!--more--><\/p>\n<p style=\"text-align: justify;\" align=\"justify\"><img loading=\"lazy\" decoding=\"async\" class=\" alignleft size-full wp-image-1366\" style=\"margin: 4px; float: left;\" alt=\"HPIM1169\" src=\"https:\/\/archiviogioia.lavocedelpaese.info\/wp-content\/uploads\/2010\/04\/HPIM1169.jpg\" width=\"300\" height=\"223\" srcset=\"https:\/\/archiviogioia.lavocedelpaese.info\/wp-content\/uploads\/2010\/04\/HPIM1169.jpg 886w, https:\/\/archiviogioia.lavocedelpaese.info\/wp-content\/uploads\/2010\/04\/HPIM1169-300x223.jpg 300w, https:\/\/archiviogioia.lavocedelpaese.info\/wp-content\/uploads\/2010\/04\/HPIM1169-768x572.jpg 768w\" sizes=\"auto, (max-width: 300px) 100vw, 300px\" \/>Si \u00e8 tenuto venerd\u00ec, 9 aprile 2010, presso il teatro Rossini, l\u2019incontro sul tema, azzarderei a dire, ancora scottante del brigantaggio. Ad introdurre il tutto, <st1:personname productid=\"la moderatrice Marisa Ingrosso\" w:st=\"on\">la moderatrice <strong>Marisa Ingrosso<\/strong><\/st1:personname>, giornalista della Gazzetta del Mezzogiorno, che pone subito l\u2019attenzione sulla grande volont\u00e0 di <strong>Giusy De Vivo<\/strong>, presidente dell\u2019<strong>Associazione Edon\u2019\u00e8<\/strong>.<\/p>\n<div style=\"text-align: justify;\"><\/div>\n<p style=\"text-align: justify;\">\u201c<strong>\u00c8 una donna che ha dato dimostrazione di grande generosit\u00e0<\/strong>, perch\u00e9 il riscoprire qualcosa del nostro passato, pu\u00f2 farci vedere qualcosa in pi\u00f9 del nostro presente\u201d.<\/p>\n<div style=\"text-align: justify;\"><\/div>\n<p style=\"text-align: justify;\"><strong>Con questa affermazione <\/strong>Marisa Ingrosso d\u00e0 l\u2019<em>incipit <\/em>al convegno: \u201cLe origini del brigantaggio: viaggio nella storia\u201d.<\/p>\n<div style=\"text-align: justify;\"><\/div>\n<p style=\"text-align: justify;\"><strong>Iniziamo cos\u00ec questo viaggio nella storia, nella nostra storia<\/strong>, con i ringraziamenti di Giusy De Vivo che vanno a tutti coloro che l\u2019hanno supportata nel progetto e ne sottolinea anche lo scopo: \u201cvorrei riuscire a portare un nostro messaggio \u2026 Il messaggio di essere meridionali!\u201d.<strong><img loading=\"lazy\" decoding=\"async\" class=\" alignright size-full wp-image-1367\" style=\"margin: 4px;  float: right;\" alt=\"HPIM1171\" src=\"https:\/\/archiviogioia.lavocedelpaese.info\/wp-content\/uploads\/2010\/04\/HPIM1171.jpg\" width=\"350\" height=\"172\" srcset=\"https:\/\/archiviogioia.lavocedelpaese.info\/wp-content\/uploads\/2010\/04\/HPIM1171.jpg 886w, https:\/\/archiviogioia.lavocedelpaese.info\/wp-content\/uploads\/2010\/04\/HPIM1171-300x147.jpg 300w, https:\/\/archiviogioia.lavocedelpaese.info\/wp-content\/uploads\/2010\/04\/HPIM1171-768x377.jpg 768w\" sizes=\"auto, (max-width: 350px) 100vw, 350px\" \/><\/strong><\/p>\n<div style=\"text-align: justify;\"><\/div>\n<p style=\"text-align: justify;\"><strong>A volere fortemente questa iniziativa<\/strong>, il sindaco di Gioia del Colle, il dott. <strong>Piero L<\/strong><strong>ongo<\/strong>, il quale interviene all\u2019incontro ringraziando <st1:personname productid=\"la stessa Giusy\" w:st=\"on\">la  stessa Giusy<\/st1:personname> ed invita l\u2019uditorio a prestare ascolto all\u2019illustre gioiese <strong>Pino Aprile<\/strong>, guardato, per sua stessa ammissione, con un po\u2019 d\u2019invidia per la sua bravura.<\/p>\n<div style=\"text-align: justify;\"><\/div>\n<p style=\"text-align: justify;\"><strong>Pino Aprile, scrittore di indiscutibile a affermata abilit\u00e0<\/strong>, ha presentato il suo libro \u201c<strong>Terroni<\/strong>\u201d edito Piemme.<\/p>\n<div style=\"text-align: justify;\"><\/div>\n<p style=\"text-align: justify;\">\u201c<strong>Ho cominciato ad interrogarmi sul perch\u00e9 si \u00e8 meridionali<\/strong> e quello che ho scoperto non mi \u00e8 piaciuto. [\u2026] Chi scrive un libro \u00e8 perch\u00e9 ha la concreta necessit\u00e0 di dire delle cose. Le parole non dette, escono in ne<img loading=\"lazy\" decoding=\"async\" class=\" size-full wp-image-1368\" style=\"margin: 4px; float:  left;\" alt=\"HPIM1170\" src=\"https:\/\/archiviogioia.lavocedelpaese.info\/wp-content\/uploads\/2010\/04\/HPIM1170.jpg\" width=\"350\" height=\"171\" srcset=\"https:\/\/archiviogioia.lavocedelpaese.info\/wp-content\/uploads\/2010\/04\/HPIM1170.jpg 886w, https:\/\/archiviogioia.lavocedelpaese.info\/wp-content\/uploads\/2010\/04\/HPIM1170-300x147.jpg 300w, https:\/\/archiviogioia.lavocedelpaese.info\/wp-content\/uploads\/2010\/04\/HPIM1170-768x375.jpg 768w\" sizes=\"auto, (max-width: 350px) 100vw, 350px\" \/>vrosi. La nevrosi del Sud \u00e8 la verit\u00e0 non detta!\u201d.<\/p>\n<div style=\"text-align: justify;\"><\/div>\n<p style=\"text-align: justify;\"><strong>Ed \u00e8 emozionante quando dice e afferma con veemenza<\/strong> che ci portiamo dentro, noi meridionali, proprio per quelle verit\u00e0 represse, un senso di colpa che incessantemente ci fa sentire inferiori.<\/p>\n<div style=\"text-align: justify;\"><\/div>\n<p style=\"text-align: justify;\"><strong>C\u2019\u00e8 un riferimento esplicito alla teoria psicanalitica<\/strong> ed, infatti, ad un certo punto del suo intervento dice: \u201csolo quando conosci il mostro che hai dentro, puoi essere libero!\u201d. \u00c8 che tutti i fenomeni sociali, secondo Pino Aprile, sono somme di psicologie personali.<\/p>\n<div style=\"text-align: justify;\"><\/div>\n<p style=\"text-align: justify;\"><strong>Ed ancora non pu\u00f2 non essere non applaudito quando sostiene che<\/strong> c\u2019\u00e8 da rabbri<strong><img loading=\"lazy\" decoding=\"async\" class=\" alignright size-full wp-image-1369\" style=\"margin: 4px; float: right;\" alt=\"HPIM1178\" src=\"https:\/\/archiviogioia.lavocedelpaese.info\/wp-content\/uploads\/2010\/04\/HPIM1178.jpg\" width=\"400\" height=\"164\" srcset=\"https:\/\/archiviogioia.lavocedelpaese.info\/wp-content\/uploads\/2010\/04\/HPIM1178.jpg 886w, https:\/\/archiviogioia.lavocedelpaese.info\/wp-content\/uploads\/2010\/04\/HPIM1178-300x123.jpg 300w, https:\/\/archiviogioia.lavocedelpaese.info\/wp-content\/uploads\/2010\/04\/HPIM1178-768x316.jpg 768w\" sizes=\"auto, (max-width: 400px) 100vw, 400px\" \/><\/strong>vidirsi al pensiero che al governo, oggi, e quindi, a distanza di pi\u00f9 di un secolo dell\u2019Unificazione d\u2019Italia e da quel movimento che \u00e8 stato definito dei briganti, c\u2019\u00e8 la Lega.<\/p>\n<div style=\"text-align: justify;\"><\/div>\n<p style=\"text-align: justify;\">E conclude: \u201c<strong>L\u2019orgoglio di essere meridionali, non nasce<\/strong> dal fatto di essere nati nel Sud (come per i settentrionali non ci pu\u00f2 essere nessun vanto nell\u2019essere nativi del nord), ma nasce nel riscoprire le ragioni, i valori di una societ\u00e0 che era grande assieme a quell\u2019altra parte dell\u2019Italia che non sa cosa si perde\u201d.<\/p>\n<div style=\"text-align: justify;\"><\/div>\n<p style=\"text-align: justify;\"><strong>Insieme a Pino Aprile, in sala \u00e8 presente<\/strong> un\u2019altra scrittrice, <strong>Chiara Curione<\/strong> con il suo libro, dal titolo \u201c<strong>Un eroe dalla parte sbagliata<\/strong>\u201d, che ha come destinatario un pubblico pi\u00f9 giovane rispetto al citato \u201cTerroni\u201d.<\/p>\n<div style=\"text-align: justify;\"><\/div>\n<p style=\"text-align: justify;\"><strong>In effetti l\u2019idea centrale \u00e8 data da una nonna che racconta<\/strong> la storia del sergente <strong>Romano<\/strong> \u2013 nativo di Gioia del Colle, abile stratega e vittima della repressione \u2013 al<strong><img loading=\"lazy\" decoding=\"async\" class=\" size-full wp-image-1370\" style=\"margin: 4px; float:  left;\" alt=\"HPIM1176\" src=\"https:\/\/archiviogioia.lavocedelpaese.info\/wp-content\/uploads\/2010\/04\/HPIM1176.jpg\" width=\"350\" height=\"179\" srcset=\"https:\/\/archiviogioia.lavocedelpaese.info\/wp-content\/uploads\/2010\/04\/HPIM1176.jpg 886w, https:\/\/archiviogioia.lavocedelpaese.info\/wp-content\/uploads\/2010\/04\/HPIM1176-300x154.jpg 300w, https:\/\/archiviogioia.lavocedelpaese.info\/wp-content\/uploads\/2010\/04\/HPIM1176-768x394.jpg 768w\" sizes=\"auto, (max-width: 350px) 100vw, 350px\" \/><\/strong> suo nipote tredicenne.<\/p>\n<div style=\"text-align: justify;\"><\/div>\n<p style=\"text-align: justify;\">\u201c<strong>Volevo che i ragazzi si ponessero delle domande<\/strong>. Non si pu\u00f2 andare avanti, se non si conosce il proprio passato\u201d. Chiara Curione, inoltre, pone anche l\u2019attenzione sulle donne protagoniste della guerriglia che avevano avuto un ruolo molto importante.<\/p>\n<div style=\"text-align: justify;\"><\/div>\n<p style=\"text-align: justify;\"><strong>In sala ci sono delle foto particolarmente<\/strong> <strong>eloquenti<\/strong> in proposito, come quelle scattate alla bellissima <strong>Margherita De Cesare<\/strong>, icona di quel momento storico, ritratta anche dopo la repressione e le sevizie subite.<\/p>\n<p style=\"text-align: justify;\"><strong><img loading=\"lazy\" decoding=\"async\" class=\" alignright size-full wp-image-1371\" style=\"margin: 4px;  float: right;\" alt=\"HPIM1173\" src=\"https:\/\/archiviogioia.lavocedelpaese.info\/wp-content\/uploads\/2010\/04\/HPIM1173.jpg\" width=\"150\" height=\"284\" srcset=\"https:\/\/archiviogioia.lavocedelpaese.info\/wp-content\/uploads\/2010\/04\/HPIM1173.jpg 600w, https:\/\/archiviogioia.lavocedelpaese.info\/wp-content\/uploads\/2010\/04\/HPIM1173-159x300.jpg 159w, https:\/\/archiviogioia.lavocedelpaese.info\/wp-content\/uploads\/2010\/04\/HPIM1173-542x1024.jpg 542w\" sizes=\"auto, (max-width: 150px) 100vw, 150px\" \/><\/strong><\/p>\n<div style=\"text-align: justify;\"><\/div>\n<p style=\"text-align: justify;\"><strong>Le foto sulle vittime della repressione sono di grande impatto emotivo<\/strong>, non hanno bisogno di commenti, si guardano in rigoroso silenzio. A dare valore aggiunto all\u2019incontro c\u2019\u00e8 in sala una bellissima mostra fotografica a cura di <strong>Alessan<\/strong><strong>dro Romano<\/strong>, ricercatore storico, che ad apertura ci ha dato qualche linea guida sul periodo storico del Brigantaggio.<\/p>\n<div style=\"text-align: justify;\"><\/div>\n<p style=\"text-align: justify;\"><strong>Infine dopo l\u2019ulteriore intervento di Mario Guagnano<\/strong>, ricercatore storico, che ci ha dato delle delucidazione sulla guerriglia avvenuta a Gioia con a capo il sergente Romano, viene fatto di chiedersi \u2013 e lo fa per noi <strong>Marina Ingrosso<\/strong> \u2013 qual \u00e8 l\u2019impegno concreto alla luce di questo passato.<\/p>\n<div style=\"text-align: justify;\"><\/div>\n<p style=\"text-align: justify;\"><strong>Le risposte vertono tutte sul recupero delle nostre radici<\/strong>, ma, probabilmente, quella che fa pi\u00f9 pensare, \u00e8 data da <strong>Antonio Pagano<\/strong>, direttore della Rivista \u201cDue Sicilie\u201d, che esorta i politici a reagire \u201cdopo che <st1:personname productid=\"la Lega Nord\" w:st=\"on\">la Lega  Nord<\/st1:personname> ha preso il potere, nessun politico fa delle obiezioni. Noi lo subiamo passivamente. [\u2026] Se non ci svincoliamo, il Sud non potr\u00e0 mai migliorare\u201d.<\/p>\n<div style=\"text-align: justify;\"><\/div>\n<p style=\"text-align: justify;\"><strong>A noi rimane l\u2019amaro in bocca pensando a quello che<\/strong>, forse, sarebbe potuto andar meglio, e, a quello che, forse, potrebbe ancora andare meglio. A condire l\u2019incontro, gli attori <strong>Valentino Ligorio<\/strong> e <strong>Gianpaolo Mastropasqua<\/strong> con delle toccanti letture tratte dalla biografia del nostro sergente Romano.<\/p>\n<div style=\"text-align: justify;\"><\/div>\n<p style=\"text-align: justify;\"><strong><img loading=\"lazy\" decoding=\"async\" class=\" alignleft size-full wp-image-1372\" style=\"margin: 4px; float: left;\" alt=\"HPIM1174\" src=\"https:\/\/archiviogioia.lavocedelpaese.info\/wp-content\/uploads\/2010\/04\/HPIM1174.jpg\" width=\"350\" height=\"134\" srcset=\"https:\/\/archiviogioia.lavocedelpaese.info\/wp-content\/uploads\/2010\/04\/HPIM1174.jpg 886w, https:\/\/archiviogioia.lavocedelpaese.info\/wp-content\/uploads\/2010\/04\/HPIM1174-300x115.jpg 300w, https:\/\/archiviogioia.lavocedelpaese.info\/wp-content\/uploads\/2010\/04\/HPIM1174-768x295.jpg 768w\" sizes=\"auto, (max-width: 350px) 100vw, 350px\" \/>Una fra tutte quella che spiegava il carattere di noi gioiesi<\/strong>: \u201cSiamo avversari aperti ed implacabili, gelosissimi dell\u2019onore personale, c\u2019infiammiamo se la dignit\u00e0 \u00e8 offesa [\u2026]\u201d.<\/p>\n<div style=\"text-align: justify;\"><\/div>\n<p style=\"text-align: justify;\"><strong>Belli gli intermezzi musicali dati da dei giovanissimi<\/strong>, tra i quali il bravissimo fisarmonicista <strong>Alessio Giove<\/strong>. D\u2019altronde per Giusy De Vivo sono i giovani a rappresentare il futuro \u2026 La nostra speranza!<\/p>\n","protected":false},"excerpt":{"rendered":"","protected":false},"author":1,"featured_media":1365,"comment_status":"open","ping_status":"closed","sticky":false,"template":"","format":"standard","meta":{"colormag_page_container_layout":"default_layout","colormag_page_sidebar_layout":"default_layout","footnotes":""},"categories":[6],"tags":[],"class_list":["post-1373","post","type-post","status-publish","format-standard","has-post-thumbnail","hentry","category-cultura"],"_links":{"self":[{"href":"https:\/\/archiviogioia.lavocedelpaese.info\/index.php?rest_route=\/wp\/v2\/posts\/1373","targetHints":{"allow":["GET"]}}],"collection":[{"href":"https:\/\/archiviogioia.lavocedelpaese.info\/index.php?rest_route=\/wp\/v2\/posts"}],"about":[{"href":"https:\/\/archiviogioia.lavocedelpaese.info\/index.php?rest_route=\/wp\/v2\/types\/post"}],"author":[{"embeddable":true,"href":"https:\/\/archiviogioia.lavocedelpaese.info\/index.php?rest_route=\/wp\/v2\/users\/1"}],"replies":[{"embeddable":true,"href":"https:\/\/archiviogioia.lavocedelpaese.info\/index.php?rest_route=%2Fwp%2Fv2%2Fcomments&post=1373"}],"version-history":[{"count":0,"href":"https:\/\/archiviogioia.lavocedelpaese.info\/index.php?rest_route=\/wp\/v2\/posts\/1373\/revisions"}],"wp:featuredmedia":[{"embeddable":true,"href":"https:\/\/archiviogioia.lavocedelpaese.info\/index.php?rest_route=\/wp\/v2\/media\/1365"}],"wp:attachment":[{"href":"https:\/\/archiviogioia.lavocedelpaese.info\/index.php?rest_route=%2Fwp%2Fv2%2Fmedia&parent=1373"}],"wp:term":[{"taxonomy":"category","embeddable":true,"href":"https:\/\/archiviogioia.lavocedelpaese.info\/index.php?rest_route=%2Fwp%2Fv2%2Fcategories&post=1373"},{"taxonomy":"post_tag","embeddable":true,"href":"https:\/\/archiviogioia.lavocedelpaese.info\/index.php?rest_route=%2Fwp%2Fv2%2Ftags&post=1373"}],"curies":[{"name":"wp","href":"https:\/\/api.w.org\/{rel}","templated":true}]}}