{"id":13950,"date":"2011-08-27T06:26:57","date_gmt":"2011-08-27T06:26:57","guid":{"rendered":"https:\/\/archiviogioia.lavocedelpaese.info\/?p=13950"},"modified":"2011-08-27T06:26:57","modified_gmt":"2011-08-27T06:26:57","slug":"senato-riaperto-il-ristorante-dei-privilegiati","status":"publish","type":"post","link":"https:\/\/archiviogioia.lavocedelpaese.info\/?p=13950","title":{"rendered":"SENATO: RIAPERTO IL RISTORANTE DEI PRIVILEGIATI"},"content":{"rendered":"<p><img loading=\"lazy\" decoding=\"async\" class=\" size-full wp-image-13944\" alt=\"senato-menu-ristorante-pp\" src=\"https:\/\/archiviogioia.lavocedelpaese.info\/wp-content\/uploads\/2011\/08\/senato-menu-ristorante-pp.jpg\" height=\"150\" width=\"320\" srcset=\"https:\/\/archiviogioia.lavocedelpaese.info\/wp-content\/uploads\/2011\/08\/senato-menu-ristorante-pp.jpg 320w, https:\/\/archiviogioia.lavocedelpaese.info\/wp-content\/uploads\/2011\/08\/senato-menu-ristorante-pp-300x141.jpg 300w\" sizes=\"auto, (max-width: 320px) 100vw, 320px\" \/> <\/p>\n<p><!--more--><\/p>\n<p style=\"text-align: justify;\"><strong><img loading=\"lazy\" decoding=\"async\" class=\" alignleft size-full wp-image-13945\" style=\"margin: 4px; float: left;\" alt=\"senato_della_repubblica\" src=\"https:\/\/archiviogioia.lavocedelpaese.info\/wp-content\/uploads\/2011\/08\/senato_della_repubblica.jpg\" height=\"201\" width=\"300\" srcset=\"https:\/\/archiviogioia.lavocedelpaese.info\/wp-content\/uploads\/2011\/08\/senato_della_repubblica.jpg 550w, https:\/\/archiviogioia.lavocedelpaese.info\/wp-content\/uploads\/2011\/08\/senato_della_repubblica-300x201.jpg 300w\" sizes=\"auto, (max-width: 300px) 100vw, 300px\" \/>Per le riforme<\/strong>, \u00e8 noto, <strong>ci vuole tempo<\/strong>. <strong>Anche per quelle che l&#8217;indignazione popolare reclama a viva voce<\/strong> e sostiene se non sulla punta dei forconi almeno, come conviene alla circostanza, su quella delle forchette. Che poi sono <strong>quelle del ristorante del Senato<\/strong>, il cui men\u00f9 ha spopolato una volta messo in rete <strong>per l&#8217;estrema modicit\u00e0 del costo<\/strong>, e che ha riaperto i battenti a prezzi, manco a dirlo, invariati.<\/p>\n<div style=\"text-align: justify;\"><\/div>\n<p style=\"text-align: justify;\"><strong>REGINA DELLO SCANDALO, ECCITATO DALLA MAREA MONTANTE<\/strong> <strong>contro i privilegi della Casta<\/strong>, <strong>la famosa spigola offerta a poco pi\u00f9 di tre euro a porzione<\/strong>; si distinguevano poi nella classifica dello sdegno, che affollava la rete, alcuni primi piatti come gli <strong>spaghetti aglio, olio e peperoncino e le penne all&#8217;<\/strong><strong>a<\/strong><strong><img loading=\"lazy\" decoding=\"async\" class=\" alignright size-full wp-image-13947\" style=\"margin: 4px; float: right;\" alt=\"20110823_appunti01\" src=\"https:\/\/archiviogioia.lavocedelpaese.info\/wp-content\/uploads\/2011\/08\/20110823_appunti01.jpg\" height=\"261\" width=\"285\" srcset=\"https:\/\/archiviogioia.lavocedelpaese.info\/wp-content\/uploads\/2011\/08\/20110823_appunti01.jpg 594w, https:\/\/archiviogioia.lavocedelpaese.info\/wp-content\/uploads\/2011\/08\/20110823_appunti01-300x275.jpg 300w\" sizes=\"auto, (max-width: 285px) 100vw, 285px\" \/><\/strong><strong>rrabbiata a 1,60 euro<\/strong>; mentre il filetto con i suoi 5,23 euro stabiliva il primato dei costi, ma restando largamente al di sotto dei prezzi di mercato, anche di quello pi\u00f9 popolare.<\/p>\n<div style=\"text-align: justify;\"><\/div>\n<p style=\"text-align: justify;\"><strong>Questa volta la spigola era assente dal men\u00f9, rimpiazzabile<\/strong> per\u00f2 con <strong>salmone affumicato rucola e salsa al limone, a prezzo ancora pi\u00f9 modico: 2,76 euro<\/strong>. Immancabile <strong>il filetto di bue<\/strong>, ordinabile anche nella versione di tournedos alla griglia, sempre <strong>allo stesso prezzo di 5,23 euro<\/strong>. Si aggiungevano alla scelta <strong>formaggi vari a 1,74, frutta a 0,76, dolci al carrello 1,74<\/strong>. Insomma il solito men\u00f9 iperbolicamente economico che, in tempi di manovra lacrime e sangue, \u00e8 costato alla classe politica in termini di immagine pi\u00f9 di uno scandalo della Banca Romana.<\/p>\n<div style=\"text-align: justify;\"><\/div>\n<p style=\"text-align: justify;\"><strong>D&#8217;ALTRA PARTE VA DETTO CHE PER CORREGGERE I PREZZI SU<\/strong> pi\u00f9 congrui livelli di mercato, come tutti a palazzo Madama <strong>dal presidente Schifani ai questori<\/strong> si erano affannati a promettere, ce n&#8217;\u00e8 stato davvero poco.\u00a0<strong>La riapertura del ristorante, assolutamente insolita in agosto<\/strong>, \u00e8 stata comandata dalla convocazione delle commissioni che hanno iniziato il lavoro sulla manovra. E&#8217; mancata quindi la possibilit\u00e0 di una disposizione dell&#8217;Aula che &#8211; ha os<strong><img loading=\"lazy\" decoding=\"async\" class=\" alignleft size-full wp-image-13948\" style=\"margin: 4px; float: left;\" alt=\"il_presidente_senato_renato_schifani\" src=\"https:\/\/archiviogioia.lavocedelpaese.info\/wp-content\/uploads\/2011\/08\/il_presidente_senato_renato_schifani.jpg\" height=\"225\" width=\"300\" srcset=\"https:\/\/archiviogioia.lavocedelpaese.info\/wp-content\/uploads\/2011\/08\/il_presidente_senato_renato_schifani.jpg 800w, https:\/\/archiviogioia.lavocedelpaese.info\/wp-content\/uploads\/2011\/08\/il_presidente_senato_renato_schifani-300x225.jpg 300w, https:\/\/archiviogioia.lavocedelpaese.info\/wp-content\/uploads\/2011\/08\/il_presidente_senato_renato_schifani-768x576.jpg 768w\" sizes=\"auto, (max-width: 300px) 100vw, 300px\" \/><\/strong>servato il questore Paolo Franco &#8211; \u00e8 necessaria all&#8217;applicazione dell&#8217;ordine del giorno G100 approvato in sede di discussione del bilancio interno del Senato e che &#8211; come annunciato dal presidente Schifani e dal collegio dei questori &#8211; porr\u00e0 a totale carico degli utenti del ristorante del Senato il costo effettivo dei pasti consumati. Facendo cio\u00e8 risparmiare all&#8217;amministrazione <strong>l&#8217;integrazione di circa trenta <\/strong><strong>euro a pasto per coprirne il costo reale<\/strong>.<\/p>\n<div style=\"text-align: justify;\"><\/div>\n<p style=\"text-align: justify;\"><strong>LA STRETTA ANTI-CASTA<\/strong><strong> \u00c9 ATTESA DA TUTTI NEL PALAZZO<\/strong> come &#8211; almeno a parole &#8211; sacrosanta e, semmai, tardiva. La sola voce preoccupata \u00e8 quella di chi al ristorante non ci mangia ma serve: \u00ab<strong>Se faranno pagare 50 euro o gi\u00f9 di l\u00ec<\/strong> &#8211; dice uno dei camerieri &#8211; <strong>qui non ci viene pi\u00f9 nessuno<\/strong>. Non so &#8211; aggiunge &#8211; se gli sprechi veri della politica siano veramente questi. Fatto \u00e8 che <strong>per una misura magari giusta ad andarci di mezzo saremo noi che<\/strong> non siamo dipendenti del Senato, <strong>guadagniamo 800-1000 euro al mese<\/strong>, e se il ristorante chiude ci mettono in mezzo a una strada\u00bb.<\/p>\n","protected":false},"excerpt":{"rendered":"","protected":false},"author":1,"featured_media":13944,"comment_status":"open","ping_status":"closed","sticky":false,"template":"","format":"standard","meta":{"colormag_page_container_layout":"default_layout","colormag_page_sidebar_layout":"default_layout","footnotes":""},"categories":[4],"tags":[],"class_list":["post-13950","post","type-post","status-publish","format-standard","has-post-thumbnail","hentry","category-politica"],"_links":{"self":[{"href":"https:\/\/archiviogioia.lavocedelpaese.info\/index.php?rest_route=\/wp\/v2\/posts\/13950","targetHints":{"allow":["GET"]}}],"collection":[{"href":"https:\/\/archiviogioia.lavocedelpaese.info\/index.php?rest_route=\/wp\/v2\/posts"}],"about":[{"href":"https:\/\/archiviogioia.lavocedelpaese.info\/index.php?rest_route=\/wp\/v2\/types\/post"}],"author":[{"embeddable":true,"href":"https:\/\/archiviogioia.lavocedelpaese.info\/index.php?rest_route=\/wp\/v2\/users\/1"}],"replies":[{"embeddable":true,"href":"https:\/\/archiviogioia.lavocedelpaese.info\/index.php?rest_route=%2Fwp%2Fv2%2Fcomments&post=13950"}],"version-history":[{"count":0,"href":"https:\/\/archiviogioia.lavocedelpaese.info\/index.php?rest_route=\/wp\/v2\/posts\/13950\/revisions"}],"wp:featuredmedia":[{"embeddable":true,"href":"https:\/\/archiviogioia.lavocedelpaese.info\/index.php?rest_route=\/wp\/v2\/media\/13944"}],"wp:attachment":[{"href":"https:\/\/archiviogioia.lavocedelpaese.info\/index.php?rest_route=%2Fwp%2Fv2%2Fmedia&parent=13950"}],"wp:term":[{"taxonomy":"category","embeddable":true,"href":"https:\/\/archiviogioia.lavocedelpaese.info\/index.php?rest_route=%2Fwp%2Fv2%2Fcategories&post=13950"},{"taxonomy":"post_tag","embeddable":true,"href":"https:\/\/archiviogioia.lavocedelpaese.info\/index.php?rest_route=%2Fwp%2Fv2%2Ftags&post=13950"}],"curies":[{"name":"wp","href":"https:\/\/api.w.org\/{rel}","templated":true}]}}