{"id":14236,"date":"2011-09-04T06:40:28","date_gmt":"2011-09-04T06:40:28","guid":{"rendered":"https:\/\/archiviogioia.lavocedelpaese.info\/?p=14236"},"modified":"2011-09-04T06:40:28","modified_gmt":"2011-09-04T06:40:28","slug":"la-cultura-dellapparenza-la-nostra-decadenza-2","status":"publish","type":"post","link":"https:\/\/archiviogioia.lavocedelpaese.info\/?p=14236","title":{"rendered":"\u201cLA CULTURA DELL\u2019APPARENZA, LA NOSTRA DECADENZA\u201d"},"content":{"rendered":"<p><img loading=\"lazy\" decoding=\"async\" class=\" size-full wp-image-14229\" alt=\"apparenza-e-civilta-pp\" src=\"https:\/\/archiviogioia.lavocedelpaese.info\/wp-content\/uploads\/2011\/09\/apparenza-e-civilta-pp.jpg\" height=\"150\" width=\"320\" srcset=\"https:\/\/archiviogioia.lavocedelpaese.info\/wp-content\/uploads\/2011\/09\/apparenza-e-civilta-pp.jpg 640w, https:\/\/archiviogioia.lavocedelpaese.info\/wp-content\/uploads\/2011\/09\/apparenza-e-civilta-pp-300x141.jpg 300w\" sizes=\"auto, (max-width: 320px) 100vw, 320px\" \/> <\/p>\n<p><!--more--><\/p>\n<p style=\"text-align: justify;\"><img loading=\"lazy\" decoding=\"async\" class=\" alignright size-full wp-image-14230\" style=\"margin: 4px; float: right;\" alt=\"saramago_jos\" src=\"https:\/\/archiviogioia.lavocedelpaese.info\/wp-content\/uploads\/2011\/09\/saramago_jos.jpg\" height=\"185\" width=\"190\" \/>\u201c<strong>Non viviamo una crisi economica, \u00e8 una crisi morale<\/strong>, per questo sar\u00e0 tanto difficile uscirne\u201d. <strong>Jos\u00e9 Saramago<\/strong>, <strong>premio Nobel<\/strong> per la letteratura, qualche giorno <strong>prima di morire pronunci\u00f2 queste parole<\/strong>. Un lascito spirituale per la nostra civilt\u00e0 in agonia. Parole giuste di un grande intellettuale su cui vale la pena aprire una riflessione. <strong>Quando la morale entra in crisi<\/strong> una societ\u00e0 non \u00e8 pi\u00f9 in grado di generare intelligenza e <strong>diventa sempre pi\u00f9 difficile trovare una via d\u2019uscita diversa dalla decadenza<\/strong>.<\/p>\n<div style=\"text-align: justify;\"><\/div>\n<p style=\"text-align: justify;\">L\u2019intelligenza \u00e8 un bene raro nella nostra epoca. Non se ne trova in nessun luogo. \u00c8 proprio cos\u00ec.\u00a0 <strong>Se mi guardo intorno non vedo nessuno che si legge dentro<\/strong>. Ci affatichiamo per costruire la societ\u00e0 dell\u2019apparenza. Il culto dell\u2019immagine a ogni costo \u00e8 quello che conta. <strong>Tutto quello che deve emergere \u00e8 quello che non siamo<\/strong>.<\/p>\n<div style=\"text-align: justify;\"><\/div>\n<p style=\"text-align: justify;\"><img loading=\"lazy\" decoding=\"async\" class=\" alignleft size-full wp-image-14231\" style=\"margin: 4px; float: left;\" alt=\"cioran_emil\" src=\"https:\/\/archiviogioia.lavocedelpaese.info\/wp-content\/uploads\/2011\/09\/cioran_emil.png\" height=\"180\" width=\"180\" srcset=\"https:\/\/archiviogioia.lavocedelpaese.info\/wp-content\/uploads\/2011\/09\/cioran_emil.png 300w, https:\/\/archiviogioia.lavocedelpaese.info\/wp-content\/uploads\/2011\/09\/cioran_emil-150x150.png 150w\" sizes=\"auto, (max-width: 180px) 100vw, 180px\" \/>\u201c<strong>Devo fabbricarmi un sorriso<\/strong>, munirmene, mettermi sotto la sua protezione, frapporre qualcosa tra il mondo e me, camuffare le mie ferite, <strong>imparare<\/strong>, insomma, <strong>a usare la maschera<\/strong>\u201d.<\/p>\n<div style=\"text-align: justify;\"><\/div>\n<p style=\"text-align: justify;\"><strong>Cioran guarda negli occhi la maschera che non riesce a infilarsi <\/strong>e condanna la vilt\u00e0 di coloro che la indossano con estrema facilit\u00e0 perch\u00e9 hanno <strong>paura di mostrarsi cos\u00ec come sono<\/strong>.<\/p>\n<div style=\"text-align: justify;\"><\/div>\n<p style=\"text-align: justify;\"><strong>Oggi quasi nessuno riesce a fare a meno della propria maschera<\/strong>. Si ha talmente paura di farsi vedere a cuore nudo dall\u2019altro, mostrarsi nella propria schiettezza, aprirsi con fiducia, farsi capire per quello che realmente si sente e si prova. Tutto nasce da questo complesso di timori. Siamo soltanto maschere <strong>che non hanno il coraggio di essere<\/strong>.<\/p>\n<div style=\"text-align: justify;\"><\/div>\n<p style=\"text-align: justify;\"><img loading=\"lazy\" decoding=\"async\" class=\" alignright size-full wp-image-14232\" style=\"margin: 4px; float: right;\" alt=\"apparenza_e_maschere\" src=\"https:\/\/archiviogioia.lavocedelpaese.info\/wp-content\/uploads\/2011\/09\/apparenza_e_maschere.jpg\" height=\"269\" width=\"188\" \/>Non ci interessa l\u2019essenza delle cose, ma il loro apparire. <strong>Preferiamo amarci male, che mostrare il volto vero dei nostri sentimenti<\/strong>. Sui luoghi di lavoro, come nelle relazioni sociali \u00e8 pi\u00f9 comodo indossare un\u2019esistenza che non sia la nostra. Mostrare la propria con i suoi difetti e le sue fragilit\u00e0 \u00e8 a dir poco sconveniente.<\/p>\n<div style=\"text-align: justify;\"><\/div>\n<p style=\"text-align: justify;\"><strong>Siamo maschere che mentono, fedeli seguaci dell\u2019apparenza e delle convenzioni<\/strong>. Abbiamo paura di conoscere noi stessi, e soprattutto riteniamo pericoloso che gli altri possano conoscerci per quello che in realt\u00e0 siamo.<\/p>\n<div style=\"text-align: justify;\"><\/div>\n<p style=\"text-align: justify;\">Indossando la maschera siamo gli <strong>artefici del grande inganno che mistifica tutto<\/strong>. Che fa diventare il tutto un cosmico niente.<\/p>\n<div style=\"text-align: justify;\"><\/div>\n<p style=\"text-align: justify;\">La <strong>maschera uccide noi stessi e il mondo<\/strong>. Ma preferiamo non abbassare la guardia, non mostrare quello che siamo capaci di fare con il nostro cuore messo a nudo. Gli altri non devono sapere come siamo fatti davvero dentro. <strong>Dobbiamo mentire per guadagnarci un posto al sole nella societ\u00e0 che giudica dalle apparenze<\/strong>.<\/p>\n<div style=\"text-align: justify;\"><\/div>\n<p style=\"text-align: justify;\">Una maschera tira l\u2019<strong><img loading=\"lazy\" decoding=\"async\" class=\" alignleft size-full wp-image-14234\" style=\"margin: 4px; float: left;\" alt=\"Essereapparire1\" src=\"https:\/\/archiviogioia.lavocedelpaese.info\/wp-content\/uploads\/2011\/09\/Essereapparire1.jpg\" height=\"200\" width=\"300\" srcset=\"https:\/\/archiviogioia.lavocedelpaese.info\/wp-content\/uploads\/2011\/09\/Essereapparire1.jpg 400w, https:\/\/archiviogioia.lavocedelpaese.info\/wp-content\/uploads\/2011\/09\/Essereapparire1-300x200.jpg 300w\" sizes=\"auto, (max-width: 300px) 100vw, 300px\" \/><\/strong>altra. <strong>Siamo un\u2019incivilt\u00e0 di maschere che si consuma nella menzogna<\/strong>.<\/p>\n<p style=\"text-align: justify;\"><strong>Cos\u00ec tutto ci sembra perfetto<\/strong>, fabbrichiamo un sorriso tra il mondo e noi stessi, mettiamo sempre la parte peggiore di noi, che \u00e8 <strong>il modo migliore per essere accettati in societ\u00e0<\/strong>.<\/p>\n<div style=\"text-align: justify;\"><\/div>\n<p style=\"text-align: justify;\">Preferiamo essere <strong>uno nessuno e centomila<\/strong>, piuttosto che vivere un giorno di solitudine insieme alla parte pi\u00f9 intima di noi.<\/p>\n<div style=\"text-align: justify;\"><\/div>\n<p style=\"text-align: justify;\">\u201c<strong>Come mai ci sono cosi poche persone perbene<\/strong>? Ne ho abbastanza di questi <strong>abbozzi di umanit\u00e0<\/strong>, di queste <strong><img loading=\"lazy\" decoding=\"async\" class=\" alignright size-full wp-image-4166\" style=\"margin: 4px; float: right;\" alt=\"funerale\" src=\"https:\/\/archiviogioia.lavocedelpaese.info\/wp-content\/uploads\/2010\/08\/funerale.jpg\" height=\"225\" width=\"300\" srcset=\"https:\/\/archiviogioia.lavocedelpaese.info\/wp-content\/uploads\/2010\/08\/funerale.jpg 500w, https:\/\/archiviogioia.lavocedelpaese.info\/wp-content\/uploads\/2010\/08\/funerale-300x225.jpg 300w\" sizes=\"auto, (max-width: 300px) 100vw, 300px\" \/>caricature<\/strong>, di questi <strong>esseri riusciti a met\u00e0<\/strong>\u201d.<\/p>\n<div style=\"text-align: justify;\"><\/div>\n<p style=\"text-align: justify;\"><strong>Cioran<\/strong>, ancora una volta, <strong>pugnala con le sue parole questo nostro tragico tempo dell\u2019apparenza<\/strong>, nel quale difficilmente avremo il coraggio di rinunciare alla maschera.<\/p>\n<div style=\"text-align: justify;\"><\/div>\n<p style=\"text-align: justify;\">\u00c8 sufficiente tutto questo per affermare che una civilt\u00e0 sente vicina la propria fine. Direi proprio di s\u00ec. <strong>Chiamate il prete, \u00e8 ora di celebrare il funerale del nostro tempo<\/strong> <strong>che si \u00e8 spento perch\u00e9 nessuno ha avuto il coraggio di chiamare le cose con il loro nome<\/strong>.<\/p>\n","protected":false},"excerpt":{"rendered":"","protected":false},"author":1,"featured_media":14229,"comment_status":"open","ping_status":"closed","sticky":false,"template":"","format":"standard","meta":{"colormag_page_container_layout":"default_layout","colormag_page_sidebar_layout":"default_layout","footnotes":""},"categories":[7],"tags":[],"class_list":["post-14236","post","type-post","status-publish","format-standard","has-post-thumbnail","hentry","category-attualita"],"_links":{"self":[{"href":"https:\/\/archiviogioia.lavocedelpaese.info\/index.php?rest_route=\/wp\/v2\/posts\/14236","targetHints":{"allow":["GET"]}}],"collection":[{"href":"https:\/\/archiviogioia.lavocedelpaese.info\/index.php?rest_route=\/wp\/v2\/posts"}],"about":[{"href":"https:\/\/archiviogioia.lavocedelpaese.info\/index.php?rest_route=\/wp\/v2\/types\/post"}],"author":[{"embeddable":true,"href":"https:\/\/archiviogioia.lavocedelpaese.info\/index.php?rest_route=\/wp\/v2\/users\/1"}],"replies":[{"embeddable":true,"href":"https:\/\/archiviogioia.lavocedelpaese.info\/index.php?rest_route=%2Fwp%2Fv2%2Fcomments&post=14236"}],"version-history":[{"count":0,"href":"https:\/\/archiviogioia.lavocedelpaese.info\/index.php?rest_route=\/wp\/v2\/posts\/14236\/revisions"}],"wp:featuredmedia":[{"embeddable":true,"href":"https:\/\/archiviogioia.lavocedelpaese.info\/index.php?rest_route=\/wp\/v2\/media\/14229"}],"wp:attachment":[{"href":"https:\/\/archiviogioia.lavocedelpaese.info\/index.php?rest_route=%2Fwp%2Fv2%2Fmedia&parent=14236"}],"wp:term":[{"taxonomy":"category","embeddable":true,"href":"https:\/\/archiviogioia.lavocedelpaese.info\/index.php?rest_route=%2Fwp%2Fv2%2Fcategories&post=14236"},{"taxonomy":"post_tag","embeddable":true,"href":"https:\/\/archiviogioia.lavocedelpaese.info\/index.php?rest_route=%2Fwp%2Fv2%2Ftags&post=14236"}],"curies":[{"name":"wp","href":"https:\/\/api.w.org\/{rel}","templated":true}]}}