{"id":14254,"date":"2011-09-05T06:00:45","date_gmt":"2011-09-05T06:00:45","guid":{"rendered":"https:\/\/archiviogioia.lavocedelpaese.info\/?p=14254"},"modified":"2011-09-05T06:00:45","modified_gmt":"2011-09-05T06:00:45","slug":"avevano-paura-del-potere-economico-di-gheddafi-foto","status":"publish","type":"post","link":"https:\/\/archiviogioia.lavocedelpaese.info\/?p=14254","title":{"rendered":"\u201cAVEVANO PAURA DEL POTERE ECONOMICO DI GHEDDAFI\u201d-foto-"},"content":{"rendered":"<p><img loading=\"lazy\" decoding=\"async\" class=\" size-full wp-image-14243\" alt=\"fulvio-grimaldi-e-libia-pp\" src=\"https:\/\/archiviogioia.lavocedelpaese.info\/wp-content\/uploads\/2011\/09\/fulvio-grimaldi-e-libia-pp.jpg\" height=\"150\" width=\"320\" srcset=\"https:\/\/archiviogioia.lavocedelpaese.info\/wp-content\/uploads\/2011\/09\/fulvio-grimaldi-e-libia-pp.jpg 640w, https:\/\/archiviogioia.lavocedelpaese.info\/wp-content\/uploads\/2011\/09\/fulvio-grimaldi-e-libia-pp-300x141.jpg 300w\" sizes=\"auto, (max-width: 320px) 100vw, 320px\" \/> <\/p>\n<p><!--more--><\/p>\n<p style=\"text-align: justify;\"><strong><img loading=\"lazy\" decoding=\"async\" class=\" alignleft size-full wp-image-14245\" style=\"margin: 4px; float: left;\" alt=\"fulvio-grimaldi-intervento\" src=\"https:\/\/archiviogioia.lavocedelpaese.info\/wp-content\/uploads\/2011\/09\/fulvio-grimaldi-intervento.jpg\" height=\"248\" width=\"295\" srcset=\"https:\/\/archiviogioia.lavocedelpaese.info\/wp-content\/uploads\/2011\/09\/fulvio-grimaldi-intervento.jpg 472w, https:\/\/archiviogioia.lavocedelpaese.info\/wp-content\/uploads\/2011\/09\/fulvio-grimaldi-intervento-300x252.jpg 300w\" sizes=\"auto, (max-width: 295px) 100vw, 295px\" \/>Fulvio Grimaldi<\/strong>, giornalista che nell\u2019arco della sua quarantennale carriera ha lavorato per pi\u00f9 di\u00a0 dieci anni in Rai come inviato di guerra, <strong>ha presentato<\/strong>, lo scorso 3 settembre in Piazza Luca D\u2019Andrano, il suo ultimo documentario \u201c<strong>Maledetta Primavera<\/strong>\u201d.<\/p>\n<div style=\"text-align: justify;\"><\/div>\n<p style=\"text-align: justify;\">L\u2019incontro \u00e8 stato <strong>organizzato dal Comitato della Pace<\/strong>, fondato subito dopo lo scoppio della guerra in Libia, quando si \u00e8 appreso che anche la nostra base sarebbe stata attivamente impegnata in missione nel Paese africano. <strong>Al Comitato, spiega Vincenzo Capozzi<\/strong> introducendo l\u2019ospite, <strong>hanno aderito<\/strong> quei \u201c<strong>cittadini che \u00a0tentano di contestare la versione ufficiale di questa guerra<\/strong>\u201d, nella convinzione che \u201ci media tradizionali non debbano influenzare la nostra visione del conflitto libico\u201d.<\/p>\n<div style=\"text-align: justify;\"><\/div>\n<p style=\"text-align: justify;\"><strong><img loading=\"lazy\" decoding=\"async\" class=\" alignright size-full wp-image-14246\" style=\"margin: 4px; float: right;\" alt=\"fulvio-grimaldi-filmato\" src=\"https:\/\/archiviogioia.lavocedelpaese.info\/wp-content\/uploads\/2011\/09\/fulvio-grimaldi-filmato.jpg\" height=\"225\" width=\"300\" srcset=\"https:\/\/archiviogioia.lavocedelpaese.info\/wp-content\/uploads\/2011\/09\/fulvio-grimaldi-filmato.jpg 472w, https:\/\/archiviogioia.lavocedelpaese.info\/wp-content\/uploads\/2011\/09\/fulvio-grimaldi-filmato-300x225.jpg 300w\" sizes=\"auto, (max-width: 300px) 100vw, 300px\" \/>In \u201cMaledetta Primavera\u201d Grimaldi d\u00e0 \u00a0voce<\/strong> non ai presunti ribelli, ma <strong>a quella stragrande maggioranza della popolazione libica che si \u00e8 schierata a sostegno di Muammar Gheddafi<\/strong> e che considera l\u2019intervento della NATO un\u2019invasione ingiustificata. <strong>Svela lo \u201cspaventoso oceano di bugie\u201d in cui siamo immersi<\/strong>, nel tentativo di rendere i fruitori dei mezzi di comunicazione di massa consapevoli delle informazioni distorte che vengono divulgate.<\/p>\n<div style=\"text-align: justify;\"><\/div>\n<p style=\"text-align: justify;\"><strong>\u201cSiamo senza informazione corretta\u201d<\/strong>, \u00e8 la constatazione amara di Grimaldi, il cui film-documento rivela una realt\u00e0 alquanto differente da quella spacciata per vera dai media<strong>. La realt\u00e0 di una Libia serena e in piena ascesa economica, culturale e sociale, la cui popolazione poteva <img loading=\"lazy\" decoding=\"async\" class=\" alignleft size-full wp-image-14248\" style=\"margin: 4px; float: left;\" alt=\"fulvio-Grimaldi\" src=\"https:\/\/archiviogioia.lavocedelpaese.info\/wp-content\/uploads\/2011\/09\/fulvio-Grimaldi.jpg\" height=\"212\" width=\"200\" srcset=\"https:\/\/archiviogioia.lavocedelpaese.info\/wp-content\/uploads\/2011\/09\/fulvio-Grimaldi.jpg 446w, https:\/\/archiviogioia.lavocedelpaese.info\/wp-content\/uploads\/2011\/09\/fulvio-Grimaldi-283x300.jpg 283w\" sizes=\"auto, (max-width: 200px) 100vw, 200px\" \/>beneficiare di istruzione e assistenza medica gratuitamente<\/strong>. L\u2019ascesa di un Paese libero, con quarant\u2019anni di lotta all\u2019imperialismo alle spalle e il traguardo raggiunto di un processo decisionale democratico.<\/p>\n<div style=\"text-align: justify;\"><\/div>\n<p style=\"text-align: justify;\"><strong>Un territorio ricco di pozzi petroliferi, riserve di oro, gas, energia solare e falde acquifere<\/strong>, il cui governo non si \u00e8 piegato alla globalizzazione occidentale. <strong>Una crescita scomoda<\/strong>, dunque, <strong>per i colossi occidentali<\/strong>, <strong>che ha fatto vacillare il loro \u201cprogetto imperialista di mettere le mani sul petrolio\u201d<\/strong> e sulle altre risorse del territorio libico.<\/p>\n<div style=\"text-align: justify;\"><\/div>\n<p style=\"text-align: justify;\"><strong>Parte quindi il \u201cpiano anglo-americano di liquidare Gheddafi\u201d<\/strong> e di ridurre allo stremo la Libia. \u201c<strong>Si punta alla paralisi della vita collettiva<\/strong>\u201d, recita la voce di Grimaldi nel documentario. Istruttori NATO e funzionari della CIA \u201cincoraggiano\u201d i ribelli a scendere in piazza e a sfidare il governo. <strong>A sparare <img loading=\"lazy\" decoding=\"async\" class=\" alignright size-full wp-image-14249\" style=\"margin: 4px; float: right;\" alt=\"fulvio-grimaldi-einstein\" src=\"https:\/\/archiviogioia.lavocedelpaese.info\/wp-content\/uploads\/2011\/09\/fulvio-grimaldi-einstein.jpg\" height=\"236\" width=\"300\" srcset=\"https:\/\/archiviogioia.lavocedelpaese.info\/wp-content\/uploads\/2011\/09\/fulvio-grimaldi-einstein.jpg 472w, https:\/\/archiviogioia.lavocedelpaese.info\/wp-content\/uploads\/2011\/09\/fulvio-grimaldi-einstein-300x236.jpg 300w\" sizes=\"auto, (max-width: 300px) 100vw, 300px\" \/>sulle masse in rivolta<\/strong>, con armi straniere mai esistite negli arsenali libici, <strong>sono cecchini segretamente appostati e ben istruiti<\/strong>.<\/p>\n<div style=\"text-align: justify;\"><\/div>\n<p style=\"text-align: justify;\"><strong>Ma la colpa ricade sul governo<\/strong>. <strong>Gheddafi viene accusato di crimini contro l\u2019umanit\u00e0 e le Nazioni Unite camuffano il loro intervento con giustificazioni di carattere umanitario<\/strong>.<\/p>\n<div style=\"text-align: justify;\"><\/div>\n<p style=\"text-align: justify;\">\u201c<strong>L\u2019Italia passa da amico intimo e ben fornito della Libia a correo dell\u2019aggressione<\/strong>\u201d, sostiene Grimaldi. Al popolo libico il giornalista chiede quale sia la sua reazione di fronte al trasformismo e all\u2019ipocrisia del nostro Stato. \u201c<strong>Noi amiamo il popolo italiano<\/strong>\u201d, rispondono \u201c<strong>ma l\u2019Italia ha un cattivo governo, il peggiore del mondo<\/strong>\u201d.<\/p>\n<div style=\"text-align: justify;\"><\/div>\n<p style=\"text-align: justify;\"><strong><img loading=\"lazy\" decoding=\"async\" class=\" alignleft size-full wp-image-14251\" style=\"margin: 4px; float: left;\" alt=\"fulvio-grimaldi-pubblico\" src=\"https:\/\/archiviogioia.lavocedelpaese.info\/wp-content\/uploads\/2011\/09\/fulvio-grimaldi-pubblico.jpg\" height=\"225\" width=\"300\" srcset=\"https:\/\/archiviogioia.lavocedelpaese.info\/wp-content\/uploads\/2011\/09\/fulvio-grimaldi-pubblico.jpg 472w, https:\/\/archiviogioia.lavocedelpaese.info\/wp-content\/uploads\/2011\/09\/fulvio-grimaldi-pubblico-300x225.jpg 300w\" sizes=\"auto, (max-width: 300px) 100vw, 300px\" \/>La gente libica \u00e8 ben lungi dal credere che la NATO voglia proteggere i civili<\/strong>. \u201cA loro interessano i pozzi petroliferi e molto altro ancora\u201d, urlano con rabbia. <strong>Le immagini danno loro ragione<\/strong>. Ogni giorno <strong>decine di bombardamenti NATO radono al suolo diversi obiettivi civili<\/strong>, come scuole, istituti per bambini disabili e abitazioni private, mietendo migliaia di vittime fra uomini, donne e bambini, a volte neonati. <strong>Intere famiglie vengono sterminate<\/strong>.<\/p>\n<div style=\"text-align: justify;\"><\/div>\n<p style=\"text-align: justify;\"><strong>Di certo non si tratta di quegli \u201cinterventi con mezzi di estrema, estrema precisione su singoli obiettivi militari\u201d<\/strong> di cui parlava il nostro Presidente del Consiglio Berlusconi al fine di rassicurarci sul ruolo dell\u2019Italia nel conflitto libico.<\/p>\n<div style=\"text-align: justify;\"><\/div>\n<p style=\"text-align: justify;\"><strong><img loading=\"lazy\" decoding=\"async\" class=\" alignright size-full wp-image-14252\" style=\"margin: 4px; float: right;\" alt=\"vescovo_Martinelli_giovanni\" src=\"https:\/\/archiviogioia.lavocedelpaese.info\/wp-content\/uploads\/2011\/09\/vescovo_Martinelli_giovanni.jpg\" height=\"225\" width=\"300\" srcset=\"https:\/\/archiviogioia.lavocedelpaese.info\/wp-content\/uploads\/2011\/09\/vescovo_Martinelli_giovanni.jpg 400w, https:\/\/archiviogioia.lavocedelpaese.info\/wp-content\/uploads\/2011\/09\/vescovo_Martinelli_giovanni-300x225.jpg 300w\" sizes=\"auto, (max-width: 300px) 100vw, 300px\" \/>Tra gli intervistati da Grimaldi, anche gli ultimi due italiani rimasti in Libia<\/strong>, il Vescovo <strong>Giovanni Martinelli<\/strong> e l\u2019imprenditrice <strong>Tiziana Gamannossi<\/strong>, <strong>denunciano<\/strong> le condizioni di estrema difficolt\u00e0 ed esasperazione in cui vive il popolo libico da quando sono iniziati i bombardamenti NATO.<\/p>\n<div style=\"text-align: justify;\"><\/div>\n<p style=\"text-align: justify;\"><strong>Durante il bombardamento del porto civile di Tripoli<\/strong> dello scorso maggio, filmato da Grimaldi e inserito nel documentario, <strong>il popolo libico non mostra paura<\/strong>, <strong>ma urla tutta la sua rabbia <\/strong>e la sua ostilit\u00e0 contro quel cielo da cui cadono bombe. \u201c<strong>Siamo stati ingannati da stranieri e costretti a uccidere<\/strong>\u201d, dichiarano, \u201c<strong>ma adesso gli ex-ribelli si impegnano per respingere gli invasori<\/strong>\u201d.<\/p>\n<div style=\"text-align: justify;\"><\/div>\n<p style=\"text-align: justify;\"><strong><img loading=\"lazy\" decoding=\"async\" class=\" alignleft size-full wp-image-14253\" style=\"margin: 4px; float: left;\" alt=\"libia_guerra_pilotata\" src=\"https:\/\/archiviogioia.lavocedelpaese.info\/wp-content\/uploads\/2011\/09\/libia_guerra_pilotata.jpg\" height=\"213\" width=\"300\" srcset=\"https:\/\/archiviogioia.lavocedelpaese.info\/wp-content\/uploads\/2011\/09\/libia_guerra_pilotata.jpg 450w, https:\/\/archiviogioia.lavocedelpaese.info\/wp-content\/uploads\/2011\/09\/libia_guerra_pilotata-300x213.jpg 300w\" sizes=\"auto, (max-width: 300px) 100vw, 300px\" \/>Agghiacciante la realt\u00e0 <\/strong>di cui Grimaldi ci porta a conoscenza con \u201cMaledetta Primavera\u201d: quella <strong>di una guerra pianificata da \u201cpsicopatici sedotti dallo scintillio dell\u2019oro\u201d<\/strong> e <strong>sostenuta da un \u201ccolossale menzognificio mediatico\u201d<\/strong>. \u201c<strong>Siamo al culmine di una criminalit\u00e0 organizzata<\/strong>\u201d, dichiara Grimaldi, sottolineando la gravit\u00e0 della \u201c<strong>indifferenza dell\u2019opinione pubblica occidentale<\/strong>\u201d, ingannata dai \u201c<strong>media controllati dal capitalismo e dal denaro<\/strong>\u201d.<\/p>\n<div style=\"text-align: justify;\"><\/div>\n<p style=\"text-align: justify;\"><strong>Pochi i giornalisti impegnati a confutare le informazioni divulgate<\/strong> dal governo a proposito del conflitto libico. \u201c<strong>Molti dei ribelli non sono libici<\/strong>\u201d, sottolinea Grimaldi nel suo documentario, \u201c<strong>ci sono giornalisti che li pagano per <img loading=\"lazy\" decoding=\"async\" class=\" alignright size-full wp-image-9334\" style=\"margin: 4px; float: right;\" alt=\"libia_bombardamenti\" src=\"https:\/\/archiviogioia.lavocedelpaese.info\/wp-content\/uploads\/2011\/04\/libia_bombardamenti.jpg\" height=\"225\" width=\"300\" srcset=\"https:\/\/archiviogioia.lavocedelpaese.info\/wp-content\/uploads\/2011\/04\/libia_bombardamenti.jpg 310w, https:\/\/archiviogioia.lavocedelpaese.info\/wp-content\/uploads\/2011\/04\/libia_bombardamenti-300x225.jpg 300w\" sizes=\"auto, (max-width: 300px) 100vw, 300px\" \/>dire alla telecamera certe cose<\/strong>\u201d. Non \u00e8 <strong>una campagna a difesa<\/strong> di Gheddafi, quella intrapresa da Grimaldi, ma a difesa <strong>della verit\u00e0<\/strong>, perch\u00e9 si sappia che in Libia la maggioranza della popolazione si \u00e8 schierata con Gheddafi e non con i ribelli e che <strong>i crimini che Gheddafi \u00e8 stato accusato di aver commesso sono stati smentiti dal popolo libico<\/strong>.<\/p>\n<div style=\"text-align: justify;\"><\/div>\n<p style=\"text-align: justify;\">Grimaldi illustra la realt\u00e0 di <strong>una Libia in pericolosa ascesa economica, che si \u00e8 ritenuto opportuno bloccare prima che compromettesse il valore del dollaro americano<\/strong>. Al pubblico, quindi, <strong>il giornalista rivolge \u00a0l\u2019invito a verificare le informazioni divulgate dai media<\/strong>, a confrontarle con altre rintracciate nel web e <strong>ad uscire da quella condizione di \u201cassuefazione alla comunicazione di regime\u201d<\/strong> che rende prigionieri di dittatori del pensiero che blaterano di voler esportare la nostra, presunta, democrazia.<\/p>\n<p><object data=\"https:\/\/picasaweb.google.com\/s\/c\/bin\/slideshow.swf\" type=\"application\/x-shockwave-flash\" height=\"660\" width=\"660\"><param name=\"flashvars\" value=\"host=picasaweb.google.com&amp;hl=it&amp;feat=flashalbum&amp;RGB=0x000000&amp;feed=https%3A%2F%2Fpicasaweb.google.com%2Fdata%2Ffeed%2Fapi%2Fuser%2Fredazionegioianet%2Falbumid%2F5649482230580755889%3Falt%3Drss%26kind%3Dphoto%26authkey%3DGv1sRgCJzizeO8u5KzRQ%26hl%3Dit\" \/><param name=\"src\" value=\"https:\/\/picasaweb.google.com\/s\/c\/bin\/slideshow.swf\" \/><\/object><\/p>\n","protected":false},"excerpt":{"rendered":"","protected":false},"author":1,"featured_media":14243,"comment_status":"open","ping_status":"closed","sticky":false,"template":"","format":"standard","meta":{"colormag_page_container_layout":"default_layout","colormag_page_sidebar_layout":"default_layout","footnotes":""},"categories":[4],"tags":[],"class_list":["post-14254","post","type-post","status-publish","format-standard","has-post-thumbnail","hentry","category-politica"],"_links":{"self":[{"href":"https:\/\/archiviogioia.lavocedelpaese.info\/index.php?rest_route=\/wp\/v2\/posts\/14254","targetHints":{"allow":["GET"]}}],"collection":[{"href":"https:\/\/archiviogioia.lavocedelpaese.info\/index.php?rest_route=\/wp\/v2\/posts"}],"about":[{"href":"https:\/\/archiviogioia.lavocedelpaese.info\/index.php?rest_route=\/wp\/v2\/types\/post"}],"author":[{"embeddable":true,"href":"https:\/\/archiviogioia.lavocedelpaese.info\/index.php?rest_route=\/wp\/v2\/users\/1"}],"replies":[{"embeddable":true,"href":"https:\/\/archiviogioia.lavocedelpaese.info\/index.php?rest_route=%2Fwp%2Fv2%2Fcomments&post=14254"}],"version-history":[{"count":0,"href":"https:\/\/archiviogioia.lavocedelpaese.info\/index.php?rest_route=\/wp\/v2\/posts\/14254\/revisions"}],"wp:featuredmedia":[{"embeddable":true,"href":"https:\/\/archiviogioia.lavocedelpaese.info\/index.php?rest_route=\/wp\/v2\/media\/14243"}],"wp:attachment":[{"href":"https:\/\/archiviogioia.lavocedelpaese.info\/index.php?rest_route=%2Fwp%2Fv2%2Fmedia&parent=14254"}],"wp:term":[{"taxonomy":"category","embeddable":true,"href":"https:\/\/archiviogioia.lavocedelpaese.info\/index.php?rest_route=%2Fwp%2Fv2%2Fcategories&post=14254"},{"taxonomy":"post_tag","embeddable":true,"href":"https:\/\/archiviogioia.lavocedelpaese.info\/index.php?rest_route=%2Fwp%2Fv2%2Ftags&post=14254"}],"curies":[{"name":"wp","href":"https:\/\/api.w.org\/{rel}","templated":true}]}}