{"id":14404,"date":"2011-09-10T05:39:34","date_gmt":"2011-09-10T05:39:34","guid":{"rendered":"https:\/\/archiviogioia.lavocedelpaese.info\/?p=14404"},"modified":"2011-09-10T05:39:34","modified_gmt":"2011-09-10T05:39:34","slug":"festa-pd-la-puglia-deve-recuperare-la-sua-identita","status":"publish","type":"post","link":"https:\/\/archiviogioia.lavocedelpaese.info\/?p=14404","title":{"rendered":"FESTA PD: \u201cLA PUGLIA DEVE RECUPERARE LA SUA IDENTIT\u00c1\u201d"},"content":{"rendered":"<p><img loading=\"lazy\" decoding=\"async\" class=\" size-full wp-image-14397\" alt=\"festa-pd-dibattito-stefano-\" src=\"https:\/\/archiviogioia.lavocedelpaese.info\/wp-content\/uploads\/2011\/09\/festa-pd-dibattito-stefano-.jpg\" height=\"150\" width=\"320\" srcset=\"https:\/\/archiviogioia.lavocedelpaese.info\/wp-content\/uploads\/2011\/09\/festa-pd-dibattito-stefano-.jpg 640w, https:\/\/archiviogioia.lavocedelpaese.info\/wp-content\/uploads\/2011\/09\/festa-pd-dibattito-stefano--300x141.jpg 300w\" sizes=\"auto, (max-width: 320px) 100vw, 320px\" \/> <\/p>\n<p><!--more--><\/p>\n<p style=\"text-align: justify;\"><strong><img loading=\"lazy\" decoding=\"async\" class=\" alignleft size-full wp-image-14398\" style=\"margin: 4px; float: left;\" alt=\"festa_pd_2_serata_dibattito\" src=\"https:\/\/archiviogioia.lavocedelpaese.info\/wp-content\/uploads\/2011\/09\/festa_pd_2_serata_dibattito.jpg\" height=\"201\" width=\"300\" srcset=\"https:\/\/archiviogioia.lavocedelpaese.info\/wp-content\/uploads\/2011\/09\/festa_pd_2_serata_dibattito.jpg 640w, https:\/\/archiviogioia.lavocedelpaese.info\/wp-content\/uploads\/2011\/09\/festa_pd_2_serata_dibattito-300x201.jpg 300w\" sizes=\"auto, (max-width: 300px) 100vw, 300px\" \/>Seconda serata della Festa regionale democratica dell\u2019agricoltura<\/strong>, organizzata dal Partito Democratico. A via Roma, a Gioia del Colle, l\u2019Assessore regionale all\u2019agricoltura Dario Stefano. <strong>Tanti ospiti in questa serata<\/strong>, tanta gente come uditorio e soprattutto, in prima fila, l\u2019On. Enzo Lavarra (oggi \u00e8 previsto il suo intervento).<\/p>\n<div style=\"text-align: justify;\"><\/div>\n<p style=\"text-align: justify;\"><strong>Modera il tavolo del dibattito \u201cL\u2019agricoltura in Puglia\u201d il giornalista<\/strong> di AntennaSud <strong>Gianvito Cafaro<\/strong>. <strong>Il primo intervento \u00e8 di Matteo Antonicelli<\/strong>, Presidente GAL Barsento, il quale ritiene che l\u2019esperienza aggregativa delle imprese agricole in Puglia sia buona ma non in tutti i settori, ad esempio <strong>tanta esperienza nei progetti di agriturismi ma non nelle nascite di masserie didattiche<\/strong> (o sociali) e pensa che sia un <strong>problema di mancanza di \u2018appeal\u2019 oltre che di crisi<\/strong>: 980 aziende pugliesi che si occupano di prodotti caseari ma negli ultimi tempi pi\u00f9 del venti percento hanno chiuso i battenti.<\/p>\n<div style=\"text-align: justify;\"><\/div>\n<p style=\"text-align: justify;\"><img loading=\"lazy\" decoding=\"async\" class=\" alignright size-full wp-image-14399\" style=\"margin: 4px; float: right;\" alt=\"festa_pd_2_serata\" src=\"https:\/\/archiviogioia.lavocedelpaese.info\/wp-content\/uploads\/2011\/09\/festa_pd_2_serata.jpg\" height=\"201\" width=\"300\" srcset=\"https:\/\/archiviogioia.lavocedelpaese.info\/wp-content\/uploads\/2011\/09\/festa_pd_2_serata.jpg 640w, https:\/\/archiviogioia.lavocedelpaese.info\/wp-content\/uploads\/2011\/09\/festa_pd_2_serata-300x201.jpg 300w\" sizes=\"auto, (max-width: 300px) 100vw, 300px\" \/>Oltre il settore caseario <strong>si parla anche del settore zootecnico<\/strong>, ci si domanda se pu\u00f2 diversificare le sue attivit\u00e0 per crescere. <strong>Francesco Mastrangelo<\/strong>, Presidente Consorzio primitivo di Gioia del Colle, <strong>si sofferma sulla burocrazia<\/strong>, una macchina che aumenta i problemi per gli agricoltori, soprattutto quando il passaggio delle carte passa da un ente ad un altro (ultimamente per il settore vinicolo, tenendo conto che la stagione della vendemmia \u00e8 iniziata).<\/p>\n<div style=\"text-align: justify;\"><\/div>\n<p style=\"text-align: justify;\"><strong>Gennaro Sicolo<\/strong>, Presidente nazionale CNO, ringrazia il PD per aver organizzato una manifestazione che si occupa di agricoltura a 360\u00b0, poich\u00e9 accade sempre meno e sempre meno sono gli spazi di discussione. <strong>Sofferma il suo intervento sulla differenza tra gli stati europei in interventi a sostegno dell\u2019agricoltura<\/strong>: solo un esempio, la Spagna investe oltre 40milioni di euro, l\u2019Italia (e soprattutto la Puglia) molto meno. Incalza le sue richieste dicendo all\u2019Ass. Stefano che \u201c<strong>se ci abbassano i soldi per gli <img loading=\"lazy\" decoding=\"async\" class=\" alignleft size-full wp-image-14400\" style=\"margin: 4px; float: left;\" alt=\"enzo_cuscito_festa_pd2\" src=\"https:\/\/archiviogioia.lavocedelpaese.info\/wp-content\/uploads\/2011\/09\/enzo_cuscito_festa_pd2.jpg\" height=\"201\" width=\"300\" srcset=\"https:\/\/archiviogioia.lavocedelpaese.info\/wp-content\/uploads\/2011\/09\/enzo_cuscito_festa_pd2.jpg 640w, https:\/\/archiviogioia.lavocedelpaese.info\/wp-content\/uploads\/2011\/09\/enzo_cuscito_festa_pd2-300x201.jpg 300w\" sizes=\"auto, (max-width: 300px) 100vw, 300px\" \/>investimenti noi ci ribelliamo<\/strong>, <strong>facciamo battaglia<\/strong>\u201d. In particolare Sicolo riporta l\u2019esempio dell\u2019olio extravergine di oliva, un prodotto sempre pi\u00f9 rivolto ai mercati del sottocosto, a causa di mancanza di controlli e di rintracciabilit\u00e0 dei prodotti, \u201ce ci\u00f2 non \u00e8 pi\u00f9 tollerabile\u201d, conclude.<\/p>\n<div style=\"text-align: justify;\"><\/div>\n<p style=\"text-align: justify;\"><strong>Fabrizio Rossi<\/strong>, imprenditore, <strong>parla dei prodotti biologici e dell\u2019agricoltura sostenibile<\/strong> ponendoli come settori in crescita ma diventati quasi un luogo comune a causa di mancanza di assistenza tecnica in settori apparentemente \u2018controllati\u2019. Non bastano i finanziamenti ma occorre seguire il settore e gli imprenditori, collaborare tutti per un mercato economico responsabile.<\/p>\n<div style=\"text-align: justify;\"><\/div>\n<p style=\"text-align: justify;\"><strong><img loading=\"lazy\" decoding=\"async\" class=\" alignright size-full wp-image-14401\" style=\"margin: 4px; float: right;\" alt=\"festa_pd_2_serata_pubblico\" src=\"https:\/\/archiviogioia.lavocedelpaese.info\/wp-content\/uploads\/2011\/09\/festa_pd_2_serata_pubblico.jpg\" height=\"201\" width=\"300\" srcset=\"https:\/\/archiviogioia.lavocedelpaese.info\/wp-content\/uploads\/2011\/09\/festa_pd_2_serata_pubblico.jpg 640w, https:\/\/archiviogioia.lavocedelpaese.info\/wp-content\/uploads\/2011\/09\/festa_pd_2_serata_pubblico-300x201.jpg 300w\" sizes=\"auto, (max-width: 300px) 100vw, 300px\" \/>Vito Moretti<\/strong>, produttore di uva da tavola, vuole porre <strong>l\u2019attenzione sulla qualit\u00e0 dei prodotti agricoli e sul sapore dell\u2019uva, delle pesche, delle albicocche<\/strong>, insomma, su tutto ci\u00f2 che \u00e8 sulla nostra tavola. Non dipende solo dai pesticidi, la mancanza di sapore (quante volte lo diciamo?) dei frutti che mangiamo ma anche dall\u2019agricoltore che non sa fare il suo mestiere: molti si affacciano al settore agricolo ma pochi sono i veri agricoli, coloro che conoscono il mestiere.<\/p>\n<div style=\"text-align: justify;\"><\/div>\n<p style=\"text-align: justify;\"><strong>Non solo l\u2019uva da tavola ma anche il grano, altro settore in crisi<\/strong>, che fa parte della nostra agricoltura seppure non lo ricordiamo spesso: pasta, pane, taralli, biscotti, altri prodotti immancabili sulla tavola dei pugliesi. Inoltre, incalza Moretti, <strong>quanti sono i giovani agricoltori pugliesi come generazione di ricambio dei \u2018vecchi\u2019 agricoltori?<\/strong> I dati statistici ci raccontano di terre pugliesi coltivate da over sessantenni mentre pochissimi sono gli under trenta. Questo \u00e8 un altro tema di attualit\u00e0.<\/p>\n<div style=\"text-align: justify;\"><\/div>\n<p style=\"text-align: justify;\"><strong><img loading=\"lazy\" decoding=\"async\" class=\" alignleft size-full wp-image-14402\" style=\"margin: 4px; float: left;\" alt=\"dario-stefano-252x300\" src=\"https:\/\/archiviogioia.lavocedelpaese.info\/wp-content\/uploads\/2011\/09\/dario-stefano-252x300.jpg\" height=\"238\" width=\"200\" \/>L\u2019assessore Stefano<\/strong> dopo aver ascoltato tutti gli interventi dei presenti sul palco risponde e inizia col dire che <strong>la Puglia ha lavorato per una controtendenza culturale<\/strong>. Una Puglia che investe sui giovani agricoltori (i bandi sono stati snelliti nelle procedure proprio per aumentare la richiesta da parte delle giovani generazioni) e con un punto di assistenza tecnica stabile. <strong>Non \u00e8 vero<\/strong>, ricorda Stefano, <strong>che i giovani pugliesi non sono interessati al settore agricolo<\/strong> poich\u00e9 i dati degli atenei pugliesi dicono ben altro sugli iscritti alle facolt\u00e0 agrarie. L\u2019investimento della Regione Puglia \u00e8 rivolto, da tempo, al <strong>recupero di un cinquantennio di storia che ha trascurato l\u2019agricoltura<\/strong> per trovare lavoro nelle industrie siderurgiche o trovare fortuna altrove. Terre anche abbandonate.<\/p>\n<div style=\"text-align: justify;\"><\/div>\n<p style=\"text-align: justify;\"><strong>Ma la Puglia \u00e8 sulla buona strada<\/strong>: con i TIF, sulla multifunzionalit\u00e0 del settore, con i programmi integrati di filiera, di protezione del marchio Puglia negato alla grande distribuzione contraffatta. Tutto <img loading=\"lazy\" decoding=\"async\" class=\" alignright size-full wp-image-14403\" style=\"margin: 4px; float: right;\" alt=\"festa_pd_2_serata_musica\" src=\"https:\/\/archiviogioia.lavocedelpaese.info\/wp-content\/uploads\/2011\/09\/festa_pd_2_serata_musica.jpg\" height=\"201\" width=\"300\" srcset=\"https:\/\/archiviogioia.lavocedelpaese.info\/wp-content\/uploads\/2011\/09\/festa_pd_2_serata_musica.jpg 640w, https:\/\/archiviogioia.lavocedelpaese.info\/wp-content\/uploads\/2011\/09\/festa_pd_2_serata_musica-300x201.jpg 300w\" sizes=\"auto, (max-width: 300px) 100vw, 300px\" \/>questo nonostante le politiche nazionali del Governo Berlusconi (\u201ce non lo dico solo perch\u00e9 sono alla Festa regionale democratica o vicino al partito democratico\u201d, precisa Stefano) che ha tagliato, con il Ministro Tremonti, i fondi destinati all\u2019agricoltura (soprattutto cancellato il DPCM Risorse agricole). Per concludere, <strong>la Puglia deve recuperare l\u2019identit\u00e0 agricola ai suoi cittadini <\/strong>per conservare un patrimonio rurale e paesaggistico straordinario, e la Regione Puglia \u00e8 sulla buona strada.<\/p>\n<div style=\"text-align: justify;\"><\/div>\n<p style=\"text-align: justify;\"><strong>Oggi si parler\u00e0 della nuova PAC<\/strong> a farlo saranno il parlamentare europeo <strong>Paolo De Castro<\/strong>, l\u2019on. <strong>Enzo Lavarra<\/strong> (responsabile nazionale Forum agricoltura Pd), l\u2019on. <strong>Giusy Servodio<\/strong> e <strong>Giuseppe Brillante<\/strong> della Coldiretti. Mentre <strong>a Piazza Luca D\u2019Andrano si parler\u00e0 di ricerca e divulgazione e nuove idee in agricoltura<\/strong>.<\/p>\n<div style=\"text-align: justify;\"><\/div>\n<p style=\"text-align: justify;\"><strong>Ufficio Comunicazione Pd<\/strong> &#8211; Gioia del Colle (BA) &#8211; E-mail <a href=\"mailto:pdgioia@libero.it\">pdgioia@libero.it<\/a>.<\/p>\n","protected":false},"excerpt":{"rendered":"","protected":false},"author":1,"featured_media":14397,"comment_status":"open","ping_status":"closed","sticky":false,"template":"","format":"standard","meta":{"colormag_page_container_layout":"default_layout","colormag_page_sidebar_layout":"default_layout","footnotes":""},"categories":[4],"tags":[],"class_list":["post-14404","post","type-post","status-publish","format-standard","has-post-thumbnail","hentry","category-politica"],"_links":{"self":[{"href":"https:\/\/archiviogioia.lavocedelpaese.info\/index.php?rest_route=\/wp\/v2\/posts\/14404","targetHints":{"allow":["GET"]}}],"collection":[{"href":"https:\/\/archiviogioia.lavocedelpaese.info\/index.php?rest_route=\/wp\/v2\/posts"}],"about":[{"href":"https:\/\/archiviogioia.lavocedelpaese.info\/index.php?rest_route=\/wp\/v2\/types\/post"}],"author":[{"embeddable":true,"href":"https:\/\/archiviogioia.lavocedelpaese.info\/index.php?rest_route=\/wp\/v2\/users\/1"}],"replies":[{"embeddable":true,"href":"https:\/\/archiviogioia.lavocedelpaese.info\/index.php?rest_route=%2Fwp%2Fv2%2Fcomments&post=14404"}],"version-history":[{"count":0,"href":"https:\/\/archiviogioia.lavocedelpaese.info\/index.php?rest_route=\/wp\/v2\/posts\/14404\/revisions"}],"wp:featuredmedia":[{"embeddable":true,"href":"https:\/\/archiviogioia.lavocedelpaese.info\/index.php?rest_route=\/wp\/v2\/media\/14397"}],"wp:attachment":[{"href":"https:\/\/archiviogioia.lavocedelpaese.info\/index.php?rest_route=%2Fwp%2Fv2%2Fmedia&parent=14404"}],"wp:term":[{"taxonomy":"category","embeddable":true,"href":"https:\/\/archiviogioia.lavocedelpaese.info\/index.php?rest_route=%2Fwp%2Fv2%2Fcategories&post=14404"},{"taxonomy":"post_tag","embeddable":true,"href":"https:\/\/archiviogioia.lavocedelpaese.info\/index.php?rest_route=%2Fwp%2Fv2%2Ftags&post=14404"}],"curies":[{"name":"wp","href":"https:\/\/api.w.org\/{rel}","templated":true}]}}