{"id":14447,"date":"2011-09-11T06:10:56","date_gmt":"2011-09-11T06:10:56","guid":{"rendered":"https:\/\/archiviogioia.lavocedelpaese.info\/?p=14447"},"modified":"2011-09-11T06:10:56","modified_gmt":"2011-09-11T06:10:56","slug":"new-volley-botto-finale-campagna-acquisti-2","status":"publish","type":"post","link":"https:\/\/archiviogioia.lavocedelpaese.info\/?p=14447","title":{"rendered":"NEW VOLLEY: BOTTO FINALE CAMPAGNA ACQUISTI"},"content":{"rendered":"<p><img loading=\"lazy\" decoding=\"async\" class=\" size-full wp-image-4634\" alt=\"new-volley-allenamento\" src=\"https:\/\/archiviogioia.lavocedelpaese.info\/wp-content\/uploads\/2010\/09\/new-volley-allenamento.jpg\" height=\"150\" width=\"320\" srcset=\"https:\/\/archiviogioia.lavocedelpaese.info\/wp-content\/uploads\/2010\/09\/new-volley-allenamento.jpg 320w, https:\/\/archiviogioia.lavocedelpaese.info\/wp-content\/uploads\/2010\/09\/new-volley-allenamento-300x141.jpg 300w\" sizes=\"auto, (max-width: 320px) 100vw, 320px\" \/> <\/p>\n<p><!--more--><\/p>\n<p style=\"text-align: justify;\"><strong><img loading=\"lazy\" decoding=\"async\" style=\"margin: 4px; float: left;\" alt=\"andreademoraes4\" src=\"images\/stories\/andreademoraes4.jpg\" height=\"372\" width=\"250\" \/>La  Geatecno Gioia<\/strong><strong> ha messo a segno il tanto atteso colpo di mercato<\/strong>: il presidente <strong>Giuseppe Cuscito \u00e8 riuscito<\/strong> infatti <strong>a portare nella cittadina gioiese<\/strong>, la top scorer della stagione 2002 della serie A2, <strong>la brasiliana Andrea Leopoldina<\/strong><strong> De Moraes<\/strong>.<\/p>\n<div style=\"text-align: justify;\"><\/div>\n<p style=\"text-align: justify;\"><strong>La forte atleta brasiliana<\/strong> nata a San Paolo, 186 cm di altezza, <strong>ex nazionale brasiliana<\/strong>, opposta di tanti club di serie A sia in Brasile e sia in Italia nelle citt\u00e0 di Imola, Forl\u00ec, Cant\u00f9, Chieri, Altamura, Corridonia e Reggio Emilia, <strong>\u00e8 giocatrice carismatica e di grande stile<\/strong>, dotata di una tecnica sopraffina <strong>in grado di fare la differenza<\/strong> nel reparto offensivo.<\/p>\n<div style=\"text-align: justify;\"><\/div>\n<p style=\"text-align: justify;\"><strong>Una garanzia per coach Michele Ironico<\/strong>, De Moraes arriva nella New Volley Gioia con un grande entusiasmo: \u201c<strong>La pallavolo mi piace tantissimo<\/strong> e io ho ricominciato a giocare perch\u00e8 sono e <strong>sar\u00f2 sempre innamorata della pallavolo<\/strong>. <strong>Ho smesso da 4 anni per motivo di famiglia<\/strong>, ma anche per un fatto di et\u00e0. Ho sempre giocato in serie A tanto in Brasile quanto qui in Italia. <strong>Dopo la gravidanza era complicato tornare a giocare perch\u00e9 in serie A<\/strong> dovevo sempre fare la differenza e altrove non potevo giocare perch\u00e9 ero straniera. <strong>Adesso \u00e8 diverso perch\u00e8 avendo la cittadinanza italiana posso giocare in serie C<\/strong> e mi piace la idea di tornare a giocare\u201d.<\/p>\n<div style=\"text-align: justify;\"><\/div>\n<p style=\"text-align: justify;\"><img loading=\"lazy\" decoding=\"async\" style=\"margin: 4px; float: right;\" alt=\"andrea3\" src=\"images\/stories\/andrea3.jpg\" height=\"225\" width=\"300\" \/>Continua la schiacciatrice brasiliana: \u201c<strong>Nella pallavolo ho imparato tanto<\/strong> e io spero di passare tutta la mia esperienza che ho vissuto in questi 25 anni per le mie compagne di squadra, poi con la mia allegria di giocare e con il mio entusiasmo <strong>spero di poter fare crescere questa squadra<\/strong> e se per caso il nostro gruppo diventi forte non solo fuori ma pi\u00f9 che altro dentro campo sarebbe spettacolare vincere! <strong>Nel gioco di squadra<\/strong> &#8211; conclude Andrea &#8211; dobbiamo non solo avere una stella ma un cielo pieno di stelle. Perch\u00e9 <strong>tutti sono importanti,<\/strong> <strong>anche la societ\u00e0, il pubblico<\/strong>. Io credo molto che <strong>la &#8220;UNIAO FAZ<\/strong><strong> A FOR\u00c7A&#8221;<\/strong> (la unione fa la forza)!\u201d.<\/p>\n<div style=\"text-align: justify;\"><\/div>\n<p style=\"text-align: justify;\">A questo punto <strong>non ci resta che aspettare il fischio di inizio<\/strong> di questa nuova ma molto interessante avventura.<strong><img loading=\"lazy\" decoding=\"async\" style=\"margin: 4px; float: right;\" alt=\"andrea_de_moraes\" src=\"images\/stories\/andrea_de_moraes.jpg\" height=\"298\" width=\"200\" \/><\/strong><\/p>\n<div style=\"text-align: justify;\"><\/div>\n<p style=\"text-align: justify;\">Tutte le novit\u00e0 dei prossimi giorni le potrete visionare sul sito ufficiale <a href=\"http:\/\/www.newvolleygioia.it\/\" target=\"_blank\" rel=\"noopener\">www.newvolleygioia.it<\/a>.<\/p>\n<div style=\"text-align: justify;\"><\/div>\n<div style=\"text-align: justify;\"><strong>CURRICULUM SPORTIVO<\/strong><\/div>\n<div style=\"text-align: justify;\"><\/div>\n<div style=\"text-align: justify;\">Fino al 1999 serie A Brasile e nazionale Brasiliana;<\/div>\n<div style=\"text-align: justify;\"><\/div>\n<div style=\"text-align: justify;\"><strong>1999\/2000<\/strong> &#8211; A2 Famila Imola<\/div>\n<div style=\"text-align: justify;\"><\/div>\n<div style=\"text-align: justify;\"><strong>2000\/2001<\/strong> &#8211; A2 Icot Forl\u00ec (terza classiificata)<\/div>\n<div style=\"text-align: justify;\"><\/div>\n<div style=\"text-align: justify;\"><strong>2001\/2002<\/strong> &#8211; A2 Eldor Cant\u00f9<\/div>\n<div style=\"text-align: justify;\"><\/div>\n<div style=\"text-align: justify;\"><strong>2002\/2003<\/strong> &#8211; A2 Bigmat Chieri<\/div>\n<div style=\"text-align: justify;\"><\/div>\n<div style=\"text-align: justify;\"><strong>2003\/2004<\/strong> &#8211; A2 Lines <a href=\"http:\/\/tra.de.co\/\" target=\"_blank\" rel=\"noopener\">Tra.De.Co<\/a>. Altamura<\/div>\n<div style=\"text-align: justify;\"><\/div>\n<div style=\"text-align: justify;\"><strong>2004\/2005<\/strong> &#8211; A2 Lines <a href=\"http:\/\/tra.de.co\/\" target=\"_blank\" rel=\"noopener\">Tra.De.Co<\/a>. Altamura<\/div>\n<div style=\"text-align: justify;\"><\/div>\n<div style=\"text-align: justify;\"><strong>2005\/2006<\/strong> &#8211; A2 Pema Corplast Corridonia<\/div>\n<div style=\"text-align: justify;\"><\/div>\n<div style=\"text-align: justify;\"><strong>2006\/2007<\/strong> &#8211; A2 Pallavolo Reggio Emilia<\/div>\n<div style=\"text-align: justify;\"><\/div>\n<div style=\"text-align: justify;\">Note: <strong>Miglior realizzatrice A2: 2001\/02<\/strong>.<\/div>\n","protected":false},"excerpt":{"rendered":"","protected":false},"author":1,"featured_media":4634,"comment_status":"open","ping_status":"closed","sticky":false,"template":"","format":"standard","meta":{"colormag_page_container_layout":"default_layout","colormag_page_sidebar_layout":"default_layout","footnotes":""},"categories":[5],"tags":[],"class_list":["post-14447","post","type-post","status-publish","format-standard","has-post-thumbnail","hentry","category-sport"],"_links":{"self":[{"href":"https:\/\/archiviogioia.lavocedelpaese.info\/index.php?rest_route=\/wp\/v2\/posts\/14447","targetHints":{"allow":["GET"]}}],"collection":[{"href":"https:\/\/archiviogioia.lavocedelpaese.info\/index.php?rest_route=\/wp\/v2\/posts"}],"about":[{"href":"https:\/\/archiviogioia.lavocedelpaese.info\/index.php?rest_route=\/wp\/v2\/types\/post"}],"author":[{"embeddable":true,"href":"https:\/\/archiviogioia.lavocedelpaese.info\/index.php?rest_route=\/wp\/v2\/users\/1"}],"replies":[{"embeddable":true,"href":"https:\/\/archiviogioia.lavocedelpaese.info\/index.php?rest_route=%2Fwp%2Fv2%2Fcomments&post=14447"}],"version-history":[{"count":0,"href":"https:\/\/archiviogioia.lavocedelpaese.info\/index.php?rest_route=\/wp\/v2\/posts\/14447\/revisions"}],"wp:featuredmedia":[{"embeddable":true,"href":"https:\/\/archiviogioia.lavocedelpaese.info\/index.php?rest_route=\/wp\/v2\/media\/4634"}],"wp:attachment":[{"href":"https:\/\/archiviogioia.lavocedelpaese.info\/index.php?rest_route=%2Fwp%2Fv2%2Fmedia&parent=14447"}],"wp:term":[{"taxonomy":"category","embeddable":true,"href":"https:\/\/archiviogioia.lavocedelpaese.info\/index.php?rest_route=%2Fwp%2Fv2%2Fcategories&post=14447"},{"taxonomy":"post_tag","embeddable":true,"href":"https:\/\/archiviogioia.lavocedelpaese.info\/index.php?rest_route=%2Fwp%2Fv2%2Ftags&post=14447"}],"curies":[{"name":"wp","href":"https:\/\/api.w.org\/{rel}","templated":true}]}}