{"id":14451,"date":"2011-09-12T05:42:22","date_gmt":"2011-09-12T05:42:22","guid":{"rendered":"https:\/\/archiviogioia.lavocedelpaese.info\/?p=14451"},"modified":"2011-09-12T05:42:22","modified_gmt":"2011-09-12T05:42:22","slug":"festa-pd-chiude-con-lavoro-musica-e-consensi-2","status":"publish","type":"post","link":"https:\/\/archiviogioia.lavocedelpaese.info\/?p=14451","title":{"rendered":"FESTA PD: CHIUDE CON LAVORO, MUSICA E CONSENSI"},"content":{"rendered":"<p><img loading=\"lazy\" decoding=\"async\" alt=\"festa-pd-chiusura-pp\" src=\"images\/stories\/festa-pd-chiusura-pp.jpg\" height=\"150\" width=\"320\" \/> <\/p>\n<p><!--more--><\/p>\n<div style=\"text-align: justify;\"><\/div>\n<p style=\"text-align: justify;\"><strong><img loading=\"lazy\" decoding=\"async\" style=\"margin: 4px; float: right;\" alt=\"festa-pd-chiusura-intervent\" src=\"images\/stories\/festa-pd-chiusura-intervent.jpg\" height=\"201\" width=\"300\" \/>Telefonata a sorpresa<\/strong> durante il dibattito sul caporalato e il lavoro irregolare nei campi delle terre pugliese <strong>di un immigrato che nel mese di luglio scorso partecip\u00f2 alla rivolta di Nard\u00f2<\/strong>. Il caso che fece riflettere tutti sull\u2019esigenza di una legge contro il caporalato.<\/p>\n<div style=\"text-align: justify;\"><\/div>\n<p style=\"text-align: justify;\"><strong>Il magrebino spiega le sue ragioni<\/strong>, <strong>si fa portavoce dei suoi amici<\/strong> che come lui lavorano le terre a basso costo, senza orari, senza diritti. \u201c<strong>20\/30euro al giorno<\/strong>, <strong>poco cibo<\/strong>, <strong>scarse condizioni igieniche<\/strong>. Eravamo <strong>trattati come schiavi<\/strong>. Tolti i soldi del trasporto ci restava poco. <strong>Loro si arricchivano su di noi<\/strong>. Si sono costruite le ville. Noi ci siamo ribellati\u201d.<\/p>\n<div style=\"text-align: justify;\"><\/div>\n<p style=\"text-align: justify;\"><img loading=\"lazy\" decoding=\"async\" style=\"margin: 4px; float: left;\" alt=\"festa-pd-chiusura-stand\" src=\"images\/stories\/festa-pd-chiusura-stand.jpg\" height=\"201\" width=\"300\" \/>Tra gli ospiti la Senatrice del PD <strong>Colomba Mongiello<\/strong>, foggiana e prima firmataria del disegno di legge sul caporalato, la quale <strong>sottolinea <\/strong>due problemi sul tema: il primo <strong>l\u2019impiego degli immigrati<\/strong> (donne incluse, spesso clandestini), il secondo una questione non solo legata al Sud ma a molte delle campagne italiane (es. Emilia Romagna). Quindi <strong>un problema nazionale<\/strong>.<\/p>\n<div style=\"text-align: justify;\"><\/div>\n<p style=\"text-align: justify;\"><strong>Il fenomeno del caporalato \u00e8 difficile e multidisciplinare<\/strong>, per cos\u00ec dire, poich\u00e9 <strong>spesso si collegano altri ranghi della criminalit\u00e0 come la mafia e la prostituzione<\/strong>. Assente al dibattito l\u2019Ass. regionale al Welfare Elena Gentile, quindi <strong>manca la voce della Regione Puglia chiamata in causa pi\u00f9 volte nel dibattito<\/strong>, citando la Legge n.28\/2006, che disciplina le attivit\u00e0 di contrasto al lavoro non regolare, incluso il caporalato.<\/p>\n<div style=\"text-align: justify;\"><\/div>\n<p style=\"text-align: justify;\"><strong><img loading=\"lazy\" decoding=\"async\" style=\"margin: 4px; float: right;\" alt=\"Dalla-Cgil-guerra-al-caporalato-in-agricoltura\" src=\"images\/stories\/Dalla-Cgil-guerra-al-caporalato-in-agricoltura.jpg\" height=\"225\" width=\"300\" \/>Ad esprimere le positivit\u00e0 <\/strong>della legge e <strong>del lavoro della Giunta regionale<\/strong> guidata dal governatore pugliese Nichi Vendola, soprattutto del lavoro svolto da Elena Gentile, <strong>Vito Micunco<\/strong> \u2013 responsabile della pastorale sociale del lavoro dell\u2019Arcidiocesi Bari-Bitonto \u2013 mentre <strong>Peppino De Leonardis<\/strong> (Segretario Regionale FLAI CGIL Puglia) <strong>sostiene che il caporalato in Puglia ha trovato terreno fertile<\/strong> in mancanza di una legislazione e di strumenti che erano stati pensati (data base per l\u2019elenco della domanda offerta, le liste di prenotazione) ma non attuati. <strong>Il suo intervento ribadisce pi\u00f9 volte la necessit\u00e0 di misure repressive e punitive<\/strong> a quanti incorrono nel reato (che non \u00e8 ancora reato) del caporalato e di quanti non rispettano le norme contrattuali.<\/p>\n<div style=\"text-align: justify;\"><\/div>\n<p style=\"text-align: justify;\"><strong><img loading=\"lazy\" decoding=\"async\" style=\"margin: 4px; float: left;\" alt=\"blasisergio\" src=\"images\/stories\/blasisergio.jpg\" height=\"219\" width=\"300\" \/>Interviene a seguire Sergio Blasi<\/strong>, Segretario Regionale del Pd Puglia, in risposta al problema posto dal dibattito della serata \u201c<strong>Immigrati e caporalato<\/strong>\u201d, <strong>un problema<\/strong> \u2013 ricorda Blasi &#8211; <strong>di cui per molto tempo il Pd non se n\u2019\u00e8 occupato <\/strong>e l\u2019ha cominciato a fare seriamente, inserendo il tema del progetto nazionale del partito, dopo un intervento del Segretario Nazionale Luigi Bersani.<\/p>\n<div style=\"text-align: justify;\"><\/div>\n<p style=\"text-align: justify;\"><strong>\u201cIl tema del lavoro \u00e8 centrale<\/strong> \u2013 incalza il segretario \u2013 <strong>dobbiamo capire i tempi attuali, superare gli aspetti legati al lavoro<\/strong> che sono anche pi\u00f9 peggiori di quelli che abbiamo sconfitto nel secolo scorso.\u201d Non manca, infine, una considerazione del lavoro a livello nazionale: \u201c<strong>Non si possono tagliare i diritti e le tutele<\/strong>, lo smantellamento dello Stato sociale \u2013 sostiene Blasi \u2013 <strong>inneggiare alla <img loading=\"lazy\" decoding=\"async\" style=\"margin: 4px; float: right;\" alt=\"festa-pd-chiusura-pubblico\" src=\"images\/stories\/festa-pd-chiusura-pubblico.jpg\" height=\"201\" width=\"300\" \/>flessibilit\u00e0 pensando di uscire cos\u00ec dalla crisi che stiamo vivendo<\/strong>. Dobbiamo dire no e dobbiamo farlo con forza\u201d.<\/p>\n<div style=\"text-align: justify;\"><\/div>\n<p style=\"text-align: justify;\"><strong>Tutti d\u2019accordo<\/strong>, compreso il Segretario regionale del Pd, <strong>che il caporalato \u00e8 un problema che non riguarda solo gli immigrati<\/strong> (loro certamente sono il punto debole del grande tema che \u00e8 lo sfruttamento dei lavoratori e l\u2019irregolarit\u00e0 del lavoro) <strong>ma la condizione dei lavoratori pugliesi<\/strong>.<\/p>\n<div style=\"text-align: justify;\"><\/div>\n<p style=\"text-align: justify;\"><strong>La Mongiello ricorda che il caporalato non vive solo nell\u2019agricoltura ma anche nel settore edilizio<\/strong>. Cosa <strong>serve<\/strong>, quindi? <strong>Una legislazione puntuale<\/strong> innanzitutto, con misure centrate non solo sul caporale (colui da <img loading=\"lazy\" decoding=\"async\" style=\"margin: 4px; float: left;\" alt=\"festa-pf-chiusura-lavarra-c\" src=\"images\/stories\/festa-pf-chiusura-lavarra-c.jpg\" height=\"201\" width=\"300\" \/>punire) ma anche sulle imprese agricole che se ne servono; strumenti <strong>per garantire agevolazioni alle imprese agricole che rispettano le garanzie contrattuali<\/strong> per i lavoratori (poich\u00e9 il lavoro nero \u00e8 assai diffuso nel lavoro delle campagne); liste di prenotazione regionali, con controllo periodico delle stesse; innovazione nelle forme organizzative del lavoro agricolo che si mostra ancora destrutturato e di piccole dimensioni; collaborazione con pi\u00f9 soggetti (sindacati, Inps, ecc.). <strong>Tutto questo \u00e8 nell\u2019agenda di lavoro del Pd<\/strong> che vuole affrontare i temi della globalizzazione dei diritti.<\/p>\n<div style=\"text-align: justify;\"><\/div>\n<p style=\"text-align: justify;\"><strong>La Festa Regionale Democratica dell\u2019Agricoltura si conclude<\/strong> cos\u00ec, con il tema del lavoro e le prospettive future. <strong>Salutano i cittadini Enzo C<\/strong><strong><img loading=\"lazy\" decoding=\"async\" class=\" alignright size-full wp-image-14256\" style=\"margin: 4px; float: right;\" alt=\"festa-democratica-pp\" src=\"https:\/\/archiviogioia.lavocedelpaese.info\/wp-content\/uploads\/2011\/09\/festa-democratica-pp.jpg\" height=\"148\" width=\"317\" srcset=\"https:\/\/archiviogioia.lavocedelpaese.info\/wp-content\/uploads\/2011\/09\/festa-democratica-pp.jpg 640w, https:\/\/archiviogioia.lavocedelpaese.info\/wp-content\/uploads\/2011\/09\/festa-democratica-pp-300x141.jpg 300w\" sizes=\"auto, (max-width: 317px) 100vw, 317px\" \/><\/strong><strong>uscito<\/strong> (Segretario Pd Gioia del Colle) <strong>ed Enzo Lavarra <\/strong>(Responsabile Forum Nazionale Agricoltura Pd), <strong>quest\u2019u<\/strong><strong>ltimo<\/strong> \u00e8 <strong>entusiasta del lavoro organizzativo<\/strong> e collettivo del circolo gioiese e <strong>richiama la cittadinanza a rivalutare la politica ridando fiducia a quanti lavorano volontariamente per il bene della citt\u00e0<\/strong>, anche organizzando momenti come quelli della Festa democratica, e che sentono di prendersi cura della comunit\u00e0. \u201c<strong>Non vi deluderemo!<\/strong>\u201d, conclude.<\/p>\n<div style=\"text-align: justify;\"><\/div>\n<p style=\"text-align: right;\">(Ufficio Comunicazione Pd &#8211; Gioia del Colle (BA) &#8211; E-mail <a href=\"mailto:pdgioia@libero.it\">pdgioia@libero.it<\/a>)<\/p>\n","protected":false},"excerpt":{"rendered":"","protected":false},"author":1,"featured_media":0,"comment_status":"open","ping_status":"closed","sticky":false,"template":"","format":"standard","meta":{"colormag_page_container_layout":"default_layout","colormag_page_sidebar_layout":"default_layout","footnotes":""},"categories":[4],"tags":[],"class_list":["post-14451","post","type-post","status-publish","format-standard","hentry","category-politica"],"_links":{"self":[{"href":"https:\/\/archiviogioia.lavocedelpaese.info\/index.php?rest_route=\/wp\/v2\/posts\/14451","targetHints":{"allow":["GET"]}}],"collection":[{"href":"https:\/\/archiviogioia.lavocedelpaese.info\/index.php?rest_route=\/wp\/v2\/posts"}],"about":[{"href":"https:\/\/archiviogioia.lavocedelpaese.info\/index.php?rest_route=\/wp\/v2\/types\/post"}],"author":[{"embeddable":true,"href":"https:\/\/archiviogioia.lavocedelpaese.info\/index.php?rest_route=\/wp\/v2\/users\/1"}],"replies":[{"embeddable":true,"href":"https:\/\/archiviogioia.lavocedelpaese.info\/index.php?rest_route=%2Fwp%2Fv2%2Fcomments&post=14451"}],"version-history":[{"count":0,"href":"https:\/\/archiviogioia.lavocedelpaese.info\/index.php?rest_route=\/wp\/v2\/posts\/14451\/revisions"}],"wp:attachment":[{"href":"https:\/\/archiviogioia.lavocedelpaese.info\/index.php?rest_route=%2Fwp%2Fv2%2Fmedia&parent=14451"}],"wp:term":[{"taxonomy":"category","embeddable":true,"href":"https:\/\/archiviogioia.lavocedelpaese.info\/index.php?rest_route=%2Fwp%2Fv2%2Fcategories&post=14451"},{"taxonomy":"post_tag","embeddable":true,"href":"https:\/\/archiviogioia.lavocedelpaese.info\/index.php?rest_route=%2Fwp%2Fv2%2Ftags&post=14451"}],"curies":[{"name":"wp","href":"https:\/\/api.w.org\/{rel}","templated":true}]}}