{"id":14484,"date":"2011-09-14T05:45:48","date_gmt":"2011-09-14T05:45:48","guid":{"rendered":"https:\/\/archiviogioia.lavocedelpaese.info\/?p=14484"},"modified":"2011-09-14T05:45:48","modified_gmt":"2011-09-14T05:45:48","slug":"iniziative-settimana-europea-mobilita-sostenibile","status":"publish","type":"post","link":"https:\/\/archiviogioia.lavocedelpaese.info\/?p=14484","title":{"rendered":"INIZIATIVE SETTIMANA EUROPEA MOBILITA&#8217; SOSTENIBILE"},"content":{"rendered":"<p><img loading=\"lazy\" decoding=\"async\" alt=\"mobilit-sostenibile-bici-p\" src=\"images\/stories\/mobilit-sostenibile-bici-p.jpg\" height=\"150\" width=\"320\" \/> <\/p>\n<p><!--more--><\/p>\n<p style=\"text-align: justify;\"><strong><img loading=\"lazy\" decoding=\"async\" style=\"margin: 4px; float: left;\" alt=\"mobilita-sostenibile-765\" src=\"images\/stories\/mobilita-sostenibile-765.jpg\" height=\"129\" width=\"300\" \/>La settimana europea per la mobilit\u00e0 sostenibile<\/strong>, che anche quest\u2019anno si terr\u00e0 dal 16 al 22 settembre, deve essere considerata dai cittadini <strong>un\u2019occasione per sperimentare forme di mobilit\u00e0 diverse<\/strong> da quella legate a motorino e automobile.<\/p>\n<div style=\"text-align: justify;\"><\/div>\n<p style=\"text-align: justify;\"><strong>In questa ottica<\/strong> <strong>l&#8217;associazione GioiaInBici<\/strong>, in collaborazione con MTB Gioia, Obbiettivo Gioia, Juve Club, P.A. GioiaSoccorso, <strong>a<\/strong><strong><img loading=\"lazy\" decoding=\"async\" style=\"margin: 4px; float: right;\" alt=\"Mobilit-sostenibile-Courtesy-of-Vaporverde\" src=\"images\/stories\/Mobilit-sostenibile-Courtesy-of-Vaporverde.jpg\" height=\"250\" width=\"250\" \/><\/strong><strong>derisce alla manifestazione europea con una serie di iniziative<\/strong> volte allo sviluppo della cultura della mobilit\u00e0 sostenibile.<\/p>\n<div style=\"text-align: justify;\"><\/div>\n<p style=\"text-align: justify;\"><strong>La prima riguarda lo svolgimento di un \u201cSondaggio\u201d<\/strong>, proposto dalla FIAB, <strong>per conoscere meglio l&#8217;identikit di chi usa la bici in Italia<\/strong>. Per questo, l&#8217;associazione GioiaInBici si fermer\u00e0 con dei <strong>gazebo localizzati nelle piazze Dalla Chiesa e Plebiscito<\/strong> per il rilevamento dei dati e per fornire tutte le informazioni che i nostri concittadini ciclisti ci chiederanno. Questa attivit\u00e0 si svolger\u00e0 <strong>nelle giornate di venerd\u00ec, sabato e domenica<\/strong> p.v.<\/p>\n<div style=\"text-align: justify;\"><\/div>\n<p style=\"text-align: justify;\"><strong>Domenica 18<\/strong>, inoltre, sempre presso piazza Dalla Chiesa, si svolger\u00e0 un <strong>momento ludico per i piccoli ciclisti<\/strong> della nostra citt\u00e0, con la predisposizione di una gimkana che ha come obiettivo insegnare ai piccoli ciclisti a districarsi tra i vari ostacoli che si pongono sulla sede stradale durante l&#8217;utilizzo della bici.<\/p>\n<div style=\"text-align: justify;\"><\/div>\n<p style=\"text-align: justify;\"><strong>La manifestazione continuer\u00e0<\/strong>, partendo da piazza dalla Chiesa alle ore 12,00 <strong>con la c<\/strong><img loading=\"lazy\" decoding=\"async\" class=\" alignright size-full wp-image-10785\" style=\"margin: 4px; float: right;\" alt=\"gioiainbici-295x129\" src=\"https:\/\/archiviogioia.lavocedelpaese.info\/wp-content\/uploads\/2011\/05\/gioiainbici-295x129.jpg\" height=\"129\" width=\"295\" \/><strong>lassica pedalata per le vie cittadine<\/strong>, fino ad arrivare al Centro Sportivo \u201cCaribou\u201d dove si svolger\u00e0 un momento conviviale per i partecipanti alla manifestazione.<\/p>\n<div style=\"text-align: justify;\"><\/div>\n<p style=\"text-align: justify;\">Nel corso della settimana saremo <strong>presenti in vari punti della citt\u00e0 per intervistare chi passa in bici<\/strong>, omaggiando chi si fermer\u00e0 con noi per la collaborazione prestata.<\/p>\n<div style=\"text-align: justify;\"><\/div>\n<p style=\"text-align: justify;\">Domenica 18 settembre 2011 &#8211; <strong>programma delle attivit\u00e0<\/strong>:<\/p>\n<div style=\"text-align: justify;\"><\/div>\n<div style=\"text-align: justify;\"><img loading=\"lazy\" decoding=\"async\" class=\" alignright size-full wp-image-14483\" style=\"margin: 4px; float: right;\" alt=\"bici_parcheggio\" src=\"https:\/\/archiviogioia.lavocedelpaese.info\/wp-content\/uploads\/2011\/09\/bici_parcheggio.jpg\" height=\"142\" width=\"295\" \/>dalle ore 09.00 in piazza Dalla Chiesa &#8211; <strong>punto info<\/strong><\/div>\n<div style=\"text-align: justify;\"><\/div>\n<div style=\"text-align: justify;\">dalle ore 10.00 in piazza Dalla Chiesa &#8211; <strong>percorsi di abilit\u00e0<\/strong> e gimkane x bambini<\/div>\n<div style=\"text-align: justify;\"><\/div>\n<div style=\"text-align: justify;\">dalle ore 12.00 per le vie cittadine &#8211; <strong>pedalata urbana<\/strong> aperta a tutti i cicloamici<\/div>\n<div style=\"text-align: justify;\"><\/div>\n<div style=\"text-align: justify;\">dalle ore 13.00 &#8211; <strong>festa e grigliata<\/strong> finale c\/o Caribou<\/div>\n<div style=\"text-align: justify;\"><\/div>\n<p style=\"text-align: justify;\"><strong>Seguir\u00e0<\/strong> a distanza di quindici giorni <strong>una Conferenza Cittadina sul tema<\/strong> &#8220;PGTU e Mobilit\u00e0 sostenibile a Gioia&#8221;, con l&#8217;analisi dei dati raccolti.<\/p>\n","protected":false},"excerpt":{"rendered":"","protected":false},"author":1,"featured_media":0,"comment_status":"open","ping_status":"closed","sticky":false,"template":"","format":"standard","meta":{"colormag_page_container_layout":"default_layout","colormag_page_sidebar_layout":"default_layout","footnotes":""},"categories":[7],"tags":[],"class_list":["post-14484","post","type-post","status-publish","format-standard","hentry","category-attualita"],"_links":{"self":[{"href":"https:\/\/archiviogioia.lavocedelpaese.info\/index.php?rest_route=\/wp\/v2\/posts\/14484","targetHints":{"allow":["GET"]}}],"collection":[{"href":"https:\/\/archiviogioia.lavocedelpaese.info\/index.php?rest_route=\/wp\/v2\/posts"}],"about":[{"href":"https:\/\/archiviogioia.lavocedelpaese.info\/index.php?rest_route=\/wp\/v2\/types\/post"}],"author":[{"embeddable":true,"href":"https:\/\/archiviogioia.lavocedelpaese.info\/index.php?rest_route=\/wp\/v2\/users\/1"}],"replies":[{"embeddable":true,"href":"https:\/\/archiviogioia.lavocedelpaese.info\/index.php?rest_route=%2Fwp%2Fv2%2Fcomments&post=14484"}],"version-history":[{"count":0,"href":"https:\/\/archiviogioia.lavocedelpaese.info\/index.php?rest_route=\/wp\/v2\/posts\/14484\/revisions"}],"wp:attachment":[{"href":"https:\/\/archiviogioia.lavocedelpaese.info\/index.php?rest_route=%2Fwp%2Fv2%2Fmedia&parent=14484"}],"wp:term":[{"taxonomy":"category","embeddable":true,"href":"https:\/\/archiviogioia.lavocedelpaese.info\/index.php?rest_route=%2Fwp%2Fv2%2Fcategories&post=14484"},{"taxonomy":"post_tag","embeddable":true,"href":"https:\/\/archiviogioia.lavocedelpaese.info\/index.php?rest_route=%2Fwp%2Fv2%2Ftags&post=14484"}],"curies":[{"name":"wp","href":"https:\/\/api.w.org\/{rel}","templated":true}]}}