{"id":14511,"date":"2011-09-15T06:00:07","date_gmt":"2011-09-15T06:00:07","guid":{"rendered":"https:\/\/archiviogioia.lavocedelpaese.info\/?p=14511"},"modified":"2011-09-15T06:00:07","modified_gmt":"2011-09-15T06:00:07","slug":"gioiese-miracolato-dalla-madonna-di-medjugorje","status":"publish","type":"post","link":"https:\/\/archiviogioia.lavocedelpaese.info\/?p=14511","title":{"rendered":"GIOIESE MIRACOLATO DALLA MADONNA DI MEDJUGORJE"},"content":{"rendered":"<p><img loading=\"lazy\" decoding=\"async\" class=\" size-full wp-image-14497\" alt=\"miracolo-a-gioia-madonna-pp\" src=\"https:\/\/archiviogioia.lavocedelpaese.info\/wp-content\/uploads\/2011\/09\/miracolo-a-gioia-madonna-pp.jpg\" height=\"150\" width=\"320\" srcset=\"https:\/\/archiviogioia.lavocedelpaese.info\/wp-content\/uploads\/2011\/09\/miracolo-a-gioia-madonna-pp.jpg 640w, https:\/\/archiviogioia.lavocedelpaese.info\/wp-content\/uploads\/2011\/09\/miracolo-a-gioia-madonna-pp-300x141.jpg 300w\" sizes=\"auto, (max-width: 320px) 100vw, 320px\" \/><\/p>\n<p><!--more--><\/p>\n<p style=\"text-align: justify;\"><strong><img loading=\"lazy\" decoding=\"async\" class=\" alignleft size-full wp-image-14498\" style=\"margin: 4px; float: left;\" alt=\"miracolato-in-carrozzella\" src=\"https:\/\/archiviogioia.lavocedelpaese.info\/wp-content\/uploads\/2011\/09\/miracolato-in-carrozzella.jpg\" height=\"213\" width=\"320\" srcset=\"https:\/\/archiviogioia.lavocedelpaese.info\/wp-content\/uploads\/2011\/09\/miracolato-in-carrozzella.jpg 472w, https:\/\/archiviogioia.lavocedelpaese.info\/wp-content\/uploads\/2011\/09\/miracolato-in-carrozzella-300x200.jpg 300w\" sizes=\"auto, (max-width: 320px) 100vw, 320px\" \/>7 settembre del 2002.<\/strong> <strong>Giuseppe Capodiferro<\/strong>, <strong>come ogni giorno, si reca al lavoro<\/strong>. Ha sessanta anni ed \u00e8 ancor pieno di energia, in famiglia il suo contributo \u00e8 indispensabile. L\u2019agilit\u00e0 di giovane carpentiere, ora che \u00e8 alle soglie della pensione, \u00e8 sostituita dall\u2019esperienza, <strong>non teme l\u2019altezza<\/strong> n\u00e9 ha mai sofferto di vertigini.<\/p>\n<p style=\"text-align: justify;\"><strong>Alle 7.30 un incidente cambia il corso della sua vita<\/strong>. Cade dall\u2019impalcatura su cui \u00e8 salito per lavorare ed \u00e8 <strong>vittima di un triplice trauma cranico che lo porter\u00e0 su una sedia a rotelle<\/strong>.<\/p>\n<p style=\"text-align: justify;\"><strong>Il calvario ha inizio!<\/strong> Non \u00e8 facile accettare ed affrontare la realt\u00e0 di dover convivere per sempre con una cos\u00ec grave e devastante infermit\u00e0,<strong><img loading=\"lazy\" decoding=\"async\" class=\" alignright size-full wp-image-14500\" style=\"margin: 4px; float: right;\" alt=\"francesca miracolo\" src=\"https:\/\/archiviogioia.lavocedelpaese.info\/wp-content\/uploads\/2011\/09\/francesca_miracolo.jpg\" height=\"219\" width=\"170\" srcset=\"https:\/\/archiviogioia.lavocedelpaese.info\/wp-content\/uploads\/2011\/09\/francesca_miracolo.jpg 266w, https:\/\/archiviogioia.lavocedelpaese.info\/wp-content\/uploads\/2011\/09\/francesca_miracolo-233x300.jpg 233w\" sizes=\"auto, (max-width: 170px) 100vw, 170px\" \/><\/strong> soprattutto se <strong>non vi \u00e8 speranza di guarigione<\/strong>, se si \u00e8 l\u2019unica fonte di reddito per la famiglia e i figli, con le loro famiglie, vivono lontano da casa.<\/p>\n<p style=\"text-align: justify;\"><strong>Francesca<\/strong>, <strong>sua moglie<\/strong>, <strong>lo accudisce con amore e tanto coraggio<\/strong>, il suo affetto \u00e8 profondo. Giuseppe era davvero un bel ragazzo e aveva vent\u2019anni, quando si innamor\u00f2 di lei. &nbsp;Quattordicenne, mora con gli occhi azzurri e bella come un fiore, Francesca era una delle fanciulle pi\u00f9 graziose del quartiere del Sacro Cuore. <strong>Nel suo sguardo ieri ed ancor oggi determinazione<\/strong>, intraprendenza e ottimismo, <strong>qualit\u00e0 che la sosterranno non poco nelle avversit\u00e0<\/strong>.<\/p>\n<p style=\"text-align: justify;\">Francesca <strong>non lo abbandona un istante<\/strong>, <strong>la sua missione \u00e8 aiutarlo a vivere la disabilit\u00e0 nel pi\u00f9 confortevole dei modi<\/strong>. Lo porta a passeggio sulla sedia a rotelle, lo rende partecipe di ogni evento, <strong>condivide tutto con lui<\/strong>, nonostante i segni della caduta rendano difficile anche le pi\u00f9 semplici azioni quotidiane e persino il comunicare.<\/p>\n<p style=\"text-align: justify;\"><strong><img loading=\"lazy\" decoding=\"async\" class=\" alignleft size-full wp-image-14502\" style=\"margin: 4px; float: left;\" alt=\"madonna-di-medjugorje statua\" src=\"https:\/\/archiviogioia.lavocedelpaese.info\/wp-content\/uploads\/2011\/09\/madonna-di-medjugorje_statua.jpg\" height=\"266\" width=\"200\" srcset=\"https:\/\/archiviogioia.lavocedelpaese.info\/wp-content\/uploads\/2011\/09\/madonna-di-medjugorje_statua.jpg 413w, https:\/\/archiviogioia.lavocedelpaese.info\/wp-content\/uploads\/2011\/09\/madonna-di-medjugorje_statua-225x300.jpg 225w\" sizes=\"auto, (max-width: 200px) 100vw, 200px\" \/>L\u2019incidente ha leso alcune aree cerebrali<\/strong>. Giuseppe \u00e8 in preda a un continuo tremore, parla con difficolt\u00e0, <strong>pu\u00f2 far ben poco da solo e il suo stato di salute \u00e8 destinato a peggiorare<\/strong> nel tempo, negandogli anche il pi\u00f9 piccolo barlume di autonomia.<\/p>\n<p style=\"text-align: justify;\"><strong>Il piccolo appartamento in cui vivono non ha ascensore<\/strong>, \u00e8 necessario dotare la scalinata di un costoso montacarichi, una delle tante spese che chi vive nella disabilit\u00e0 deve mettere in bilancio, al pari di mille altri disagi. <strong>Trascorrono cos\u00ec<\/strong>, tra alti e bassi, lotte per veder rispettati i propri diritti e qualche disillusione, <strong>nove anni<\/strong>.<\/p>\n<p style=\"text-align: justify;\"><strong>La forza d\u2019animo e la fede non abbandonano Francesca<\/strong>, <strong>ma<\/strong> un timore si insinua nel suo animo. <strong>Se non dovesse star bene, chi accudir\u00e0 Giuseppe?<\/strong> Alla stanchezza fisica e psicologica <strong>subentra<\/strong> lo sconforto e con esso <strong>un desiderio<\/strong>: <strong>recarsi a Medjugorje per pregare e chiedere aiuto alla Santa Mamma, alla Madonna<\/strong>.<\/p>\n<p style=\"text-align: justify;\"><strong><img loading=\"lazy\" decoding=\"async\" class=\" alignright size-full wp-image-14503\" style=\"margin: 4px; float: right;\" alt=\"miracolo medjugorie\" src=\"https:\/\/archiviogioia.lavocedelpaese.info\/wp-content\/uploads\/2011\/09\/miracolo_medjugorie.jpg\" height=\"225\" width=\"300\" srcset=\"https:\/\/archiviogioia.lavocedelpaese.info\/wp-content\/uploads\/2011\/09\/miracolo_medjugorie.jpg 1600w, https:\/\/archiviogioia.lavocedelpaese.info\/wp-content\/uploads\/2011\/09\/miracolo_medjugorie-300x225.jpg 300w, https:\/\/archiviogioia.lavocedelpaese.info\/wp-content\/uploads\/2011\/09\/miracolo_medjugorie-1024x768.jpg 1024w, https:\/\/archiviogioia.lavocedelpaese.info\/wp-content\/uploads\/2011\/09\/miracolo_medjugorie-768x576.jpg 768w, https:\/\/archiviogioia.lavocedelpaese.info\/wp-content\/uploads\/2011\/09\/miracolo_medjugorie-1536x1152.jpg 1536w\" sizes=\"auto, (max-width: 300px) 100vw, 300px\" \/>Francesca prende contatto con chi organizza pellegrinaggi<\/strong>, ma il gruppo gioiese non si forma. Le consigliano di contattare una associazione di Adelfia. Un gioiese che lavora presso l\u2019Acquedotto pugliese ne fa parte, partiranno insieme per raggiungere il porto di Bari e salpare sul traghetto.<\/p>\n<p style=\"text-align: justify;\"><strong>Il 1\u00b0 settembre giungono a Medjugorje, il 2 \u00e8 prevista la visita nel mistico luogo in cui la Madonna apparve ai veggenti<\/strong>, la collina delle apparizioni a ridosso del villaggio di Podbrdo a Bijakov. <strong>Francesca accompagna Giuseppe<\/strong>, <strong>seduto sull\u2019ormai inseparabile sedia a rotelle<\/strong>, sotto un albero, all\u2019ombra. Da l\u00ec pu\u00f2 osservare la collina. <strong>Gli raccomanda di star tranquillo e pregare<\/strong>, per lui sarebbe estremamente faticoso seguire i fedeli.<\/p>\n<p style=\"text-align: justify;\"><strong><img loading=\"lazy\" decoding=\"async\" class=\" alignleft size-full wp-image-14505\" style=\"margin: 4px; float: left;\" alt=\"miracolo madonna\" src=\"https:\/\/archiviogioia.lavocedelpaese.info\/wp-content\/uploads\/2011\/09\/miracolo_madonna.jpg\" height=\"225\" width=\"300\" srcset=\"https:\/\/archiviogioia.lavocedelpaese.info\/wp-content\/uploads\/2011\/09\/miracolo_madonna.jpg 1600w, https:\/\/archiviogioia.lavocedelpaese.info\/wp-content\/uploads\/2011\/09\/miracolo_madonna-300x225.jpg 300w, https:\/\/archiviogioia.lavocedelpaese.info\/wp-content\/uploads\/2011\/09\/miracolo_madonna-1024x768.jpg 1024w, https:\/\/archiviogioia.lavocedelpaese.info\/wp-content\/uploads\/2011\/09\/miracolo_madonna-768x576.jpg 768w, https:\/\/archiviogioia.lavocedelpaese.info\/wp-content\/uploads\/2011\/09\/miracolo_madonna-1536x1152.jpg 1536w\" sizes=\"auto, (max-width: 300px) 100vw, 300px\" \/>Francesca si unisce ai devoti<\/strong>, <strong>raggiunge il luogo santo<\/strong> su cui si erge la statua di Maria con una mano sul cuore e l\u2019altra tesa ai pellegrini. <strong>Prega intensamente<\/strong> affinch\u00e9 le sia data la forza di sostenere il peso della sua croce, prega <strong>per Giuseppe, per i malati, soprattutto per i bambini<\/strong> e le loro famiglie e per tutti coloro che hanno bisogno di aiuto ma non sanno pregare.<\/p>\n<p style=\"text-align: justify;\">Alza gli occhi al cielo, \u00e8 terso, di un azzurro intenso. Si raccoglie, <strong>prega con rinnovato fervore, ad occhi chiusi<\/strong>. Li riapre per rivolgere uno sguardo struggente alla statua della Madonna, la dolcezza soffusa sul volto marmoreo \u00e8 balsamo per il suo cuore e le dona speranza. Su di essa vi \u00e8 una piccola nuvola. Diviene pi\u00f9 grande, sembra quasi una aureola.<\/p>\n<p style=\"text-align: justify;\"><strong><img loading=\"lazy\" decoding=\"async\" class=\" alignright size-full wp-image-14506\" style=\"margin: 4px; float: right;\" alt=\"miracolo medjugorie2\" src=\"https:\/\/archiviogioia.lavocedelpaese.info\/wp-content\/uploads\/2011\/09\/miracolo_medjugorie2.JPG\" height=\"225\" width=\"300\" srcset=\"https:\/\/archiviogioia.lavocedelpaese.info\/wp-content\/uploads\/2011\/09\/miracolo_medjugorie2.JPG 1024w, https:\/\/archiviogioia.lavocedelpaese.info\/wp-content\/uploads\/2011\/09\/miracolo_medjugorie2-300x225.jpg 300w, https:\/\/archiviogioia.lavocedelpaese.info\/wp-content\/uploads\/2011\/09\/miracolo_medjugorie2-768x576.jpg 768w\" sizes=\"auto, (max-width: 300px) 100vw, 300px\" \/>Continua a pregare, pian piano un presagio di pace le pervade mente e cuore<\/strong> e seda i suoi crucci. <strong>Torna a guardare il cielo, la nuvola ha assunto l\u2019immagine della Madonna<\/strong>, ha le braccia aperte e sembra sorridere. Dalla mano destra pende un rosario. Francesca \u00e8 in estasi, \u00e8 una visione della Mamma Celeste! Una bimba a lei vicina dice alla sua mamma: \u201cGuarda, la Madonnina!\u201d. <strong>Non \u00e8 la sola a vedere<\/strong>.<\/p>\n<p style=\"text-align: justify;\"><strong>Torna da Giuseppe, una fiammella le danza nel cuore<\/strong>. Gli racconta di aver visto la Madonna e dell\u2019immensa gioia vissuta. Tornano in albergo. <strong>Il giorno dopo raggiunge la croce in cemento alta otto metri<\/strong>, posizionata sul monte Krizevac. Affronta l\u2019estenuante via Crucis, le ripide salite e i ciottoli levigati dal tempo <img loading=\"lazy\" decoding=\"async\" class=\" alignleft size-full wp-image-14507\" style=\"margin: 4px; float: left;\" alt=\"Sedia a rotelle Xin--400x300\" src=\"https:\/\/archiviogioia.lavocedelpaese.info\/wp-content\/uploads\/2011\/09\/Sedia_a_rotelle_Xin-400x300.jpg\" height=\"225\" width=\"300\" srcset=\"https:\/\/archiviogioia.lavocedelpaese.info\/wp-content\/uploads\/2011\/09\/Sedia_a_rotelle_Xin-400x300.jpg 400w, https:\/\/archiviogioia.lavocedelpaese.info\/wp-content\/uploads\/2011\/09\/Sedia_a_rotelle_Xin-400x300-300x225.jpg 300w\" sizes=\"auto, (max-width: 300px) 100vw, 300px\" \/>e dalle lacrime dei fedeli, <strong>si inerpica con l\u2019aiuto di un bastone<\/strong>, indossa il cappellino bianco di Giuseppe, non ha portato con s\u00e9 l\u2019acqua e ha tanta sete. <strong>Raggiunta la meta prega con la stessa intensit\u00e0 del primo giorno<\/strong>, poi lascia il cappellino e il bastone dietro la croce, sente di non averne pi\u00f9 bisogno.<\/p>\n<p style=\"text-align: justify;\"><strong>7 settembre 2011.<\/strong> <strong>Francesca e Giuseppe si svegliano all\u2019alba, alle 5.30<\/strong>. E\u2019 ancora presto, l\u2019accompagnatore verr\u00e0 dopo le 7, \u00e8 il giorno del ritorno a casa. <strong>Francesca propone a Giuseppe di andare nella Chiesa di San Giacomo<\/strong> per un ultimo saluto alla Madonna. Esce dalla stanza spingendo la sedia a rotelle nel corridoio dell\u2019albergo Regina, distante poche decine di metri dal santuario. <strong>Si distrae nel riporre le sue cose<\/strong>, <strong>volge lo sguardo a Giuseppe<\/strong><img loading=\"lazy\" decoding=\"async\" class=\" alignright size-full wp-image-14509\" style=\"margin: 4px; float: right;\" alt=\"giuseppe-e-francesca\" src=\"https:\/\/archiviogioia.lavocedelpaese.info\/wp-content\/uploads\/2011\/09\/giuseppe-e-francesca.jpg\" height=\"300\" width=\"230\" srcset=\"https:\/\/archiviogioia.lavocedelpaese.info\/wp-content\/uploads\/2011\/09\/giuseppe-e-francesca.jpg 362w, https:\/\/archiviogioia.lavocedelpaese.info\/wp-content\/uploads\/2011\/09\/giuseppe-e-francesca-230x300.jpg 230w\" sizes=\"auto, (max-width: 230px) 100vw, 230px\" \/><strong> ed esterrefatta lo vede alzarsi e camminare speditamente verso l\u2019uscita<\/strong>. <strong>Non crede ai suoi occhi<\/strong>, lo raggiunge, lo afferra, teme possa cadere, ma lui tranquillo procede verso l\u2019ingresso per andare a pregare in chiesa.<\/p>\n<p style=\"text-align: justify;\"><strong>Sono le 7.30, sono passati esattamente nove anni dal tragico incidente<\/strong>.<\/p>\n<p style=\"text-align: justify;\"><strong>Francesca esulta, sa di essere al cospetto di un evento miracoloso<\/strong>, vuol condividere con tutti la gioia di questo momento e invita i compagni di viaggio ad uscire dalle loro stanze. <strong>Giuseppe \u00e8 l\u00ec, in piedi e cammina! In chiesa si inginocchia da solo davanti all\u2019altare e prega, tra la commozione di tutti i presenti<\/strong>.<\/p>\n<p style=\"text-align: justify;\">Il ritorno a casa si svolge in un\u2019atmosfera di sogno. &nbsp;<strong>Figli e nipoti in lacrime abbracciano Giuseppe e Francesca<\/strong>. La commozione attanaglia anche <strong>il dottore di famiglia<\/strong>, <strong>Salvatore Favale<\/strong> che &#8211; invitato a far visita all\u2019ammalato &#8211; <strong>lo vede alzarsi e andargli incontro con un sorriso<\/strong>.<\/p>\n<p style=\"text-align: justify;\"><strong>Nei giorni seguenti i vicini di casa assistono increduli<\/strong> alle \u201cpasseggiate\u201d di Giuseppe e Francesca, che pur non rinuncia a farlo sedere in carrozzina p<strong><img loading=\"lazy\" decoding=\"async\" class=\" alignleft size-full wp-image-14510\" style=\"margin: 4px; float: left;\" alt=\"giuseppe-francesca-amici\" src=\"https:\/\/archiviogioia.lavocedelpaese.info\/wp-content\/uploads\/2011\/09\/giuseppe-francesca-amici.jpg\" height=\"333\" width=\"220\" srcset=\"https:\/\/archiviogioia.lavocedelpaese.info\/wp-content\/uploads\/2011\/09\/giuseppe-francesca-amici.jpg 312w, https:\/\/archiviogioia.lavocedelpaese.info\/wp-content\/uploads\/2011\/09\/giuseppe-francesca-amici-198x300.jpg 198w\" sizes=\"auto, (max-width: 220px) 100vw, 220px\" \/><\/strong>er i tragitti pi\u00f9 lunghi. <strong>E\u2019 festa<\/strong> nel Centro di Ascolto di cui Francesca \u00e8 volontaria, ancor di pi\u00f9 nell\u2019associazione in cui Giuseppe trascorre parte della giornata e tra pochi giorni anche nella&nbsp;<strong>Parrocchia del Sacro Cuore<\/strong>, quando tutta la comunit\u00e0 si riunir\u00e0 attorno a loro.<\/p>\n<p style=\"text-align: justify;\">Lo stesso <strong>Paolo Brosio<\/strong>, mediatico testimonial di Medjugorje, al corrente della guarigione, <strong>verr\u00e0 a Gioia per salutare Giuseppe e Francesca<\/strong>. <strong>Mentre passeggiano<\/strong> <strong>in<\/strong> <strong>Piazza Dalla Chiesa<\/strong>, salutati da amici e conoscenti, <strong>i due coniugi sorridono e tenendosi per mano affrontano il futuro<\/strong>, passo dopo passo, consapevoli che la vita, seppur lastricata di inevitabili insidie, va vissuta con gioia e speranza.<\/p>\n<p style=\"text-align: justify;\"><strong>Anche le pi\u00f9 strazianti ferite inferte da inesplicabili fatalit\u00e0 possono rivelarsi strumento divino<\/strong> per rinvigorire affetti, valori familiari e tiepide fedi, non ancora temprate nel rovente crogiuolo della sofferenza. <strong>Un messaggio di speranza per tutti<\/strong> coloro che credono e soprattutto per quanti negano i prodigi della fede, pietrificati da scettiche certezze.<\/p>\n<div style=\"text-align: right;\">(Scatti fotografici gioiesi a cura di Donato Stoppini)<\/div>\n","protected":false},"excerpt":{"rendered":"","protected":false},"author":1,"featured_media":14497,"comment_status":"open","ping_status":"closed","sticky":false,"template":"","format":"standard","meta":{"colormag_page_container_layout":"default_layout","colormag_page_sidebar_layout":"default_layout","footnotes":""},"categories":[7],"tags":[],"class_list":["post-14511","post","type-post","status-publish","format-standard","has-post-thumbnail","hentry","category-attualita"],"_links":{"self":[{"href":"https:\/\/archiviogioia.lavocedelpaese.info\/index.php?rest_route=\/wp\/v2\/posts\/14511","targetHints":{"allow":["GET"]}}],"collection":[{"href":"https:\/\/archiviogioia.lavocedelpaese.info\/index.php?rest_route=\/wp\/v2\/posts"}],"about":[{"href":"https:\/\/archiviogioia.lavocedelpaese.info\/index.php?rest_route=\/wp\/v2\/types\/post"}],"author":[{"embeddable":true,"href":"https:\/\/archiviogioia.lavocedelpaese.info\/index.php?rest_route=\/wp\/v2\/users\/1"}],"replies":[{"embeddable":true,"href":"https:\/\/archiviogioia.lavocedelpaese.info\/index.php?rest_route=%2Fwp%2Fv2%2Fcomments&post=14511"}],"version-history":[{"count":0,"href":"https:\/\/archiviogioia.lavocedelpaese.info\/index.php?rest_route=\/wp\/v2\/posts\/14511\/revisions"}],"wp:featuredmedia":[{"embeddable":true,"href":"https:\/\/archiviogioia.lavocedelpaese.info\/index.php?rest_route=\/wp\/v2\/media\/14497"}],"wp:attachment":[{"href":"https:\/\/archiviogioia.lavocedelpaese.info\/index.php?rest_route=%2Fwp%2Fv2%2Fmedia&parent=14511"}],"wp:term":[{"taxonomy":"category","embeddable":true,"href":"https:\/\/archiviogioia.lavocedelpaese.info\/index.php?rest_route=%2Fwp%2Fv2%2Fcategories&post=14511"},{"taxonomy":"post_tag","embeddable":true,"href":"https:\/\/archiviogioia.lavocedelpaese.info\/index.php?rest_route=%2Fwp%2Fv2%2Ftags&post=14511"}],"curies":[{"name":"wp","href":"https:\/\/api.w.org\/{rel}","templated":true}]}}