{"id":14528,"date":"2011-09-17T06:10:53","date_gmt":"2011-09-17T06:10:53","guid":{"rendered":"https:\/\/archiviogioia.lavocedelpaese.info\/?p=14528"},"modified":"2011-09-17T06:10:53","modified_gmt":"2011-09-17T06:10:53","slug":"lidv-in-piazza-firma-e-cancella-gli-sprechi-2","status":"publish","type":"post","link":"https:\/\/archiviogioia.lavocedelpaese.info\/?p=14528","title":{"rendered":"L\u2019IDV IN PIAZZA: \u201cFIRMA E CANCELLA GLI SPRECHI\u201d"},"content":{"rendered":"<p><img loading=\"lazy\" decoding=\"async\" alt=\"Referendum-anti-porcata-pro\" src=\"images\/stories\/Referendum-anti-porcata-pro.jpg\" height=\"150\" width=\"320\" \/> <\/p>\n<p><!--more--><\/p>\n<p style=\"text-align: justify;\"><strong><img loading=\"lazy\" decoding=\"async\" style=\"margin: 4px; float: left;\" alt=\"referendum-anti-porcellum-e-legge-abolizione-province-idv\" src=\"images\/stories\/referendum-anti-porcellum-e-legge-abolizione-province-idv.jpg\" height=\"400\" width=\"280\" \/>Dopo il grande successo ottenuto a giugno<\/strong>, con l&#8217;approvazione dei quattro referendum abrogativi, <strong>l\u2019IDV ha deciso di sostenere<\/strong> <strong>una nuova battaglia a sostegno dei cittadini<\/strong>, attraverso la raccolta firme per abrogare l&#8217;attuale legge elettorale e per eliminare le province.<\/p>\n<div style=\"text-align: justify;\"><\/div>\n<p style=\"text-align: justify;\"><strong>Una firma per<\/strong> <strong>cancellare la legge elettorale<\/strong> che ha rubato ai cittadini il diritto di scegliere chi dovr\u00e0 rappresentarli. <strong>Oggi<\/strong>, in Italia, <strong>gli elettori non possono decidere<\/strong> chi mandare in Parlamento. Le scelte sono lasciate ai partiti, che premiano cos\u00ec i pi\u00f9 fedeli e obbedienti, certo non i pi\u00f9 capaci.\u00a0<strong>La Casta non canceller\u00e0 mai una legge che la rende onnipotente<\/strong>. Lo devono fare i cittadini con il referendum. Potremo cos\u00ec tornare a un voto in cui il popolo scelga davvero i propri rappresentanti in Parlamento ed il governo del Paese.<\/p>\n<div style=\"text-align: justify;\"><\/div>\n<p style=\"text-align: justify;\"><strong>Una firma per<\/strong> presentare un disegno di legge di iniziativa popolare e <strong>cancellare la parola \u201cProvince\u201d dalla Costituzione<\/strong>. Oggi in Italia ci sono pi\u00f9 di <strong>110 Province, un \u201ccarrozzone\u201d obsoleto che serve solo a far crescere gli sprechi della politica e le poltrone<\/strong>.\u00a0Sono 40 anni che tutti dicono di volerle eliminare, ma nessuno si fa carico di iniziative concrete. In campagna elettorale tutti i partiti si dicono concordi, ma poi nulla si muove. <strong>Non possiamo pi\u00f9 aspettare<\/strong>: la crisi non pu\u00f2 c<img loading=\"lazy\" decoding=\"async\" style=\"margin: 4px; float: right;\" alt=\"Referendum-elettorale-e-legge-popolare-IDV\" src=\"images\/stories\/Referendum-elettorale-e-legge-popolare-IDV.jpg\" height=\"205\" width=\"250\" \/>olpire ulteriormente i cittadini senza toccare i privilegi della Casta.<\/p>\n<div style=\"text-align: justify;\"><\/div>\n<p style=\"text-align: justify;\">Per questo il circolo <strong>IDV <\/strong>Gioia del Colle sar\u00e0 presente in <strong>via Roma sabato 17 e domenica 18 settembre<\/strong> dalle ore 18:00 alle 22:00.<\/p>\n<div style=\"text-align: justify;\"><\/div>\n<p style=\"text-align: justify;\"><strong>Firma e cancella gli sprechi<\/strong>!<\/p>\n<div style=\"text-align: justify;\"><\/div>\n<p style=\"text-align: right;\"><strong>Segreteria IDV<\/strong> &#8211; tel. 328.2486.232 &#8211; <a href=\"http:\/\/www.idvgioiadelcolle.it\/\" target=\"_blank\" rel=\"noopener\">www.idvgioiadelcolle.it<\/a><\/p>\n","protected":false},"excerpt":{"rendered":"","protected":false},"author":1,"featured_media":0,"comment_status":"open","ping_status":"closed","sticky":false,"template":"","format":"standard","meta":{"colormag_page_container_layout":"default_layout","colormag_page_sidebar_layout":"default_layout","footnotes":""},"categories":[4],"tags":[],"class_list":["post-14528","post","type-post","status-publish","format-standard","hentry","category-politica"],"_links":{"self":[{"href":"https:\/\/archiviogioia.lavocedelpaese.info\/index.php?rest_route=\/wp\/v2\/posts\/14528","targetHints":{"allow":["GET"]}}],"collection":[{"href":"https:\/\/archiviogioia.lavocedelpaese.info\/index.php?rest_route=\/wp\/v2\/posts"}],"about":[{"href":"https:\/\/archiviogioia.lavocedelpaese.info\/index.php?rest_route=\/wp\/v2\/types\/post"}],"author":[{"embeddable":true,"href":"https:\/\/archiviogioia.lavocedelpaese.info\/index.php?rest_route=\/wp\/v2\/users\/1"}],"replies":[{"embeddable":true,"href":"https:\/\/archiviogioia.lavocedelpaese.info\/index.php?rest_route=%2Fwp%2Fv2%2Fcomments&post=14528"}],"version-history":[{"count":0,"href":"https:\/\/archiviogioia.lavocedelpaese.info\/index.php?rest_route=\/wp\/v2\/posts\/14528\/revisions"}],"wp:attachment":[{"href":"https:\/\/archiviogioia.lavocedelpaese.info\/index.php?rest_route=%2Fwp%2Fv2%2Fmedia&parent=14528"}],"wp:term":[{"taxonomy":"category","embeddable":true,"href":"https:\/\/archiviogioia.lavocedelpaese.info\/index.php?rest_route=%2Fwp%2Fv2%2Fcategories&post=14528"},{"taxonomy":"post_tag","embeddable":true,"href":"https:\/\/archiviogioia.lavocedelpaese.info\/index.php?rest_route=%2Fwp%2Fv2%2Ftags&post=14528"}],"curies":[{"name":"wp","href":"https:\/\/api.w.org\/{rel}","templated":true}]}}