{"id":14567,"date":"2011-09-19T18:08:10","date_gmt":"2011-09-19T18:08:10","guid":{"rendered":"https:\/\/archiviogioia.lavocedelpaese.info\/?p=14567"},"modified":"2011-09-19T18:08:10","modified_gmt":"2011-09-19T18:08:10","slug":"distilleria-cassano-cavallo-travolge-spettatori","status":"publish","type":"post","link":"https:\/\/archiviogioia.lavocedelpaese.info\/?p=14567","title":{"rendered":"DISTILLERIA CASSANO: CAVALLO TRAVOLGE SPETTATORI"},"content":{"rendered":"<p><img loading=\"lazy\" decoding=\"async\" alt=\"cavallo-imbizzarrito-pp\" src=\"images\/stories\/cavallo-imbizzarrito-pp.jpg\" height=\"150\" width=\"320\" \/> <\/p>\n<p><!--more--><\/p>\n<p style=\"text-align: justify;\"><img loading=\"lazy\" decoding=\"async\" style=\"margin: 4px; float: left;\" alt=\"cavalloagricoloitaliano1\" src=\"images\/stories\/cavalloagricoloitaliano1.jpg\" height=\"199\" width=\"248\" \/>Da pi\u00f9 parti si parla di<strong> tragedia sfiorata<\/strong> <strong>nel corso della manifestazione equina tenutasi<\/strong> <strong>nel pomeriggio di sabato 17<\/strong> settembre, <strong>presso la Distilleria Cassano<\/strong>, nel bel mezzo della presentazione dei cavalli Haflinger e la dimostrazione di maneggevolezza con carrozza maratona. <strong>Sembrerebbe<\/strong> (il condizionale \u00e8 d\u2019obbligo in questa circostanza data l\u2019impossibilit\u00e0 di poter verificare con fonti ufficiali le notizie che si sono accavallate e giunte presso la nostra redazione), <strong>che un cavallo<\/strong> TPR, per cause non ancora accertate, si sia imbizzarrito, lanciandosi poi in una folle corsa in cui <strong>ha travolto alcuni spettatori che assistevano<\/strong> <strong>allo spettacolo<\/strong> a qualche decina di metri di distanza.<\/p>\n<div style=\"text-align: justify;\"><\/div>\n<p style=\"text-align: justify;\"><strong><img loading=\"lazy\" decoding=\"async\" style=\"margin: 4px; float: right;\" alt=\"mostra-cavalli\" src=\"images\/stories\/mostra-cavalli.jpg\" height=\"210\" width=\"257\" \/>Al riguardo vi proponiamo la testimonianza scritta da una lettrice, L.M.<\/strong>, pervenuta in Redazione a seguito di una nostra precisa richiesta, rivolta ai testimoni oculari, di <strong>fare chiarezza in merito all\u2019accaduto<\/strong>.<\/p>\n<div style=\"text-align: justify;\"><\/div>\n<p style=\"text-align: justify;\">\u201c<strong>Eravamo tutti \u00a0l\u00ec a vedere\u00a0lo spettacolo con i \u00a0cavalli,<\/strong> <strong>ad un certo punto un carro enorme<\/strong> di legno\u00a0con le ruote di un camion, <strong>trainato da un cavallo enorme<\/strong> (parcheggiato tra gli spettatori semplicemente per &#8220;far vedere il cavallo&#8221;), <strong>si \u00e8 diretto verso gli spettatori travolgendo tutto quello che trovava davanti a s\u00e9<\/strong>.<\/p>\n<div style=\"text-align: justify;\"><\/div>\n<p style=\"text-align: justify;\"><strong>Gente, bambini, transenne, panche, ovviamente c&#8217;\u00e8 stato il panico<\/strong>, il terrore, <strong>un sacco di urla<\/strong>, mamme che cercavano i loro bambini rimasti sotto il carro, <strong>gente che scappava<\/strong>, terrore sui volti di tutti.<strong><img loading=\"lazy\" decoding=\"async\" class=\" alignleft size-full wp-image-3717\" style=\"margin: 4px; float: left;\" alt=\"cavalli-fiera\" src=\"https:\/\/archiviogioia.lavocedelpaese.info\/wp-content\/uploads\/2010\/08\/cavalli-fiera.jpg\" height=\"186\" width=\"231\" \/><\/strong><\/p>\n<div style=\"text-align: justify;\"><\/div>\n<p style=\"text-align: justify;\"><strong>Il cavallo prima della tragedia era l\u00ec da un\u2019oretta<\/strong>, <strong>apparentemente tranquillo<\/strong>, che si faceva fotografare, <strong>intorno il rumore assordante della musica<\/strong>, bambini che andavano vicino per fotografarlo, per toccarlo. <strong>Ad un certo punto la tragedia.  Io ed il mio gruppo eravamo proprio l\u00ec.<\/strong><\/p>\n<div style=\"text-align: justify;\"><\/div>\n<p style=\"text-align: justify;\"><strong>Io sono stata solo sfiorata per miracolo<\/strong>, <strong>tre miei amici travolti<\/strong> <strong>ma<\/strong> anche loro <strong>illesi per puro caso<\/strong>, mentre <strong>un&#8217;altra amica<\/strong> del mio gruppo travolta dal carro <strong>\u00e8 caduta ed ora ha il gesso alla caviglia<\/strong> perch\u00e9 il carro \u00e8 passato sopra la sua gamba, per fortuna se l&#8217;\u00e8 cavata con una piccola frattura, anche grazie ad un signor<strong><img loading=\"lazy\" decoding=\"async\" class=\" alignright size-full wp-image-4828\" style=\"margin: 4px; float: right;\" alt=\"118_1\" src=\"https:\/\/archiviogioia.lavocedelpaese.info\/wp-content\/uploads\/2010\/10\/118_1.jpg\" height=\"170\" width=\"227\" \/><\/strong>e sconosciuto che l&#8217;ha tirata a s\u00e9, evitando che venisse travolta in pieno.<\/p>\n<p style=\"text-align: justify;\"><strong>Sul luogo sono poi arrivate due ambulanze per prestare soccorso<\/strong>, noi tutti spaventati e con il panico addosso siamo andati via. <strong>Mi chiedo<\/strong>, \u00e8 normale che una manifestazione del genere <strong>non avesse delle misure di sicurezza<\/strong>, <strong>un&#8217;ambulanza direttamente sul posto?<\/strong> <strong>E\u2019 stata una tragedia sfiorata<\/strong>, vi assicuro, sembrava la scena di un film!\u201d.<\/p>\n<p style=\"text-align: justify;\"><strong>Un racconto che <\/strong><strong>in molti dettagli combacia con quanto ri<\/strong><strong>portato da altri testimoni<\/strong>, ma<strong><img loading=\"lazy\" decoding=\"async\" class=\" alignleft size-full wp-image-12941\" style=\"margin: 4px; float: left;\" alt=\"municipio_bandiere\" src=\"https:\/\/archiviogioia.lavocedelpaese.info\/wp-content\/uploads\/2011\/07\/municipio_bandiere.jpg\" height=\"204\" width=\"136\" srcset=\"https:\/\/archiviogioia.lavocedelpaese.info\/wp-content\/uploads\/2011\/07\/municipio_bandiere.jpg 1276w, https:\/\/archiviogioia.lavocedelpaese.info\/wp-content\/uploads\/2011\/07\/municipio_bandiere-199x300.jpg 199w, https:\/\/archiviogioia.lavocedelpaese.info\/wp-content\/uploads\/2011\/07\/municipio_bandiere-681x1024.jpg 681w, https:\/\/archiviogioia.lavocedelpaese.info\/wp-content\/uploads\/2011\/07\/municipio_bandiere-768x1156.jpg 768w, https:\/\/archiviogioia.lavocedelpaese.info\/wp-content\/uploads\/2011\/07\/municipio_bandiere-1021x1536.jpg 1021w\" sizes=\"auto, (max-width: 136px) 100vw, 136px\" \/><\/strong>gari pi\u00f9 al sicuro rispetto a L.M., <strong>che hann<\/strong><strong>o raccontato anche del cocchiere violentemente disarcionato<\/strong> ma uscito pressoch\u00e9 illeso da questa disavventura, <strong>di un bambino travolto e probabilmente ferito <\/strong>e dell\u2019intervento immediato di alcuni operatori che sono riusciti in breve tempo a bloccare e calmare il cavallo. <strong>Testimoni<\/strong> oculari <strong>che<\/strong> pur non direttamente coinvolti, <strong>hanno vissuto lo stesso dramma<\/strong> che per sola fortuna non si \u00e8 manifestato in tutta la gravit\u00e0 che lasciava presagire.<\/p>\n<p style=\"text-align: justify;\"><strong>Ci\u00f2 che sorprende in questa vicenda<\/strong>, oltre all\u2019accaduto, <strong>\u00e8 l\u2019assordante silenzio<\/strong> <strong>delle istituzioni<\/strong> e di chi era l\u00ec in loro rappresentanza, oltre che degli stessi organizzatori. <strong>Un <\/strong><strong>silenzio proveniente anche dal fronte sanitario<\/strong> che comunque ha soccorso i feriti. <strong>Nessuna \u201cindiscrezione\u201d \u00e8 trapelata<\/strong>, nemmeno dagli organi deputati al controllo sul territorio. <strong>Sorpresi anch\u2019essi o mai interpellati?<\/strong><\/p>\n","protected":false},"excerpt":{"rendered":"","protected":false},"author":1,"featured_media":0,"comment_status":"open","ping_status":"closed","sticky":false,"template":"","format":"standard","meta":{"colormag_page_container_layout":"default_layout","colormag_page_sidebar_layout":"default_layout","footnotes":""},"categories":[8],"tags":[],"class_list":["post-14567","post","type-post","status-publish","format-standard","hentry","category-cronaca"],"_links":{"self":[{"href":"https:\/\/archiviogioia.lavocedelpaese.info\/index.php?rest_route=\/wp\/v2\/posts\/14567","targetHints":{"allow":["GET"]}}],"collection":[{"href":"https:\/\/archiviogioia.lavocedelpaese.info\/index.php?rest_route=\/wp\/v2\/posts"}],"about":[{"href":"https:\/\/archiviogioia.lavocedelpaese.info\/index.php?rest_route=\/wp\/v2\/types\/post"}],"author":[{"embeddable":true,"href":"https:\/\/archiviogioia.lavocedelpaese.info\/index.php?rest_route=\/wp\/v2\/users\/1"}],"replies":[{"embeddable":true,"href":"https:\/\/archiviogioia.lavocedelpaese.info\/index.php?rest_route=%2Fwp%2Fv2%2Fcomments&post=14567"}],"version-history":[{"count":0,"href":"https:\/\/archiviogioia.lavocedelpaese.info\/index.php?rest_route=\/wp\/v2\/posts\/14567\/revisions"}],"wp:attachment":[{"href":"https:\/\/archiviogioia.lavocedelpaese.info\/index.php?rest_route=%2Fwp%2Fv2%2Fmedia&parent=14567"}],"wp:term":[{"taxonomy":"category","embeddable":true,"href":"https:\/\/archiviogioia.lavocedelpaese.info\/index.php?rest_route=%2Fwp%2Fv2%2Fcategories&post=14567"},{"taxonomy":"post_tag","embeddable":true,"href":"https:\/\/archiviogioia.lavocedelpaese.info\/index.php?rest_route=%2Fwp%2Fv2%2Ftags&post=14567"}],"curies":[{"name":"wp","href":"https:\/\/api.w.org\/{rel}","templated":true}]}}