{"id":14633,"date":"2011-09-23T05:45:44","date_gmt":"2011-09-23T05:45:44","guid":{"rendered":"https:\/\/archiviogioia.lavocedelpaese.info\/?p=14633"},"modified":"2011-09-23T05:45:44","modified_gmt":"2011-09-23T05:45:44","slug":"internet-un-emendamento-per-tappare-la-bocca-2","status":"publish","type":"post","link":"https:\/\/archiviogioia.lavocedelpaese.info\/?p=14633","title":{"rendered":"INTERNET: UN EMENDAMENTO PER TAPPARE LA BOCCA"},"content":{"rendered":"<p><img loading=\"lazy\" decoding=\"async\" class=\" size-full wp-image-12667\" alt=\"censura-internet-agicom-pp\" src=\"https:\/\/archiviogioia.lavocedelpaese.info\/wp-content\/uploads\/2011\/07\/censura-internet-agicom-pp.jpg\" width=\"320\" height=\"150\" srcset=\"https:\/\/archiviogioia.lavocedelpaese.info\/wp-content\/uploads\/2011\/07\/censura-internet-agicom-pp.jpg 640w, https:\/\/archiviogioia.lavocedelpaese.info\/wp-content\/uploads\/2011\/07\/censura-internet-agicom-pp-300x141.jpg 300w\" sizes=\"auto, (max-width: 320px) 100vw, 320px\" \/> <\/p>\n<p><!--more--><\/p>\n<p style=\"text-align: justify;\"><strong>Il Senato ha approvato <\/strong>il cosidde<strong><img loading=\"lazy\" decoding=\"async\" class=\" alignleft size-full wp-image-13945\" style=\"margin: 4px; float: left;\" alt=\"senato_della_repubblica\" src=\"https:\/\/archiviogioia.lavocedelpaese.info\/wp-content\/uploads\/2011\/08\/senato_della_repubblica.jpg\" width=\"300\" height=\"201\" srcset=\"https:\/\/archiviogioia.lavocedelpaese.info\/wp-content\/uploads\/2011\/08\/senato_della_repubblica.jpg 550w, https:\/\/archiviogioia.lavocedelpaese.info\/wp-content\/uploads\/2011\/08\/senato_della_repubblica-300x201.jpg 300w\" sizes=\"auto, (max-width: 300px) 100vw, 300px\" \/><\/strong>tto pacchetto sicurezza (D.d..L. 733) tra gli altri con<strong> un emendamento del senatore<\/strong> <strong>Gianpiero D&#8217;Alia<\/strong> (UDC) identificato dall&#8217;articolo 50-bis: &#8220;<strong>Repressione di attivit\u00e0 di apologia o istigazione a delinquere compiuta a mezzo internet<\/strong>&#8220;; la prossima settimana il testo approder\u00e0 alla Camera come articolo nr. 60.<\/p>\n<div style=\"text-align: justify;\"><\/div>\n<p style=\"text-align: justify;\"><strong>Questo senatore NON fa neanc<\/strong><strong>he parte della maggioranza al Governo<\/strong>, il che la dice lunga sulle alleanze trasversali del disegno liberticida della Casta. In pratica <strong>in base a questo emendamento se un qualunque cittadino dovesse invitare attraverso un blog<\/strong> (o un profilo su fb, o altro sulla rete) <strong>a disobbedire<\/strong> <strong>o a ISTIGARE<\/strong> (<strong>cio\u00e8.. CRITICARE<\/strong>..??!) contro una legge che ritiene ingiusta, <strong>i provider DOVRANNO bloccarne il blog o il sito<\/strong>.<strong><img loading=\"lazy\" decoding=\"async\" class=\" alignright size-full wp-image-12676\" style=\"margin: 4px; float: right;\" alt=\"internet-ideas\" src=\"https:\/\/archiviogioia.lavocedelpaese.info\/wp-content\/uploads\/2011\/07\/internet-ideas.jpg\" width=\"300\" height=\"225\" srcset=\"https:\/\/archiviogioia.lavocedelpaese.info\/wp-content\/uploads\/2011\/07\/internet-ideas.jpg 400w, https:\/\/archiviogioia.lavocedelpaese.info\/wp-content\/uploads\/2011\/07\/internet-ideas-300x225.jpg 300w\" sizes=\"auto, (max-width: 300px) 100vw, 300px\" \/><\/strong><\/p>\n<div style=\"text-align: justify;\"><\/div>\n<p style=\"text-align: justify;\"><strong>Questo provvedimento pu\u00f2 far oscurare la visibilit\u00e0 di un sito in Italia ovunque si tro<\/strong><strong>vi<\/strong>, anche se \u00e8 all&#8217;ESTERO; basta che il Ministro dell&#8217;Interno disponga con proprio decreto l&#8217;interruzione dell&#8217;attivit\u00e0 del blogger, <strong>ordinando il blocco ai fornitori<\/strong><strong> di connettivit\u00e0 alla rete internet<\/strong>. L&#8217;attivit\u00e0 di filtraggio imposta\u00a0 dovrebbe avvenire entro 24 ore; <strong>pena<\/strong>, per i provider, <strong>sanzioni da 50.000 a 250.000 euro<\/strong>.<\/p>\n<div style=\"text-align: justify;\"><\/div>\n<p style=\"text-align: justify;\"><strong>Per i blogger \u00e8 invece previsto il carcere da 1 a 5 anni<\/strong> oltre ad una <strong>pena ulteriore da 6 mesi a 5 anni per l&#8217;istigazione alla\u00a0 disobbedienza delle leggi<\/strong> di ordine pubblico o all&#8217;ODIO (!) fra le classi sociali. MORALE: <strong><img loading=\"lazy\" decoding=\"async\" class=\" alignleft size-full wp-image-8851\" style=\"margin: 4px; float: left;\" alt=\"censura\" src=\"https:\/\/archiviogioia.lavocedelpaese.info\/wp-content\/uploads\/2011\/03\/censura.jpg\" width=\"250\" height=\"250\" \/>questa legge pu\u00f2 ripulire immediatamente tutti i motori di ricerca<\/strong> da tutti i link scomodi per la Casta.<\/p>\n<div style=\"text-align: justify;\"><\/div>\n<p style=\"text-align: justify;\">In pratica <strong>sar\u00e0 possibile bloccare in Italia<\/strong> (come in Iran, in Birmania e in Cina) <strong>Facebook<\/strong>, <strong>Youtube<\/strong> e la rete da <strong>tutti i blog<\/strong> che al momento rappresentano in Italia <strong>l&#8217;unica informazione non condizionata e\/o censurata<\/strong>.<\/p>\n<div style=\"text-align: justify;\"><\/div>\n<p style=\"text-align: justify;\">L\u2019ITALIA: <strong>l&#8217;unico Paese al mondo in cu i una media company (Mediaset) ha citato YouTube per danni chiedendo 500 milioni euro di risarcimento<\/strong>. Con questa legge non sar\u00e0 pi\u00f9 necessario, nulla sar\u00e0 pi\u00f9 di ostacolo anche in termini PREVENTIVI.<\/p>\n<div style=\"text-align: justify;\"><\/div>\n<p style=\"text-align: justify;\"><strong>Dopo la proposta di legge Cassinelli<\/strong> e l&#8217;istituzione di una commissione contro la pirateria digitale multimediale che tra meno di 60 giorni dovr\u00e0 presenter\u00e0 al Parlamento un testo di legge su questa materia, questo emendamento al &#8220;pacchetto sicurezza&#8221; di fatto <img loading=\"lazy\" decoding=\"async\" class=\" alignright size-full wp-image-12215\" style=\"margin: 4px; float: right;\" alt=\"Facebook_suicidi\" src=\"https:\/\/archiviogioia.lavocedelpaese.info\/wp-content\/uploads\/2011\/06\/Facebook_suicidi.png\" width=\"197\" height=\"197\" srcset=\"https:\/\/archiviogioia.lavocedelpaese.info\/wp-content\/uploads\/2011\/06\/Facebook_suicidi.png 512w, https:\/\/archiviogioia.lavocedelpaese.info\/wp-content\/uploads\/2011\/06\/Facebook_suicidi-300x300.png 300w, https:\/\/archiviogioia.lavocedelpaese.info\/wp-content\/uploads\/2011\/06\/Facebook_suicidi-150x150.png 150w\" sizes=\"auto, (max-width: 197px) 100vw, 197px\" \/>rende <strong>esplicito il progetto del Governo di &#8220;normalizzare&#8221; con leggi di repressione internet<\/strong> e tutto il sistema di relazioni e informazioni che finora non riusciva a dominare.<\/p>\n<div style=\"text-align: justify;\"><\/div>\n<p style=\"text-align: justify;\"><strong>Mentre negli USA Obama ha vinto le elezioni grazie ad internet<\/strong>, <strong>l&#8217;Italia prende a modello la Cina, la Birmania e l&#8217;Iran<\/strong>. Oggi <strong>gli UNICI media che hanno fatto rimbalzare questa notizia<\/strong> sono stati la rivista specializzata <strong>&#8220;Punto Informatico&#8221; e il blog di Grillo<\/strong>.<\/p>\n<div style=\"text-align: justify;\"><\/div>\n<p style=\"text-align: justify;\"><strong>Fatela girare il pi\u00f9 possibile per cercare di svegliare le coscienze addormentate<\/strong> degli italiani perch\u00e9 dove non c&#8217;\u00e8 libera informazione e diritto di critica <strong>la &#8220;democrazia&#8221; \u00e8 MORTA<\/strong>.<\/p>\n<div style=\"text-align: justify;\"><\/div>\n<p style=\"text-align: right;\">(Documentazione diffusa da Coordinamento degli Enti Locali per la Pace e i Diritti Umani)<\/p>\n","protected":false},"excerpt":{"rendered":"","protected":false},"author":1,"featured_media":12667,"comment_status":"open","ping_status":"closed","sticky":false,"template":"","format":"standard","meta":{"colormag_page_container_layout":"default_layout","colormag_page_sidebar_layout":"default_layout","footnotes":""},"categories":[4],"tags":[],"class_list":["post-14633","post","type-post","status-publish","format-standard","has-post-thumbnail","hentry","category-politica"],"_links":{"self":[{"href":"https:\/\/archiviogioia.lavocedelpaese.info\/index.php?rest_route=\/wp\/v2\/posts\/14633","targetHints":{"allow":["GET"]}}],"collection":[{"href":"https:\/\/archiviogioia.lavocedelpaese.info\/index.php?rest_route=\/wp\/v2\/posts"}],"about":[{"href":"https:\/\/archiviogioia.lavocedelpaese.info\/index.php?rest_route=\/wp\/v2\/types\/post"}],"author":[{"embeddable":true,"href":"https:\/\/archiviogioia.lavocedelpaese.info\/index.php?rest_route=\/wp\/v2\/users\/1"}],"replies":[{"embeddable":true,"href":"https:\/\/archiviogioia.lavocedelpaese.info\/index.php?rest_route=%2Fwp%2Fv2%2Fcomments&post=14633"}],"version-history":[{"count":0,"href":"https:\/\/archiviogioia.lavocedelpaese.info\/index.php?rest_route=\/wp\/v2\/posts\/14633\/revisions"}],"wp:featuredmedia":[{"embeddable":true,"href":"https:\/\/archiviogioia.lavocedelpaese.info\/index.php?rest_route=\/wp\/v2\/media\/12667"}],"wp:attachment":[{"href":"https:\/\/archiviogioia.lavocedelpaese.info\/index.php?rest_route=%2Fwp%2Fv2%2Fmedia&parent=14633"}],"wp:term":[{"taxonomy":"category","embeddable":true,"href":"https:\/\/archiviogioia.lavocedelpaese.info\/index.php?rest_route=%2Fwp%2Fv2%2Fcategories&post=14633"},{"taxonomy":"post_tag","embeddable":true,"href":"https:\/\/archiviogioia.lavocedelpaese.info\/index.php?rest_route=%2Fwp%2Fv2%2Ftags&post=14633"}],"curies":[{"name":"wp","href":"https:\/\/api.w.org\/{rel}","templated":true}]}}