{"id":14696,"date":"2011-09-26T06:07:04","date_gmt":"2011-09-26T06:07:04","guid":{"rendered":"https:\/\/archiviogioia.lavocedelpaese.info\/?p=14696"},"modified":"2011-09-26T06:07:04","modified_gmt":"2011-09-26T06:07:04","slug":"spazio-unotre-corso-di-dizione-atrebil-teatro","status":"publish","type":"post","link":"https:\/\/archiviogioia.lavocedelpaese.info\/?p=14696","title":{"rendered":"SPAZIO UNOTRE: CORSO DI DIZIONE \u00c0TREBIL TEATRO"},"content":{"rendered":"<p><img loading=\"lazy\" decoding=\"async\" class=\" size-full wp-image-14692\" alt=\"atrebillogo-pp\" src=\"https:\/\/archiviogioia.lavocedelpaese.info\/wp-content\/uploads\/2011\/09\/atrebillogo-pp.jpg\" height=\"150\" width=\"320\" srcset=\"https:\/\/archiviogioia.lavocedelpaese.info\/wp-content\/uploads\/2011\/09\/atrebillogo-pp.jpg 640w, https:\/\/archiviogioia.lavocedelpaese.info\/wp-content\/uploads\/2011\/09\/atrebillogo-pp-300x141.jpg 300w\" sizes=\"auto, (max-width: 320px) 100vw, 320px\" \/> <\/p>\n<p><!--more--><\/p>\n<p style=\"text-align: justify;\"><img loading=\"lazy\" decoding=\"async\" class=\" alignleft size-full wp-image-14693\" style=\"margin: 4px; float: left;\" alt=\"atrebil_teatro_attori\" src=\"https:\/\/archiviogioia.lavocedelpaese.info\/wp-content\/uploads\/2011\/09\/atrebil_teatro_attori.jpg\" height=\"225\" width=\"300\" srcset=\"https:\/\/archiviogioia.lavocedelpaese.info\/wp-content\/uploads\/2011\/09\/atrebil_teatro_attori.jpg 640w, https:\/\/archiviogioia.lavocedelpaese.info\/wp-content\/uploads\/2011\/09\/atrebil_teatro_attori-300x225.jpg 300w\" sizes=\"auto, (max-width: 300px) 100vw, 300px\" \/>La r\u00f2sa non \u00e8 r\u00f3sa, <strong>corso base per parlare meglio<\/strong> la lingua dello stivale. Se \u00e8 vero che l\u2019\u201cabito non fa il monaco\u201d, \u00e8 altrettanto vero che <strong>il linguaggio verbale \u00e8 il mezzo pi\u00f9 rapido ed immediato che l\u2019uomo ha per rapportarsi con i suoi simili<\/strong>, il cosiddetto \u201cbigliettino da visita\u201d che apre il primo rapporto agli altri. <strong>La \u201cparola detta\u201d determina un approccio decisivo<\/strong> per qualsiasi interlocutore, estemporaneo o meno che sia.<\/p>\n<div style=\"text-align: justify;\"><\/div>\n<p style=\"text-align: justify;\"><strong>Saper parlare meglio la lingua italiana<\/strong>, conoscere i suoi segni ed usare un suono migliore della nostra voce che rispetti alcune regole e relative eccezioni, <strong>\u00e8 fondamentale per tutti<\/strong> e, in particolare, per alcune categorie: la dizione, in fondo, \u00e8 soltanto l\u2019uso corretto della lingua italiana, una preziosa eredit\u00e0 che dovremmo essere orgogliosi di <img loading=\"lazy\" decoding=\"async\" class=\" alignright size-full wp-image-14694\" style=\"margin: 4px; float: right;\" alt=\"rocco_capri_chiumarulo\" src=\"https:\/\/archiviogioia.lavocedelpaese.info\/wp-content\/uploads\/2011\/09\/rocco_capri_chiumarulo.jpg\" height=\"200\" width=\"300\" srcset=\"https:\/\/archiviogioia.lavocedelpaese.info\/wp-content\/uploads\/2011\/09\/rocco_capri_chiumarulo.jpg 600w, https:\/\/archiviogioia.lavocedelpaese.info\/wp-content\/uploads\/2011\/09\/rocco_capri_chiumarulo-300x200.jpg 300w\" sizes=\"auto, (max-width: 300px) 100vw, 300px\" \/>preservare e tutelare da Bolzano a Siracusa. <strong>Quella lingua<\/strong>, cio\u00e8, <strong>che non ci hanno mai insegnato correttamente<\/strong> la scuola e i programmi statali: la stessa scuola che, con pi\u00f9 attenzione, cerca per\u00f2 di insegnare un buon inglese\/francese\/spagnolo.<\/p>\n<div style=\"text-align: justify;\"><\/div>\n<p style=\"text-align: justify;\"><strong>Il corso<\/strong>, pertanto, <strong>non \u00e8 rivolto solo ad aspiranti attori\/doppiatori\/speaker<\/strong>, cio\u00e8 a chi vorr\u00e0 iniziare un percorso che usi la parola come mezzo professionale in senso \u201cartistico\u201d, <strong>ma anche a coloro che in pubblico la usano non necessariamente per fini \u201cperformativi\u201d<\/strong> (insegnanti, professori, politici, cariche pubbliche, dimostratori ecc).<\/p>\n<div style=\"text-align: justify;\"><\/div>\n<p style=\"text-align: justify;\"><strong><img loading=\"lazy\" decoding=\"async\" class=\" alignleft size-full wp-image-14695\" style=\"margin: 4px; float: left;\" alt=\"rocco_capri_chiumarulo2\" src=\"https:\/\/archiviogioia.lavocedelpaese.info\/wp-content\/uploads\/2011\/09\/rocco_capri_chiumarulo2.jpg\" height=\"200\" width=\"300\" srcset=\"https:\/\/archiviogioia.lavocedelpaese.info\/wp-content\/uploads\/2011\/09\/rocco_capri_chiumarulo2.jpg 800w, https:\/\/archiviogioia.lavocedelpaese.info\/wp-content\/uploads\/2011\/09\/rocco_capri_chiumarulo2-300x200.jpg 300w, https:\/\/archiviogioia.lavocedelpaese.info\/wp-content\/uploads\/2011\/09\/rocco_capri_chiumarulo2-768x512.jpg 768w\" sizes=\"auto, (max-width: 300px) 100vw, 300px\" \/>La parola traghetta la nostra mente ed il nostro cuore<\/strong>: conoscere i mezzi per usare al meglio i significanti, \u00e8 senz\u2019altro un vantaggio inoppugnabile per i relativi significati.<\/p>\n<div style=\"text-align: justify;\"><\/div>\n<p style=\"text-align: justify;\"><strong>Il corso si terr\u00e0 di venerd\u00ec da ottobre a maggio<\/strong>, avr\u00e0 durata di 90\u2019 nella fascia oraria 18\/20 (da definire con i corsisti), si avvier\u00e0 solo con un numero minimo di 5 partecipanti.<\/p>\n<div style=\"text-align: justify;\"><\/div>\n<p style=\"text-align: justify;\"><strong>Docenti<\/strong>: Anna Garofalo, Rocco Capri Chiumarulo.<\/p>\n<div style=\"text-align: justify;\"><\/div>\n<p style=\"text-align: justify;\"><strong>Per maggiori informazioni<\/strong>: 347.1951553.<\/p>\n","protected":false},"excerpt":{"rendered":"","protected":false},"author":1,"featured_media":14692,"comment_status":"open","ping_status":"closed","sticky":false,"template":"","format":"standard","meta":{"colormag_page_container_layout":"default_layout","colormag_page_sidebar_layout":"default_layout","footnotes":""},"categories":[7],"tags":[],"class_list":["post-14696","post","type-post","status-publish","format-standard","has-post-thumbnail","hentry","category-attualita"],"_links":{"self":[{"href":"https:\/\/archiviogioia.lavocedelpaese.info\/index.php?rest_route=\/wp\/v2\/posts\/14696","targetHints":{"allow":["GET"]}}],"collection":[{"href":"https:\/\/archiviogioia.lavocedelpaese.info\/index.php?rest_route=\/wp\/v2\/posts"}],"about":[{"href":"https:\/\/archiviogioia.lavocedelpaese.info\/index.php?rest_route=\/wp\/v2\/types\/post"}],"author":[{"embeddable":true,"href":"https:\/\/archiviogioia.lavocedelpaese.info\/index.php?rest_route=\/wp\/v2\/users\/1"}],"replies":[{"embeddable":true,"href":"https:\/\/archiviogioia.lavocedelpaese.info\/index.php?rest_route=%2Fwp%2Fv2%2Fcomments&post=14696"}],"version-history":[{"count":0,"href":"https:\/\/archiviogioia.lavocedelpaese.info\/index.php?rest_route=\/wp\/v2\/posts\/14696\/revisions"}],"wp:featuredmedia":[{"embeddable":true,"href":"https:\/\/archiviogioia.lavocedelpaese.info\/index.php?rest_route=\/wp\/v2\/media\/14692"}],"wp:attachment":[{"href":"https:\/\/archiviogioia.lavocedelpaese.info\/index.php?rest_route=%2Fwp%2Fv2%2Fmedia&parent=14696"}],"wp:term":[{"taxonomy":"category","embeddable":true,"href":"https:\/\/archiviogioia.lavocedelpaese.info\/index.php?rest_route=%2Fwp%2Fv2%2Fcategories&post=14696"},{"taxonomy":"post_tag","embeddable":true,"href":"https:\/\/archiviogioia.lavocedelpaese.info\/index.php?rest_route=%2Fwp%2Fv2%2Ftags&post=14696"}],"curies":[{"name":"wp","href":"https:\/\/api.w.org\/{rel}","templated":true}]}}