{"id":14982,"date":"2011-10-08T05:18:33","date_gmt":"2011-10-08T05:18:33","guid":{"rendered":"https:\/\/archiviogioia.lavocedelpaese.info\/?p=14982"},"modified":"2011-10-08T05:18:33","modified_gmt":"2011-10-08T05:18:33","slug":"al-via-la-prestigiosa-rassegna-jazzitalia-20112012-2","status":"publish","type":"post","link":"https:\/\/archiviogioia.lavocedelpaese.info\/?p=14982","title":{"rendered":"AL VIA LA PRESTIGIOSA \u201cRASSEGNA JAZZITALIA\u201d 2011\/2012"},"content":{"rendered":"<p><img loading=\"lazy\" decoding=\"async\" class=\" size-full wp-image-14975\" alt=\"ueffilo1011_diegoamadortrio\" src=\"https:\/\/archiviogioia.lavocedelpaese.info\/wp-content\/uploads\/2011\/10\/ueffilo1011_diegoamadortrio.jpg\" height=\"150\" width=\"320\" srcset=\"https:\/\/archiviogioia.lavocedelpaese.info\/wp-content\/uploads\/2011\/10\/ueffilo1011_diegoamadortrio.jpg 320w, https:\/\/archiviogioia.lavocedelpaese.info\/wp-content\/uploads\/2011\/10\/ueffilo1011_diegoamadortrio-300x141.jpg 300w\" sizes=\"auto, (max-width: 320px) 100vw, 320px\" \/> <\/p>\n<p><!--more--><\/p>\n<p style=\"text-align: justify;\"><strong><img loading=\"lazy\" decoding=\"async\" class=\" alignleft size-full wp-image-712\" style=\"margin: 4px; float: left;\" alt=\"ueffilo2\" src=\"https:\/\/archiviogioia.lavocedelpaese.info\/wp-content\/uploads\/2010\/03\/ueffilo2.gif\" height=\"102\" width=\"210\" \/>Ottava stagione <\/strong>per la <strong>\u201cRassegna Jazzitalia\u201d<\/strong>del Jazz Club Ueffilo \u2013 Cantina a Sud (Via Donato Boscia 21 \u2013 Gioia del Colle) con la direzione artistica di\u00a0 <strong>Marco Losavio <\/strong>e <strong>Alceste Ayroldi<\/strong>.<\/p>\n<div style=\"text-align: justify;\"><\/div>\n<p style=\"text-align: justify;\"><strong>Dal 2004<\/strong>, il cinquentesco club di Gioia del Colle ha ospitato alcuni tra i pi\u00f9 grandi protagonisti del jazz mondiale: Enrico Pie<img loading=\"lazy\" decoding=\"async\" class=\" alignright size-full wp-image-8604\" style=\"margin: 4px; float: right;\" alt=\"Scott_Hamilton_4\" src=\"https:\/\/archiviogioia.lavocedelpaese.info\/wp-content\/uploads\/2011\/03\/Scott_Hamilton_4.jpg\" height=\"205\" width=\"200\" srcset=\"https:\/\/archiviogioia.lavocedelpaese.info\/wp-content\/uploads\/2011\/03\/Scott_Hamilton_4.jpg 354w, https:\/\/archiviogioia.lavocedelpaese.info\/wp-content\/uploads\/2011\/03\/Scott_Hamilton_4-293x300.jpg 293w\" sizes=\"auto, (max-width: 200px) 100vw, 200px\" \/>ranunzi, Randy Brecker, Bob Mintzer, George Cables, Dave Liebman, Sheila Jordan, Mike Stern, Frank Gambale, Alain Caron, Roberto Gatto, Fabrizio Bosso, Irio de Paula, Tommy Emmanuel, Billy Drummond, Dado Moroni, Bobby Dhuram, Fabio Morgera, Renato Sellani, Gabriele Mirabassi, Geg\u00e8 Telesforo, Kenny Barron, Mike Stern, Joey Calderazzo, Antonio Sanchez, Antonio Fara\u00f2, Amalia Gr\u00e8, Rachel Z, Tuck &amp; Patti, Enrico Rava, Paolo Fresu, Franco D\u2019Andrea, Chiara Civello, Jason Marsalis, Sarah Jane Morris, Dominic Miller, Joe Locke, Jeff Ballard, Bill Saxton,\u00a0 Buster Williams Jr, Victor Bailey, Gianluca Petrella, Francesco Bearzatti, Antonello Salis, Fahir Atakoglu, Scott Hamilton, Max Ionata, Tok Tok Tok, solo per citarne alcuni.<\/p>\n<div style=\"text-align: justify;\"><\/div>\n<p style=\"text-align: justify;\"><strong>Un calendario di appuntamenti esclusivi e di particolare pregio artistico<\/strong> che, come nelle scorse stagioni, si articoler\u00e0 in due sezioni: autunno 2011 e inverno\/primavera 2012.<strong><img loading=\"lazy\" decoding=\"async\" class=\" alignleft size-full wp-image-14978\" style=\"margin: 4px; float: left;\" alt=\"Cordoba_Reunion\" src=\"https:\/\/archiviogioia.lavocedelpaese.info\/wp-content\/uploads\/2011\/10\/Cordoba_Reunion.jpg\" height=\"169\" width=\"300\" srcset=\"https:\/\/archiviogioia.lavocedelpaese.info\/wp-content\/uploads\/2011\/10\/Cordoba_Reunion.jpg 1183w, https:\/\/archiviogioia.lavocedelpaese.info\/wp-content\/uploads\/2011\/10\/Cordoba_Reunion-300x169.jpg 300w, https:\/\/archiviogioia.lavocedelpaese.info\/wp-content\/uploads\/2011\/10\/Cordoba_Reunion-1024x577.jpg 1024w, https:\/\/archiviogioia.lavocedelpaese.info\/wp-content\/uploads\/2011\/10\/Cordoba_Reunion-768x433.jpg 768w\" sizes=\"auto, (max-width: 300px) 100vw, 300px\" \/><\/strong><\/p>\n<p style=\"text-align: justify;\"><strong>La sezione autunnale 2011 avr\u00e0 inizio domenica 23 ottobre<\/strong> (ingresso ore 19,00) con l\u2019ensemble argentino <strong>C\u00f2rdoba Reunion<\/strong>: <strong>Javier Girotto<\/strong> (sassofoni), <strong>Gerardo Di Giusto<\/strong> (pianoforte), <strong>Minino Garay <\/strong>(batteria e percussioni) e <strong>Carlo \u201cel tero\u201d Buschini<\/strong> (basso e contrabbasso).<\/p>\n<div style=\"text-align: justify;\"><\/div>\n<p style=\"text-align: justify;\">I quattro eccellenti musicisti, uniti sotto il nome della citt\u00e0 natia, presenteranno l\u2019originale progetto che da dieci anni riscuote un ampio successo internazionale e che fonde l\u2019improvvisazione jazzistica con<strong><img loading=\"lazy\" decoding=\"async\" class=\" alignright size-full wp-image-14979\" style=\"margin: 4px; float: right;\" alt=\"FabioConcato_img001\" src=\"https:\/\/archiviogioia.lavocedelpaese.info\/wp-content\/uploads\/2011\/10\/FabioConcato_img001.jpg\" height=\"263\" width=\"175\" srcset=\"https:\/\/archiviogioia.lavocedelpaese.info\/wp-content\/uploads\/2011\/10\/FabioConcato_img001.jpg 684w, https:\/\/archiviogioia.lavocedelpaese.info\/wp-content\/uploads\/2011\/10\/FabioConcato_img001-200x300.jpg 200w\" sizes=\"auto, (max-width: 175px) 100vw, 175px\" \/><\/strong> i ritmi argentini, per dare vita a nuove ed affascinanti atmosfere.<\/p>\n<p style=\"text-align: justify;\"><strong>Domenica 13 novembre <\/strong>(ingresso ore 19,00) il palco del Ueffilo sar\u00e0 teatro di un evento speciale che vedr\u00e0 impegnato uno tra i cantautori pi\u00f9 amati nella storia della canzone italiana: <strong>Fabio Concato<\/strong>. Il musicista milanese sar\u00e0 ospite del progetto di Paolo Di Sabatino: <strong>Voices Tour<\/strong>.<\/p>\n<div style=\"text-align: justify;\"><\/div>\n<p style=\"text-align: justify;\">Con <strong>Fabio Concato<\/strong> (voce) e <strong>Paolo Di Sabatino<\/strong> (pianoforte), ci saranno <strong>Massimiliano Coclite<\/strong> (voce), <strong>Marco Siniscalco<\/strong> (basso) e <strong>Glauco Di Sabatino<\/strong> (batteria). Di Sabatino, esecutore ed autore dotato di un tocco classico e profondamente legato alla melodia, presenter\u00e0 il suo nuovo lavoro <strong>Voices<\/strong>, oltre ai classici del <em>songbook <\/em>di Concato.<\/p>\n<div style=\"text-align: justify;\"><\/div>\n<p style=\"text-align: justify;\"><img loading=\"lazy\" decoding=\"async\" class=\" alignleft size-full wp-image-14980\" style=\"margin: 4px; float: left;\" alt=\"nick_foto\" src=\"https:\/\/archiviogioia.lavocedelpaese.info\/wp-content\/uploads\/2011\/10\/nick_foto.jpg\" height=\"263\" width=\"175\" srcset=\"https:\/\/archiviogioia.lavocedelpaese.info\/wp-content\/uploads\/2011\/10\/nick_foto.jpg 512w, https:\/\/archiviogioia.lavocedelpaese.info\/wp-content\/uploads\/2011\/10\/nick_foto-200x300.jpg 200w\" sizes=\"auto, (max-width: 175px) 100vw, 175px\" \/>La prima parte della rassegna Jazzitalia si chiuder\u00e0 <strong>domenica 18 dicembre <\/strong>(ingresso dalle 19,00) con il quintetto di <strong>Nick The Nightfly<\/strong> accompagnato da un combo formato da alcune delle \u201cstelle\u201d del jazz italiano: <strong>Amedeo Ariano<\/strong> alla batteria, <strong>Fabrizio Puglisi<\/strong> al contrabbasso, <strong>Jerry Popolo <\/strong>al sax tenore, <strong>Julian Oliver Mazzariello<\/strong> al pianoforte. Il crooner scozzese, che conduce da oltre 20 anni Monte Carlo Nights il primo programma radiofonico di nuove musiche e tendenze, presenter\u00e0 il suo ultimo lavoro discografico \u201cNice One\u201d, licenziato per l\u2019etichetta Edel.<\/p>\n<div style=\"text-align: justify;\"><\/div>\n<p style=\"text-align: justify;\"><strong>Per tutti gli appuntamenti, ticket di ingresso: euro 25. <\/strong><\/p>\n<div style=\"text-align: justify;\"><\/div>\n<p style=\"text-align: justify;\">Il Ueffilo \u2013 Cantina a Sud \u00e8 in Gioia del Colle(Ba) &#8211; via Donato Boscia 21 &#8211; 339\/8613434 \u2013 080\/3430946\u00a0 &#8211;\u00a0 web: <a href=\"http:\/\/www.ueffilo.com\/\">http:\/\/www.ueffilo.com<\/a>&#8211; <a href=\"mailto:info@ueffilo.com\">mailto:info@ueffilo.com<\/a>.<\/p>\n<div style=\"text-align: justify;\"><strong>Per maggiori informazioni<\/strong>: Alceste Ayroldi &#8211; Condirettore Artistico Ueffilo Jazz Club &#8211; 339\/2986949.<\/div>\n","protected":false},"excerpt":{"rendered":"","protected":false},"author":1,"featured_media":14976,"comment_status":"open","ping_status":"closed","sticky":false,"template":"","format":"standard","meta":{"colormag_page_container_layout":"default_layout","colormag_page_sidebar_layout":"default_layout","footnotes":""},"categories":[7],"tags":[],"class_list":["post-14982","post","type-post","status-publish","format-standard","has-post-thumbnail","hentry","category-attualita"],"_links":{"self":[{"href":"https:\/\/archiviogioia.lavocedelpaese.info\/index.php?rest_route=\/wp\/v2\/posts\/14982","targetHints":{"allow":["GET"]}}],"collection":[{"href":"https:\/\/archiviogioia.lavocedelpaese.info\/index.php?rest_route=\/wp\/v2\/posts"}],"about":[{"href":"https:\/\/archiviogioia.lavocedelpaese.info\/index.php?rest_route=\/wp\/v2\/types\/post"}],"author":[{"embeddable":true,"href":"https:\/\/archiviogioia.lavocedelpaese.info\/index.php?rest_route=\/wp\/v2\/users\/1"}],"replies":[{"embeddable":true,"href":"https:\/\/archiviogioia.lavocedelpaese.info\/index.php?rest_route=%2Fwp%2Fv2%2Fcomments&post=14982"}],"version-history":[{"count":0,"href":"https:\/\/archiviogioia.lavocedelpaese.info\/index.php?rest_route=\/wp\/v2\/posts\/14982\/revisions"}],"wp:featuredmedia":[{"embeddable":true,"href":"https:\/\/archiviogioia.lavocedelpaese.info\/index.php?rest_route=\/wp\/v2\/media\/14976"}],"wp:attachment":[{"href":"https:\/\/archiviogioia.lavocedelpaese.info\/index.php?rest_route=%2Fwp%2Fv2%2Fmedia&parent=14982"}],"wp:term":[{"taxonomy":"category","embeddable":true,"href":"https:\/\/archiviogioia.lavocedelpaese.info\/index.php?rest_route=%2Fwp%2Fv2%2Fcategories&post=14982"},{"taxonomy":"post_tag","embeddable":true,"href":"https:\/\/archiviogioia.lavocedelpaese.info\/index.php?rest_route=%2Fwp%2Fv2%2Ftags&post=14982"}],"curies":[{"name":"wp","href":"https:\/\/api.w.org\/{rel}","templated":true}]}}