{"id":15016,"date":"2011-10-08T06:00:53","date_gmt":"2011-10-08T06:00:53","guid":{"rendered":"https:\/\/archiviogioia.lavocedelpaese.info\/?p=15016"},"modified":"2011-10-08T06:00:53","modified_gmt":"2011-10-08T06:00:53","slug":"donato-stoppini-censurato-dai-suoi-stessi-qcolleghiq-3","status":"publish","type":"post","link":"https:\/\/archiviogioia.lavocedelpaese.info\/?p=15016","title":{"rendered":"DONATO STOPPINI CENSURATO DAI SUOI STESSI &#8220;COLLEGHI&#8221;"},"content":{"rendered":"<p><img loading=\"lazy\" decoding=\"async\" class=\" size-full wp-image-14983\" alt=\"stoppini-dibattito-verde-pp\" src=\"https:\/\/archiviogioia.lavocedelpaese.info\/wp-content\/uploads\/2011\/10\/stoppini-dibattito-verde-pp.jpg\" height=\"150\" width=\"320\" srcset=\"https:\/\/archiviogioia.lavocedelpaese.info\/wp-content\/uploads\/2011\/10\/stoppini-dibattito-verde-pp.jpg 640w, https:\/\/archiviogioia.lavocedelpaese.info\/wp-content\/uploads\/2011\/10\/stoppini-dibattito-verde-pp-300x141.jpg 300w\" sizes=\"auto, (max-width: 320px) 100vw, 320px\" \/> <\/p>\n<p><!--more--><\/p>\n<p style=\"text-align: justify;\"><strong><img loading=\"lazy\" decoding=\"async\" class=\" alignleft size-full wp-image-14985\" style=\"margin: 4px; float: left;\" alt=\"stoppini-verde-attrezzato\" src=\"https:\/\/archiviogioia.lavocedelpaese.info\/wp-content\/uploads\/2011\/10\/stoppini-verde-attrezzato.jpg\" height=\"200\" width=\"300\" srcset=\"https:\/\/archiviogioia.lavocedelpaese.info\/wp-content\/uploads\/2011\/10\/stoppini-verde-attrezzato.jpg 472w, https:\/\/archiviogioia.lavocedelpaese.info\/wp-content\/uploads\/2011\/10\/stoppini-verde-attrezzato-300x200.jpg 300w\" sizes=\"auto, (max-width: 300px) 100vw, 300px\" \/>Esilarante! Il 29 settembre nel Chiostro comunale si tiene un incontro sui servizi <\/strong>di quartiere, mi affaccio alle 18.30, <strong>doppie telecamere<\/strong>, <strong>interviste<\/strong>, <strong>gente che arriva alla spicciolata, fino a diventare un bagno di folla<\/strong>! I relatori, gli architetti <strong>Vito Angelillo<\/strong> e <strong>Alfredo Vacca<\/strong> <strong>si guardano intorno increduli<\/strong>, l\u2019organizzatore, il professor <strong>Vito Vinci sorride<\/strong> sotto i baffoni (somiglia tanto al Peppone di don Camillo), <strong>persino il sindaco Piero Longo \u00e8 contento<\/strong> di poter sfoggiare la sua verve da show man navigato, anche se all\u2019inizio appare un po\u2019 preoccupato\u2026 E non \u00e8 che abbia tutti i torti. <strong>C\u2019\u00e8 Donato Stoppini a moderare<\/strong> (o a sfruguliare e mettere pepe e sale su code\u2026ferite?) e ben sa che <strong>fa domande al vetriolo<\/strong>, mica all\u2019ac<strong><img loading=\"lazy\" decoding=\"async\" class=\" alignright size-full wp-image-14986\" style=\"margin: 4px; float: right;\" alt=\"donato-stoppini-verde\" src=\"https:\/\/archiviogioia.lavocedelpaese.info\/wp-content\/uploads\/2011\/10\/donato-stoppini-verde.jpg\" height=\"179\" width=\"147\" srcset=\"https:\/\/archiviogioia.lavocedelpaese.info\/wp-content\/uploads\/2011\/10\/donato-stoppini-verde.jpg 387w, https:\/\/archiviogioia.lavocedelpaese.info\/wp-content\/uploads\/2011\/10\/donato-stoppini-verde-246x300.jpg 246w\" sizes=\"auto, (max-width: 147px) 100vw, 147px\" \/><\/strong>qua di rose, come altri moderatori moderati!<\/p>\n<div style=\"text-align: justify;\"><\/div>\n<p style=\"text-align: justify;\"><strong>Stoppini ghiaccia l\u2019entusiasmo dei convenuti<\/strong>. <strong>Si parler\u00e0 SOLO dei servizi di quartiere della zona tra le vie per Acquaviva e Putignano<\/strong>, <strong>a tutte le questioni legate agli abusi edilizi<\/strong> e alle denunce del professor Vinci <strong>sar\u00e0 dedicato un altro spazio in un altro momento<\/strong>.<\/p>\n<div style=\"text-align: justify;\"><\/div>\n<p style=\"text-align: justify;\"><strong>Mi aspetto il \u201cfugone\u201d, macch\u00e8\u2026 Restano tutti l\u00ec, magari in piedi<\/strong> (metti che sia necessario defilarsi in fretta o scoppi una rissa?), parenti, amici, nemici, politici, consiglieri ed ex, persino qualche assessore e \u2013 ovviamente &#8211; i giornalisti (quelli veri).<\/p>\n<div style=\"text-align: justify;\"><\/div>\n<p style=\"text-align: justify;\"><strong>Alle 21 passa<\/strong><strong>te una quarantina di persone \u00e8 ancora l\u00ec, non si arrende, vuole risposte<\/strong>!<\/p>\n<div style=\"text-align: justify;\"><\/div>\n<p style=\"text-align: justify;\"><strong>Stoppini<\/strong>, red<strong><img loading=\"lazy\" decoding=\"async\" class=\" alignleft size-full wp-image-14987\" style=\"margin: 4px; float: left;\" alt=\"alfredo-vacca\" src=\"https:\/\/archiviogioia.lavocedelpaese.info\/wp-content\/uploads\/2011\/10\/alfredo-vacca.jpg\" height=\"182\" width=\"150\" srcset=\"https:\/\/archiviogioia.lavocedelpaese.info\/wp-content\/uploads\/2011\/10\/alfredo-vacca.jpg 389w, https:\/\/archiviogioia.lavocedelpaese.info\/wp-content\/uploads\/2011\/10\/alfredo-vacca-247x300.jpg 247w\" sizes=\"auto, (max-width: 150px) 100vw, 150px\" \/><\/strong>uce da una campagna stampa e web di tutto rispetto <strong>ha tentato per tutta la sera di riportare sul tema i due architetti<\/strong>, persi nei loro utopistici sogni di gloria, vuoi nel centro storico (ma chi \u00e8 che ha scritto che \u00e8 uno dei pi\u00f9 belli?), vuoi in altre architetture mentali, accademicamente impeccabili ma \u201cdevianti\u201d dal tema.<\/p>\n<p style=\"text-align: justify;\"><strong>Punge, incalza, provoca<\/strong>, si \u00e8 preparato sull\u2019argomento e <strong>cerca in<\/strong><strong><img loading=\"lazy\" decoding=\"async\" class=\" alignright size-full wp-image-8133\" style=\"margin: 4px; float: right;\" alt=\"vito-angelillo\" src=\"https:\/\/archiviogioia.lavocedelpaese.info\/wp-content\/uploads\/2011\/02\/vito-angelillo.jpg\" height=\"183\" width=\"180\" srcset=\"https:\/\/archiviogioia.lavocedelpaese.info\/wp-content\/uploads\/2011\/02\/vito-angelillo.jpg 464w, https:\/\/archiviogioia.lavocedelpaese.info\/wp-content\/uploads\/2011\/02\/vito-angelillo-295x300.jpg 295w\" sizes=\"auto, (max-width: 180px) 100vw, 180px\" \/><\/strong><strong> tutti i modi di far promettere al sindaco interventi mirati nei due quartieri<\/strong>. Una mezza promessa al primo cittadino la strappa pure, ma con i due accademici la battaglia \u00e8 persa in partenza! Se uno impara a memoria la sua relazione, \u00e8 chiaro che poi \u00e8 \u201cimpreparato\u201d alle domande, o no?<\/p>\n<p style=\"text-align: justify;\"><strong>Vinci, invece, tiene fermo il mirino<\/strong>, <strong>le sue argomentazioni sono chiare<\/strong>: il cittadino ha diritto ai servi<img loading=\"lazy\" decoding=\"async\" class=\" alignleft size-full wp-image-14988\" style=\"margin: 4px; float: left;\" alt=\"vito-vinci-chiostro\" src=\"https:\/\/archiviogioia.lavocedelpaese.info\/wp-content\/uploads\/2011\/10\/vito-vinci-chiostro.jpg\" height=\"170\" width=\"150\" srcset=\"https:\/\/archiviogioia.lavocedelpaese.info\/wp-content\/uploads\/2011\/10\/vito-vinci-chiostro.jpg 417w, https:\/\/archiviogioia.lavocedelpaese.info\/wp-content\/uploads\/2011\/10\/vito-vinci-chiostro-265x300.jpg 265w\" sizes=\"auto, (max-width: 150px) 100vw, 150px\" \/>zi di quartiere, oltre alle normative <strong>ci sono seicento firme raccolte dal Circolo Libert\u00e0 <\/strong><strong>e Giustizia P. Calamandrei<\/strong> di cui \u00e8 presidente ad attestarlo con forza, l\u2019amministrazione di qualunque colore sia \u201cscelta con <strong>una crocetta che non deve diventare una croce per cinque anni<\/strong>\u201d deve fare la sua parte e deve farla bene.<\/p>\n<div style=\"text-align: justify;\"><\/div>\n<p style=\"text-align: justify;\"><strong>Accanto a lui ci poteva essere anche un sindaco di sinistra, nulla sarebbe cambiato<\/strong>. E, da buon maestro, non risparmia citazioni ed aforismi.<\/p>\n<div style=\"text-align: justify;\"><\/div>\n<p style=\"text-align: justify;\">\u201d<strong>In democrazia bisogna aver cura di scegliere e mettere al governo politici onesti<\/strong> e controllarli come se fossero disonesti, que<img loading=\"lazy\" decoding=\"async\" class=\" alignright size-full wp-image-14989\" style=\"margin: 4px; float: right;\" alt=\"verde-attrezzato-relatori\" src=\"https:\/\/archiviogioia.lavocedelpaese.info\/wp-content\/uploads\/2011\/10\/verde-attrezzato-relatori.jpg\" height=\"200\" width=\"300\" srcset=\"https:\/\/archiviogioia.lavocedelpaese.info\/wp-content\/uploads\/2011\/10\/verde-attrezzato-relatori.jpg 472w, https:\/\/archiviogioia.lavocedelpaese.info\/wp-content\/uploads\/2011\/10\/verde-attrezzato-relatori-300x200.jpg 300w\" sizes=\"auto, (max-width: 300px) 100vw, 300px\" \/>sto lo diceva Pericle, solo cos\u00ec si sentiranno dissuasi dallo scendere a compromessi e farsi corrompere.\u201d<\/p>\n<div style=\"text-align: justify;\"><\/div>\n<p style=\"text-align: justify;\">Un\u2019altra citazione condivisibile \u00e8 che <strong>la societ\u00e0 si rispecchia nella politica. Se la politica \u00e8 corrotta<\/strong>, chiede favori, sostiene la prassi del clientelismo e del \u201cdo ut des\u201d <strong>\u00e8 perch\u00e9 lo \u00e8 anche la societ\u00e0, e viceversa<\/strong>, una societ\u00e0 sana, onesta che crede nei valori e nel rispetto delle regole si rispecchia (ed esprime) in una politica altrettanto valoriale.<\/p>\n<div style=\"text-align: justify;\"><\/div>\n<p style=\"text-align: justify;\"><strong>Vinci<\/strong>, quindi, <strong>accetta la sfida e risponde alle domande di Stoppini<\/strong>, conferma anche che non ha nessuna intenzione di candidarsi\u2026 ha <img loading=\"lazy\" decoding=\"async\" class=\" alignleft size-full wp-image-14990\" style=\"margin: 4px; float: left;\" alt=\"piero-longo-verde\" src=\"https:\/\/archiviogioia.lavocedelpaese.info\/wp-content\/uploads\/2011\/10\/piero-longo-verde.jpg\" height=\"202\" width=\"150\" srcset=\"https:\/\/archiviogioia.lavocedelpaese.info\/wp-content\/uploads\/2011\/10\/piero-longo-verde.jpg 351w, https:\/\/archiviogioia.lavocedelpaese.info\/wp-content\/uploads\/2011\/10\/piero-longo-verde-223x300.jpg 223w\" sizes=\"auto, (max-width: 150px) 100vw, 150px\" \/>gi\u00e0 dato!<\/p>\n<p style=\"text-align: justify;\"><strong>Alcuni interventi han<\/strong><strong>no \u201cacceso\u201d la serata<\/strong>, altri sono stati alquanto soporiferi. Il professor <strong>Giorgio Gasparre si porta la sedia accanto al tavolo<\/strong> e fa le sue domande capziose al sindaco\u2026 Tanto per cambiare nessuna risposta, in perfetto stile Berlusconi \u2013 La Repubblica.<\/p>\n<p style=\"text-align: justify;\"><strong>Intervento fiume e auto celebrativo quello dell\u2019ingegner Antonio Oliva<\/strong>, che parla del giardino che il Rotary attrezzer\u00e0 quando gli sar\u00e0 permesso, il sindaco prende la palla e tenta l\u2019assist, l\u00ec va sul sicuro, tanto soldi per realizzare qualcosa non ce ne sono.<\/p>\n<p style=\"text-align: justify;\"><strong>Al cittadino<\/strong> <strong>che protesta<\/strong> per il chiasso nei pressi dei giardini allestiti nei quartieri e all\u2019altro che lamenta la mancanza anche di servizi min<strong><img loading=\"lazy\" decoding=\"async\" class=\" alignright size-full wp-image-14991\" style=\"margin: 4px; float: right;\" alt=\"verde-attrezzato-pubblico5\" src=\"https:\/\/archiviogioia.lavocedelpaese.info\/wp-content\/uploads\/2011\/10\/verde-attrezzato-pubblico5.jpg\" height=\"186\" width=\"320\" srcset=\"https:\/\/archiviogioia.lavocedelpaese.info\/wp-content\/uploads\/2011\/10\/verde-attrezzato-pubblico5.jpg 472w, https:\/\/archiviogioia.lavocedelpaese.info\/wp-content\/uploads\/2011\/10\/verde-attrezzato-pubblico5-300x174.jpg 300w\" sizes=\"auto, (max-width: 320px) 100vw, 320px\" \/><\/strong>imi <strong>e fa delle proposte concrete qualche applauso<\/strong>, <strong>ma \u00e8 Pinuccio Eramo che alza l\u2019audience<\/strong>, <strong>proclamando<\/strong> &#8211; carte alla mano &#8211; <strong>che<\/strong> <strong>gli speculatori sono benefattori della citt\u00e0<\/strong> perch\u00e9 \u201cregalano\u201d all\u2019amministrazione spazi da gestire e non \u00e8 giusto che vengano denunciati insieme alle imprese edilizie che trasformano in mattoni le zone F e quelle rurali. <strong>Ovviamente parla con<\/strong><strong> cognizione di causa<\/strong>, <strong>essendo<\/strong> <strong>direttore di banca<\/strong>, proprietario terriero, amministratore dei beni di un noto imprenditore gioiese, <strong>ex consigliere di Povia e Mastrovito<\/strong>, docente dell\u2019U.T.E. e vicino anche all\u2019attuale amministrazione.<\/p>\n<p style=\"text-align: justify;\"><strong>Stoppini lo \u201cstoppa\u201d, siamo fuori argomento, ma Eramo alza la voce, indignato<\/strong>. Ancor pi\u00f9 indignato il pubblico, vuoi vedere che vuole pure l\u2019applauso?<\/p>\n<p style=\"text-align: justify;\"><strong>Il giorno dopo immagino c<\/strong><strong><img loading=\"lazy\" decoding=\"async\" class=\" alignleft size-full wp-image-14992\" style=\"margin: 4px; float: left;\" alt=\"verde-attrezzato-pubblico\" src=\"https:\/\/archiviogioia.lavocedelpaese.info\/wp-content\/uploads\/2011\/10\/verde-attrezzato-pubblico.jpg\" height=\"200\" width=\"300\" srcset=\"https:\/\/archiviogioia.lavocedelpaese.info\/wp-content\/uploads\/2011\/10\/verde-attrezzato-pubblico.jpg 472w, https:\/\/archiviogioia.lavocedelpaese.info\/wp-content\/uploads\/2011\/10\/verde-attrezzato-pubblico-300x200.jpg 300w\" sizes=\"auto, (max-width: 300px) 100vw, 300px\" \/><\/strong><strong>he la redazione di Gioianet pubblichi la sua bella \u201ccronaca\u201d\u2026 Nulla<\/strong>, <strong>Anche Stoppini tace<\/strong>. Il sabato successivo <strong>leggo sulla \u201cconcorrenza<\/strong>\u201d settimanale un articolo con due foto, in una <strong>hanno \u201ccancellato\u201d il povero Stoppini<\/strong> (per\u00f2 chi scrive lo nomina), nell\u2019altra si vede il chiostro prima dell\u2019inizio e<strong> c\u2019\u00e8 scritto <\/strong>sotto<strong> \u201cPochissime persone presenti all\u2019incontro\u201d<\/strong>. <strong>Niente di pi\u00f9 falso<\/strong>!<\/p>\n<p style=\"text-align: justify;\"><strong>Vuoi vedere che <\/strong>tra un articolo e l\u2019altro,<strong> si so<\/strong><strong>no confusi<\/strong>\u2026 oppure<strong> non volevano s<\/strong><strong>i sapesse che l\u2019incontro \u00e8 stato un vero successo<\/strong>, anche di pubblico,<strong> <\/strong>ben<strong> oltre 100 gli spettatori presenti. Cosa mai vista<\/strong>, a detta dei presenti,<strong> per un argomento cos\u00ec ostico. Che figura! <\/strong><\/p>\n<p style=\"text-align: justify;\"><strong> <\/strong><strong><img loading=\"lazy\" decoding=\"async\" class=\" alignright size-full wp-image-14993\" style=\"margin: 4px; float: right;\" alt=\"verde-attrezzato-pubblico4\" src=\"https:\/\/archiviogioia.lavocedelpaese.info\/wp-content\/uploads\/2011\/10\/verde-attrezzato-pubblico4.jpg\" height=\"200\" width=\"300\" srcset=\"https:\/\/archiviogioia.lavocedelpaese.info\/wp-content\/uploads\/2011\/10\/verde-attrezzato-pubblico4.jpg 472w, https:\/\/archiviogioia.lavocedelpaese.info\/wp-content\/uploads\/2011\/10\/verde-attrezzato-pubblico4-300x200.jpg 300w\" sizes=\"auto, (max-width: 300px) 100vw, 300px\" \/><\/strong><\/p>\n<p style=\"text-align: justify;\"><strong>Un\u2019amica mi accenna ad un servizio su una delle due emittenti presenti<\/strong>, quella legata allo stesso settimanale ed alla Gazzetta del Mezzogiorno, essendo la stessa giornalista a bazzicare le tre redazioni, oltre che ad aprire la posta diretta al sindaco prima di lui e a leggere quello che gli scrivono (ma questo era un altro servizio!).<\/p>\n<p style=\"text-align: justify;\"><strong>Trovo il video e\u2026 udite udite! Non solo Stoppini non \u00e8 nominato<\/strong> (<strong>come anche sull\u2019articolo del 6 ottobre sulla Gazzetta<\/strong>), non solo non \u00e8 beccato dalle telecamere neanche di striscio o per sbaglio, ma nell\u2019inquadratura del manifesto arrivano quasi vicino al suo nome e\u2026 zummano altrove! <strong>Praticament<\/strong><strong>e non esiste! <\/strong><strong>Che mega censura!<\/strong> E proprio dai suoi amici di programmi televisivi pre &#8211; elezioni di Longo!<\/p>\n<p style=\"text-align: justify;\"><strong>Ho chiesto a Stoppini, per <\/strong><img loading=\"lazy\" decoding=\"async\" class=\" alignleft size-full wp-image-14994\" style=\"margin: 4px; float: left;\" alt=\"donato_stoppini_intervista\" src=\"https:\/\/archiviogioia.lavocedelpaese.info\/wp-content\/uploads\/2011\/10\/donato_stoppini_intervista.jpg\" height=\"200\" width=\"300\" srcset=\"https:\/\/archiviogioia.lavocedelpaese.info\/wp-content\/uploads\/2011\/10\/donato_stoppini_intervista.jpg 800w, https:\/\/archiviogioia.lavocedelpaese.info\/wp-content\/uploads\/2011\/10\/donato_stoppini_intervista-300x200.jpg 300w, https:\/\/archiviogioia.lavocedelpaese.info\/wp-content\/uploads\/2011\/10\/donato_stoppini_intervista-768x511.jpg 768w\" sizes=\"auto, (max-width: 300px) 100vw, 300px\" \/><strong>dovere di cronaca, cosa mai ha fatto per essere cos\u00ec censurato e oscurato<\/strong>.<\/p>\n<p style=\"text-align: justify;\">Mi ha risposto: \u201c<strong>Forse perch\u00e9 ho lavorato gratis, senza neanche un rimborso spese<\/strong>, credendo in un progetto televisivo e in una crescita dell\u2019emittente. Con il passaggio al satellitare, venne meno l\u2019interesse su Gioia, in quanto l\u2019amministrazione decise di non accettare la proposta fatta dal titolare dell\u2019emittente di filmare eventi politici e culturali in cambio di un contributo. <strong>Suppongo non piacessero le mie conduzioni, senza<\/strong><strong> domande preconfezionate e senza possibilit\u00e0 di pilotare il tutto<\/strong>. Nello stesso periodo si\u00a0 interruppe anche la collaborazione con un quotidiano, per gli stessi motivi. <strong>Se non si \u00e8 al servizio della politic<\/strong><strong><img loading=\"lazy\" decoding=\"async\" class=\" alignright size-full wp-image-14995\" style=\"margin: 4px; float: right;\" alt=\"incontro_servizi_quartiere\" src=\"https:\/\/archiviogioia.lavocedelpaese.info\/wp-content\/uploads\/2011\/10\/incontro_servizi_quartiere.jpg\" height=\"348\" width=\"244\" srcset=\"https:\/\/archiviogioia.lavocedelpaese.info\/wp-content\/uploads\/2011\/10\/incontro_servizi_quartiere.jpg 503w, https:\/\/archiviogioia.lavocedelpaese.info\/wp-content\/uploads\/2011\/10\/incontro_servizi_quartiere-210x300.jpg 210w\" sizes=\"auto, (max-width: 244px) 100vw, 244px\" \/><\/strong><strong>a e dei politici e si crede nella libert\u00e0 di pensiero, non lavori neanche \u201cgratis\u201d, questa \u00e8 la morale<\/strong>! Ma sono ostinato e continuo a crederci, nonostante tutto! <strong>Se oggi \u201critornano\u201d<\/strong> con dirette televisive e sentivo anche con programmi nel chiostro, <strong>devo dedurre che qualcuno paghi o abbia promesso di pagare<\/strong>, magari in previsione di elezioni, e che si preferisca incoraggiare un tipo di informazione che fa fare bella figura ai politici e non che chieda vere risposte per la citt\u00e0. <strong>Personalmente questo tipo edulcorato di informazione no<\/strong><strong>n mi interessa<\/strong>, non serve e soprattutto non informa sui veri problemi.\u201d<\/p>\n<p style=\"text-align: justify;\"><strong>A quel punto aspetto di leggere sul quindicinale e sul bimestrale la fatidica cronaca<\/strong>. Sul primo qualcosa c\u2019\u00e8, almeno non \u201camputano\u201d Stoppini dalla foto, <strong>ma di ci\u00f2 che ha detto e fatto nulla<\/strong>.<\/p>\n<p style=\"text-align: justify;\"><strong>Sul secondo<\/strong> (di cui \u00e8 lui stesso redattore) il colmo! <strong>Neanche due righe! E che fa, si autocensura da solo?<\/strong><\/p>\n<p style=\"text-align: justify;\"><strong>Scene da paperissima su stampa e in-chiostro<\/strong>, per riderci un po\u2019\u2026 in web.<\/p>\n<p style=\"text-align: justify;\">Si ringrazia <strong>Mario Di Giuseppe<\/strong> per il suo contributo fotografico.<\/p>\n","protected":false},"excerpt":{"rendered":"","protected":false},"author":1,"featured_media":14983,"comment_status":"open","ping_status":"closed","sticky":false,"template":"","format":"standard","meta":{"colormag_page_container_layout":"default_layout","colormag_page_sidebar_layout":"default_layout","footnotes":""},"categories":[4],"tags":[],"class_list":["post-15016","post","type-post","status-publish","format-standard","has-post-thumbnail","hentry","category-politica"],"_links":{"self":[{"href":"https:\/\/archiviogioia.lavocedelpaese.info\/index.php?rest_route=\/wp\/v2\/posts\/15016","targetHints":{"allow":["GET"]}}],"collection":[{"href":"https:\/\/archiviogioia.lavocedelpaese.info\/index.php?rest_route=\/wp\/v2\/posts"}],"about":[{"href":"https:\/\/archiviogioia.lavocedelpaese.info\/index.php?rest_route=\/wp\/v2\/types\/post"}],"author":[{"embeddable":true,"href":"https:\/\/archiviogioia.lavocedelpaese.info\/index.php?rest_route=\/wp\/v2\/users\/1"}],"replies":[{"embeddable":true,"href":"https:\/\/archiviogioia.lavocedelpaese.info\/index.php?rest_route=%2Fwp%2Fv2%2Fcomments&post=15016"}],"version-history":[{"count":0,"href":"https:\/\/archiviogioia.lavocedelpaese.info\/index.php?rest_route=\/wp\/v2\/posts\/15016\/revisions"}],"wp:featuredmedia":[{"embeddable":true,"href":"https:\/\/archiviogioia.lavocedelpaese.info\/index.php?rest_route=\/wp\/v2\/media\/14983"}],"wp:attachment":[{"href":"https:\/\/archiviogioia.lavocedelpaese.info\/index.php?rest_route=%2Fwp%2Fv2%2Fmedia&parent=15016"}],"wp:term":[{"taxonomy":"category","embeddable":true,"href":"https:\/\/archiviogioia.lavocedelpaese.info\/index.php?rest_route=%2Fwp%2Fv2%2Fcategories&post=15016"},{"taxonomy":"post_tag","embeddable":true,"href":"https:\/\/archiviogioia.lavocedelpaese.info\/index.php?rest_route=%2Fwp%2Fv2%2Ftags&post=15016"}],"curies":[{"name":"wp","href":"https:\/\/api.w.org\/{rel}","templated":true}]}}