{"id":151,"date":"2010-01-25T21:48:37","date_gmt":"2010-01-25T21:48:37","guid":{"rendered":"https:\/\/archiviogioia.lavocedelpaese.info\/?p=151"},"modified":"2010-01-25T21:48:37","modified_gmt":"2010-01-25T21:48:37","slug":"gianluigi-nuzzi-presenta-al-classico-vaticano-spa","status":"publish","type":"post","link":"https:\/\/archiviogioia.lavocedelpaese.info\/?p=151","title":{"rendered":"GIANLUIGI NUZZI PRESENTA AL CLASSICO \u201cVATICANO S.P.A.\u201c"},"content":{"rendered":"<p><img loading=\"lazy\" decoding=\"async\" class=\" alignleft size-full wp-image-149\" style=\"margin: 5px; float: left;\" alt=\"vaticano-spa-autore\" src=\"https:\/\/archiviogioia.lavocedelpaese.info\/wp-content\/uploads\/2010\/01\/vaticano-spa-autore.jpg\" width=\"320\" height=\"150\" srcset=\"https:\/\/archiviogioia.lavocedelpaese.info\/wp-content\/uploads\/2010\/01\/vaticano-spa-autore.jpg 640w, https:\/\/archiviogioia.lavocedelpaese.info\/wp-content\/uploads\/2010\/01\/vaticano-spa-autore-300x141.jpg 300w\" sizes=\"auto, (max-width: 320px) 100vw, 320px\" \/> <\/p>\n<p><!--more--><\/p>\n<p style=\"text-align: justify;\"><strong>Gianluigi Nuzzi<\/strong>, inviato di \u201cPanorama\u201d e giornalista de \u201cIl Giornale\u201d presenter\u00e0 gioved\u00ec 28 gennaio nell\u2019Aula Magna del Liceo Classico P.V. Marone \u201c<strong>Vaticano S.p.A.<\/strong>\u201d, edito \u201cChiarelettere\u201d, un dossier lucido e spietato sui finanziamenti dello Ior, istituto bancario vaticano off shore, non soggetto quindi a inchieste giudiziarie in quanto \u201cnon italiano\u201d.<\/p>\n<div style=\"text-align: justify;\"><\/div>\n<p style=\"text-align: justify;\">Un evento particolarmente atteso, organizzato dal laboratorio di legalit\u00e0 e libera informazione <strong>&#8220;un&#8217;altra societ@&#8221;<\/strong> avviato dal <strong>Centro Studi Erasmo, Scuola di Formazione Socio Politica di Gioia del Colle<\/strong> in collaborazione con <strong>l&#8217;Associazione<\/strong> <strong>Cercasi un Fine<\/strong> \u2013 periodico di cultura e politica.<\/p>\n<div style=\"text-align: justify;\"><\/div>\n<p style=\"text-align: justify;\">Una storia che nasce dal 1971, dalle vicende di cui fu protagonista il segretario dello Ior <strong>Marcinkus<\/strong>, coinvolto nello scandalo del crac dell\u2019Ambrosiano di <strong>Roberto Calvi <\/strong>insieme a personaggi come <strong>Michele Sindona<\/strong> e <strong>Licio Gelli<\/strong>, oltre che sospettato di essere responsabile della morte improvvisa di <strong>Giovanni Paolo I<\/strong>.<\/p>\n<div style=\"text-align: justify;\"><\/div>\n<p style=\"text-align: justify;\">Una narrazione che si snoda per 18 anni, inseguendo sostegni economici occulti, riciclaggio e tangenti (una per tutte la Enimont) attraverso una rete finanziaria internazionale.<\/p>\n<div style=\"text-align: justify;\"><\/div>\n<p style=\"text-align: justify;\"><img loading=\"lazy\" decoding=\"async\" class=\" alignright size-full wp-image-150\" style=\"margin: 5px; float: right;\" alt=\"gianluigi-nuzzi\" src=\"https:\/\/archiviogioia.lavocedelpaese.info\/wp-content\/uploads\/2010\/01\/gianluigi-nuzzi.jpg\" width=\"247\" height=\"320\" srcset=\"https:\/\/archiviogioia.lavocedelpaese.info\/wp-content\/uploads\/2010\/01\/gianluigi-nuzzi.jpg 247w, https:\/\/archiviogioia.lavocedelpaese.info\/wp-content\/uploads\/2010\/01\/gianluigi-nuzzi-232x300.jpg 232w\" sizes=\"auto, (max-width: 247px) 100vw, 247px\" \/>Lo Ior \u00e8, di fatto, una banca estera impenetrabile, in questo luogo non sono autorizzate le intercettazioni, n\u00e9 le perquisizioni, n\u00e9 \u00e8 soggetto a filtri antiriciclaggio interbancari e internazionali tanto meno il personale pu\u00f2 essere interrogato. Un vero paradiso fiscale del quale in tanti imprenditori, politici e gente di potere, si sono serviti.<\/p>\n<div style=\"text-align: justify;\"><\/div>\n<p style=\"text-align: justify;\">Il libro \u2013 dichiara Gianluigi Nuzzi \u2013 nasce da un colpo di fortuna. Per la prima volta nella storia della Santa Sede e nella storia recente, un archivio sterminato di documenti contabili diventa pubblico grazie a <strong>Vaticano S.p.A<\/strong>., il quale racchiude l\u2019archivio personale di monsignor <strong>Renato Dardozzi<\/strong>, consulente e collaboratore dei segretari di stato <strong>Casaroli<\/strong> e <strong>Angelo Sodano<\/strong>. Dardozzi ha deciso di render pubblico alla sua morte questo delicato patrimonio di informazioni e dal 2008 ci ho lavorato su. Ci sono storie di conti occulti, di tangenti, di soldi che passano dai forzieri del Vaticano di cui fino ad oggi non si \u00e8 mai saputo nulla. C\u2019erano dei conti intestati a fondazioni benefiche sui quali sono circolati circa trecento milioni di euro. Uno di questi conti era intestato a Omissis, nome di copertura del Presidente <strong>Andreotti<\/strong>. Altri, dell\u2019importo di sessanta milioni di euro, erano intestati ad ancelle della Divina provvidenza, suore che dovevano costruire istituti per i malati di mente\u2026\u201d.<\/p>\n<p>\u00a0<\/p>\n","protected":false},"excerpt":{"rendered":"","protected":false},"author":1,"featured_media":149,"comment_status":"open","ping_status":"closed","sticky":false,"template":"","format":"standard","meta":{"colormag_page_container_layout":"default_layout","colormag_page_sidebar_layout":"default_layout","footnotes":""},"categories":[6],"tags":[],"class_list":["post-151","post","type-post","status-publish","format-standard","has-post-thumbnail","hentry","category-cultura"],"_links":{"self":[{"href":"https:\/\/archiviogioia.lavocedelpaese.info\/index.php?rest_route=\/wp\/v2\/posts\/151","targetHints":{"allow":["GET"]}}],"collection":[{"href":"https:\/\/archiviogioia.lavocedelpaese.info\/index.php?rest_route=\/wp\/v2\/posts"}],"about":[{"href":"https:\/\/archiviogioia.lavocedelpaese.info\/index.php?rest_route=\/wp\/v2\/types\/post"}],"author":[{"embeddable":true,"href":"https:\/\/archiviogioia.lavocedelpaese.info\/index.php?rest_route=\/wp\/v2\/users\/1"}],"replies":[{"embeddable":true,"href":"https:\/\/archiviogioia.lavocedelpaese.info\/index.php?rest_route=%2Fwp%2Fv2%2Fcomments&post=151"}],"version-history":[{"count":0,"href":"https:\/\/archiviogioia.lavocedelpaese.info\/index.php?rest_route=\/wp\/v2\/posts\/151\/revisions"}],"wp:featuredmedia":[{"embeddable":true,"href":"https:\/\/archiviogioia.lavocedelpaese.info\/index.php?rest_route=\/wp\/v2\/media\/149"}],"wp:attachment":[{"href":"https:\/\/archiviogioia.lavocedelpaese.info\/index.php?rest_route=%2Fwp%2Fv2%2Fmedia&parent=151"}],"wp:term":[{"taxonomy":"category","embeddable":true,"href":"https:\/\/archiviogioia.lavocedelpaese.info\/index.php?rest_route=%2Fwp%2Fv2%2Fcategories&post=151"},{"taxonomy":"post_tag","embeddable":true,"href":"https:\/\/archiviogioia.lavocedelpaese.info\/index.php?rest_route=%2Fwp%2Fv2%2Ftags&post=151"}],"curies":[{"name":"wp","href":"https:\/\/api.w.org\/{rel}","templated":true}]}}