{"id":15214,"date":"2011-10-15T04:51:08","date_gmt":"2011-10-15T04:51:08","guid":{"rendered":"https:\/\/archiviogioia.lavocedelpaese.info\/?p=15214"},"modified":"2011-10-15T04:51:08","modified_gmt":"2011-10-15T04:51:08","slug":"geatecno-new-volley-gioia-finalmente-si-parte-2","status":"publish","type":"post","link":"https:\/\/archiviogioia.lavocedelpaese.info\/?p=15214","title":{"rendered":"GEATECNO NEW VOLLEY GIOIA, FINALMENTE SI \u2026 PARTE"},"content":{"rendered":"<p><img loading=\"lazy\" decoding=\"async\" class=\" size-full wp-image-15212\" alt=\"new-volley-gioia-si-parte-\" src=\"https:\/\/archiviogioia.lavocedelpaese.info\/wp-content\/uploads\/2011\/10\/new-volley-gioia-si-parte-.jpg\" height=\"150\" width=\"320\" srcset=\"https:\/\/archiviogioia.lavocedelpaese.info\/wp-content\/uploads\/2011\/10\/new-volley-gioia-si-parte-.jpg 640w, https:\/\/archiviogioia.lavocedelpaese.info\/wp-content\/uploads\/2011\/10\/new-volley-gioia-si-parte--300x141.jpg 300w\" sizes=\"auto, (max-width: 320px) 100vw, 320px\" \/> <\/p>\n<p><!--more--><\/p>\n<p style=\"text-align: justify;\"><strong><img loading=\"lazy\" decoding=\"async\" class=\" alignleft size-full wp-image-3631\" style=\"margin: 4px; float: left;\" alt=\"cuscito-giuseppe2\" src=\"https:\/\/archiviogioia.lavocedelpaese.info\/wp-content\/uploads\/2010\/08\/cuscito-giuseppe2.jpg\" height=\"190\" width=\"159\" \/>Fine settimana ricca di impegni<\/strong><strong> per le ragazze del presidente Giuseppe Cuscito. <\/strong><strong>Sar\u00e0 presso il Chiostro Comunale<\/strong>, in Piazza Margherita di Savoia (ingresso principale del municipio), <strong>oggi 15 ottobre<\/strong>, con inizio alle ore 18.00, <strong>il luogo in cui si terr\u00e0 la presentazione ufficiale della Geatecno Gioia<\/strong>.<\/p>\n<p style=\"text-align: justify;\"><strong>Nel corso della serata verranno illustrati i progetti per la nuova stagione<\/strong> e si presenter\u00e0 <strong>l\u00b4intero staff della Associazione Sportiva New Volley Gioia, storica societ\u00e0 sportiva<\/strong> di pallavolo femminile e attualmente la pi\u00f9 anziana presente sul territorio gioiese. Durante la manifestazione sar\u00e0 allestito lo stand della Granarolo con alcuni prodotti-novit\u00e0 che saranno offerti ai presenti.<\/p>\n<p style=\"text-align: justify;\"><strong>Domenica 16<\/strong>, invece, <strong>la squadra si ritrover\u00e0 presso il <\/strong><strong><img loading=\"lazy\" decoding=\"async\" class=\" alignright size-full wp-image-7076\" style=\"margin: 4px; float: right;\" alt=\"michele-ironico\" src=\"https:\/\/archiviogioia.lavocedelpaese.info\/wp-content\/uploads\/2011\/01\/michele-ironico.jpg\" height=\"162\" width=\"150\" \/><\/strong><strong>palestrone per partire alla volta di Modugno<\/strong>, dove le ragazze di mister <strong>Michele Ironico<\/strong> esordiranno in campionato contro la formazione dell\u00b4<strong>Unione Pallavolo Modugno<\/strong>.<\/p>\n<p style=\"text-align: justify;\"><strong>L\u00b4inizio gara \u00e8 fissato alle ore 18.00 presso il Palazzetto<\/strong> di Modugno in via Paradiso n.2. La gara sar\u00e0 diretta dagli <strong>arbitri Palermo Giuseppe<\/strong> &#8211; <strong>Linsalata Carmine<\/strong>.<\/p>\n<p><strong>Tutti gli aggiornamenti sul campionato<\/strong> e sulla squadra sono disponibili sul sito ufficiale <a href=\"http:\/\/www.newvolleygioia.it\/\" target=\"_blank\" rel=\"noopener\">www.newvolleygioia.it<\/a>.<\/p>\n","protected":false},"excerpt":{"rendered":"","protected":false},"author":1,"featured_media":15212,"comment_status":"open","ping_status":"closed","sticky":false,"template":"","format":"standard","meta":{"colormag_page_container_layout":"default_layout","colormag_page_sidebar_layout":"default_layout","footnotes":""},"categories":[5],"tags":[],"class_list":["post-15214","post","type-post","status-publish","format-standard","has-post-thumbnail","hentry","category-sport"],"_links":{"self":[{"href":"https:\/\/archiviogioia.lavocedelpaese.info\/index.php?rest_route=\/wp\/v2\/posts\/15214","targetHints":{"allow":["GET"]}}],"collection":[{"href":"https:\/\/archiviogioia.lavocedelpaese.info\/index.php?rest_route=\/wp\/v2\/posts"}],"about":[{"href":"https:\/\/archiviogioia.lavocedelpaese.info\/index.php?rest_route=\/wp\/v2\/types\/post"}],"author":[{"embeddable":true,"href":"https:\/\/archiviogioia.lavocedelpaese.info\/index.php?rest_route=\/wp\/v2\/users\/1"}],"replies":[{"embeddable":true,"href":"https:\/\/archiviogioia.lavocedelpaese.info\/index.php?rest_route=%2Fwp%2Fv2%2Fcomments&post=15214"}],"version-history":[{"count":0,"href":"https:\/\/archiviogioia.lavocedelpaese.info\/index.php?rest_route=\/wp\/v2\/posts\/15214\/revisions"}],"wp:featuredmedia":[{"embeddable":true,"href":"https:\/\/archiviogioia.lavocedelpaese.info\/index.php?rest_route=\/wp\/v2\/media\/15212"}],"wp:attachment":[{"href":"https:\/\/archiviogioia.lavocedelpaese.info\/index.php?rest_route=%2Fwp%2Fv2%2Fmedia&parent=15214"}],"wp:term":[{"taxonomy":"category","embeddable":true,"href":"https:\/\/archiviogioia.lavocedelpaese.info\/index.php?rest_route=%2Fwp%2Fv2%2Fcategories&post=15214"},{"taxonomy":"post_tag","embeddable":true,"href":"https:\/\/archiviogioia.lavocedelpaese.info\/index.php?rest_route=%2Fwp%2Fv2%2Ftags&post=15214"}],"curies":[{"name":"wp","href":"https:\/\/api.w.org\/{rel}","templated":true}]}}