{"id":15421,"date":"2011-10-22T05:45:47","date_gmt":"2011-10-22T05:45:47","guid":{"rendered":"https:\/\/archiviogioia.lavocedelpaese.info\/?p=15421"},"modified":"2011-10-22T05:45:47","modified_gmt":"2011-10-22T05:45:47","slug":"azzerati-i-tagli-a-ministri-e-sottosegretari","status":"publish","type":"post","link":"https:\/\/archiviogioia.lavocedelpaese.info\/?p=15421","title":{"rendered":"AZZERATI I TAGLI A MINISTRI E SOTTOSEGRETARI"},"content":{"rendered":"<p><img loading=\"lazy\" decoding=\"async\" class=\" size-full wp-image-15417\" alt=\"governo_berlusconi-pp\" src=\"https:\/\/archiviogioia.lavocedelpaese.info\/wp-content\/uploads\/2011\/10\/governo_berlusconi-pp.jpg\" height=\"150\" width=\"320\" srcset=\"https:\/\/archiviogioia.lavocedelpaese.info\/wp-content\/uploads\/2011\/10\/governo_berlusconi-pp.jpg 640w, https:\/\/archiviogioia.lavocedelpaese.info\/wp-content\/uploads\/2011\/10\/governo_berlusconi-pp-300x141.jpg 300w\" sizes=\"auto, (max-width: 320px) 100vw, 320px\" \/> <\/p>\n<p><!--more--><\/p>\n<p style=\"text-align: justify;\"><strong><img loading=\"lazy\" decoding=\"async\" class=\" alignleft size-full wp-image-12897\" style=\"margin: 4px; float: left;\" alt=\"tremonti_giulio\" src=\"https:\/\/archiviogioia.lavocedelpaese.info\/wp-content\/uploads\/2011\/07\/tremonti_giulio.jpg\" height=\"198\" width=\"300\" \/>Un decreto dell&#8217;anno scorso decurtava gli stipendi pubblici superiori a 90 mila euro<\/strong>, a partire da gennaio 2011. <strong>Ma ora<\/strong>, rivela &#8220;Italia Oggi&#8221;, <strong>una circolare del dicastero dell&#8217;Economia spiega che i membri dell&#8217;esecutivo sono esclusi, in quanto &#8220;non dipendenti&#8221;<\/strong>. Le trattenute saranno quindi restituite &#8220;con la mensilit\u00e0 di novembre&#8221;<\/p>\n<div style=\"text-align: justify;\"><\/div>\n<p style=\"text-align: justify;\">A sentirla pare una notizia inventata dall\u2019ufficio propaganda degli indignati: in piena crisi, tra manovre lacrime e sangue e in attesa del decreto sviluppo, lo Stato restituisce soldi ai membri del governo. <strong>A raccontarlo, e a documentarlo, \u00e8 invece <em>Italia Oggi<\/em><\/strong>. <a href=\"http:\/\/www.italiaoggi.it\/news\/dettaglio_news.asp?id=201110191126035094&amp;chkAgenzie=ITALIAOGGI&amp;sez=newsPP&amp;titolo=Ministri%20rimborsati%20dei%20tagli\" target=\"_blank\" rel=\"noopener\">Il quotidiano economico riporta una circolare del ministero dell\u2019Economia, che dispone, appunto, la restituzione di quanto \u00e8 stato trattenuto dalle \u201cpaghe\u201d di ministri e sottosegretari in base ai tagli decisi l\u2019anno scorso suglio stipendi pubblici pi\u00f9 alti<\/a>.<\/p>\n<div style=\"text-align: justify;\"><\/div>\n<p style=\"text-align: justify;\"><strong><img loading=\"lazy\" decoding=\"async\" class=\" alignright size-full wp-image-15419\" style=\"margin: 4px; float: right;\" alt=\"governo_italiano\" src=\"https:\/\/archiviogioia.lavocedelpaese.info\/wp-content\/uploads\/2011\/10\/governo_italiano.jpg\" height=\"192\" width=\"300\" srcset=\"https:\/\/archiviogioia.lavocedelpaese.info\/wp-content\/uploads\/2011\/10\/governo_italiano.jpg 500w, https:\/\/archiviogioia.lavocedelpaese.info\/wp-content\/uploads\/2011\/10\/governo_italiano-300x192.jpg 300w\" sizes=\"auto, (max-width: 300px) 100vw, 300px\" \/>Il decreto legge 78 del 2010, che conteneva misure di \u201cstabilizzazione finanziaria\u201d<\/strong>, prevedeva che dal primo gennaio 2011 al 31 dicembre 2013 le retribuzioni dei dipendenti delle pubbliche amministrazioni superiori a 90.000 euro lordi annui fossero ridotti del 5 per cento per la parte oltre il \u201ctetto\u201d, e del 10 per cento per la parte superiore ai 150 mila euro.<\/p>\n<div style=\"text-align: justify;\"><\/div>\n<p style=\"text-align: justify;\"><strong>La riduzione \u00e8 quindi entrata in vigore e ha pesato sugli stipendi degli statali dall\u2019inizio dell\u2019anno<\/strong> a oggi, ministri, viceministri e sottosegretari compresi. Ma ora, rivela <em>Italia Oggi<\/em>, <strong>la circolare numero 150 del l\u201911 ottobre 2011<\/strong>, diramata dalla direzione centrale dei sistemi <img loading=\"lazy\" decoding=\"async\" class=\" alignleft size-full wp-image-12878\" style=\"margin: 4px; float: left;\" alt=\"berlusconi_-_bossi_intesa\" src=\"https:\/\/archiviogioia.lavocedelpaese.info\/wp-content\/uploads\/2011\/07\/berlusconi_-_bossi_intesa.jpg\" height=\"263\" width=\"250\" \/>informativi e dell\u2019innovazione del Ministero dell\u2019economia, <strong>spiega che chi siede al governo \u201cricopre una carica politica e non \u00e8 titolare di un rapporto di lavoro dipendente\u201d<\/strong>. Quindi a ministri e sottosegretari va restituito tutto quello che il fisco ha trattenuto quest\u2019anno. <strong>Il rimborso arriver\u00e0 a stretto giro di posta: \u201cSulla mensilit\u00e0 di novembre 2011\u201d<\/strong>, promette la circolare, \u201csi dar\u00e0 corso al rimborso di quanto trattenuto\u201d.<\/p>\n<div style=\"text-align: justify;\"><\/div>\n<p style=\"text-align: justify;\"><strong>E\u2019 lo stesso quotidiano a bollare la vicenda come \u201cun inghippo legale, ma scandaloso\u201d<\/strong>. E infatti l\u2019indignazione monta in Rete, a mano a mano che la notizia viene ripresa dai siti e blog. Data l\u2019aria che tira, checch\u00e9 dicano le norme, \u00e8 difficile mandare gi\u00f9 il paradosso che a essere rimborsati siano proprio quelli che decidono i tagli, e tutti gli altri paghino. <strong>Qualcuno si rifugia nell\u2019ironia: se i ministri non sono dipendenti, significa che sono \u201cprecari\u201d<\/strong>.<\/p>\n<div style=\"text-align: justify;\"><\/div>\n<p style=\"text-align: justify;\"><strong>Il ministero dell\u2019Economia<\/strong>, interpellato da <em>ilfattoquotidiano.it<\/em>, <strong>fa sapere che sta \u201cprocedendo alle verifiche\u201d<\/strong>.<\/p>\n","protected":false},"excerpt":{"rendered":"","protected":false},"author":1,"featured_media":15417,"comment_status":"open","ping_status":"closed","sticky":false,"template":"","format":"standard","meta":{"colormag_page_container_layout":"default_layout","colormag_page_sidebar_layout":"default_layout","footnotes":""},"categories":[4],"tags":[],"class_list":["post-15421","post","type-post","status-publish","format-standard","has-post-thumbnail","hentry","category-politica"],"_links":{"self":[{"href":"https:\/\/archiviogioia.lavocedelpaese.info\/index.php?rest_route=\/wp\/v2\/posts\/15421","targetHints":{"allow":["GET"]}}],"collection":[{"href":"https:\/\/archiviogioia.lavocedelpaese.info\/index.php?rest_route=\/wp\/v2\/posts"}],"about":[{"href":"https:\/\/archiviogioia.lavocedelpaese.info\/index.php?rest_route=\/wp\/v2\/types\/post"}],"author":[{"embeddable":true,"href":"https:\/\/archiviogioia.lavocedelpaese.info\/index.php?rest_route=\/wp\/v2\/users\/1"}],"replies":[{"embeddable":true,"href":"https:\/\/archiviogioia.lavocedelpaese.info\/index.php?rest_route=%2Fwp%2Fv2%2Fcomments&post=15421"}],"version-history":[{"count":0,"href":"https:\/\/archiviogioia.lavocedelpaese.info\/index.php?rest_route=\/wp\/v2\/posts\/15421\/revisions"}],"wp:featuredmedia":[{"embeddable":true,"href":"https:\/\/archiviogioia.lavocedelpaese.info\/index.php?rest_route=\/wp\/v2\/media\/15417"}],"wp:attachment":[{"href":"https:\/\/archiviogioia.lavocedelpaese.info\/index.php?rest_route=%2Fwp%2Fv2%2Fmedia&parent=15421"}],"wp:term":[{"taxonomy":"category","embeddable":true,"href":"https:\/\/archiviogioia.lavocedelpaese.info\/index.php?rest_route=%2Fwp%2Fv2%2Fcategories&post=15421"},{"taxonomy":"post_tag","embeddable":true,"href":"https:\/\/archiviogioia.lavocedelpaese.info\/index.php?rest_route=%2Fwp%2Fv2%2Ftags&post=15421"}],"curies":[{"name":"wp","href":"https:\/\/api.w.org\/{rel}","templated":true}]}}