{"id":15447,"date":"2011-10-23T10:38:37","date_gmt":"2011-10-23T10:38:37","guid":{"rendered":"https:\/\/archiviogioia.lavocedelpaese.info\/?p=15447"},"modified":"2011-10-23T10:38:37","modified_gmt":"2011-10-23T10:38:37","slug":"volley-joya-dai-giovani-nuove-conferme-2","status":"publish","type":"post","link":"https:\/\/archiviogioia.lavocedelpaese.info\/?p=15447","title":{"rendered":"VOLLEY J\u00d3YA: DAI GIOVANI NUOVE CONFERME"},"content":{"rendered":"<p><img loading=\"lazy\" decoding=\"async\" class=\" size-full wp-image-15440\" alt=\"volley-joya-prime-gare-pp\" src=\"https:\/\/archiviogioia.lavocedelpaese.info\/wp-content\/uploads\/2011\/10\/volley-joya-prime-gare-pp.jpg\" height=\"150\" width=\"320\" srcset=\"https:\/\/archiviogioia.lavocedelpaese.info\/wp-content\/uploads\/2011\/10\/volley-joya-prime-gare-pp.jpg 640w, https:\/\/archiviogioia.lavocedelpaese.info\/wp-content\/uploads\/2011\/10\/volley-joya-prime-gare-pp-300x141.jpg 300w\" sizes=\"auto, (max-width: 320px) 100vw, 320px\" \/> <\/p>\n<p><!--more--><\/p>\n<p style=\"text-align: justify;\"><strong>Nuova tornata di impegni per il T<\/strong><img loading=\"lazy\" decoding=\"async\" class=\" alignleft size-full wp-image-15441\" style=\"margin: 4px; float: left;\" alt=\"volley-joya-giovani\" src=\"https:\/\/archiviogioia.lavocedelpaese.info\/wp-content\/uploads\/2011\/10\/volley-joya-giovani.jpg\" height=\"192\" width=\"321\" srcset=\"https:\/\/archiviogioia.lavocedelpaese.info\/wp-content\/uploads\/2011\/10\/volley-joya-giovani.jpg 655w, https:\/\/archiviogioia.lavocedelpaese.info\/wp-content\/uploads\/2011\/10\/volley-joya-giovani-300x179.jpg 300w\" sizes=\"auto, (max-width: 321px) 100vw, 321px\" \/><strong>eam Volley J\u00f2ya<\/strong>, che vedr\u00e0 spalmate tutte le gare dei campionati in calendario in questo periodo <strong>in ben quattro giorni<\/strong>.<\/p>\n<div style=\"text-align: justify;\"><\/div>\n<p style=\"text-align: justify;\"><strong>Si \u00e8 cominciato, come sempre, con i campionati regionali e provinciali<\/strong>, in cui le formazioni biancorosse sono state chiamate a dare seguito al positivo avvio di stagione fatto registrare in occasione del primo turno.<\/p>\n<div style=\"text-align: justify;\"><\/div>\n<p style=\"text-align: justify;\"><strong>I primi a scendere in campo sono stati i ragazzi<\/strong> di serie D, <strong>guidati da Tommaso Panessa<\/strong>. Reduci dal sonoro 3-0 <img loading=\"lazy\" decoding=\"async\" class=\" alignright size-full wp-image-15442\" style=\"margin: 4px; float: right;\" alt=\"Prima_Divisione_jya\" src=\"https:\/\/archiviogioia.lavocedelpaese.info\/wp-content\/uploads\/2011\/10\/Prima_Divisione_jya.jpg\" height=\"152\" width=\"331\" srcset=\"https:\/\/archiviogioia.lavocedelpaese.info\/wp-content\/uploads\/2011\/10\/Prima_Divisione_jya.jpg 1123w, https:\/\/archiviogioia.lavocedelpaese.info\/wp-content\/uploads\/2011\/10\/Prima_Divisione_jya-300x138.jpg 300w, https:\/\/archiviogioia.lavocedelpaese.info\/wp-content\/uploads\/2011\/10\/Prima_Divisione_jya-1024x470.jpg 1024w, https:\/\/archiviogioia.lavocedelpaese.info\/wp-content\/uploads\/2011\/10\/Prima_Divisione_jya-768x352.jpg 768w\" sizes=\"auto, (max-width: 331px) 100vw, 331px\" \/>inflitto alla Materdomini Volley.it <strong>capitan Milano e compagni<\/strong> proseguono sulla stessa strada anche a Grottaglie dove ieri <strong>hanno battuto la Hobby Colorobbia Volley per 3 set a 1<\/strong>.<\/p>\n<div style=\"text-align: justify;\"><\/div>\n<p style=\"text-align: justify;\"><strong>La preannunciata gara dalle maggiori insidie rispetto all\u2019esibizione con Cas<\/strong><strong>tellana<\/strong>, contro un avversario reduce da un ko alla prima di campionato (1-3 a Sammichele contro il GS Atletico) e quindi gi\u00e0 costretto a inseguire e a fornire delle risposte, <strong>c\u2019\u00e8 stata ma non tale da frenare i nostri ragazzi<\/strong>.<strong><img loading=\"lazy\" decoding=\"async\" class=\" alignleft size-full wp-image-15443\" style=\"margin: 4px; float: left;\" alt=\"Under_16_Maschile\" src=\"https:\/\/archiviogioia.lavocedelpaese.info\/wp-content\/uploads\/2011\/10\/Under_16_Maschile.jpg\" height=\"173\" width=\"319\" \/><\/strong><\/p>\n<div style=\"text-align: justify;\"><\/div>\n<p style=\"text-align: justify;\"><strong>Questa mattina, invece<\/strong>, presso il PalaKouznetsov, <strong>Marco Paglialunga e i suoi ragazzi di Prima Divisione, hanno<\/strong> <strong>cercato di fare bottino pieno anche <\/strong><strong>contro la Geda Volley Trani<\/strong>, nobile decaduta che all\u2019esordio ha piegato 3-1 la Caf Cisl Gioia e che quindi condivide il punteggio dei biancorossi, <strong>ma non sono riusciti nel loro intento<\/strong>. L\u2019incontro si \u00e8 concluso con il punteggio di 3 set a 1 a favore degli ospiti tranesi.<img loading=\"lazy\" decoding=\"async\" class=\" alignright size-full wp-image-15445\" style=\"margin: 4px; float: right;\" alt=\"volley-joya-under-serie-D\" src=\"https:\/\/archiviogioia.lavocedelpaese.info\/wp-content\/uploads\/2011\/10\/volley-joya-under-serie-D.jpg\" height=\"322\" width=\"148\" srcset=\"https:\/\/archiviogioia.lavocedelpaese.info\/wp-content\/uploads\/2011\/10\/volley-joya-under-serie-D.jpg 249w, https:\/\/archiviogioia.lavocedelpaese.info\/wp-content\/uploads\/2011\/10\/volley-joya-under-serie-D-138x300.jpg 138w\" sizes=\"auto, (max-width: 148px) 100vw, 148px\" \/><\/p>\n<div style=\"text-align: justify;\"><\/div>\n<p style=\"text-align: justify;\"><strong>Subito dopo c\u2019\u00e8 stata la gara inaugurale per la Under 16 Maschile<\/strong>, che, alle ore 11, ha debuttato positivamente <strong>contro la ASD Amicizia Volley Acquaviva<\/strong>. <strong>I rag<\/strong><strong>azzi della compagine gioiese si sono imposti con un eloquente 3 a 0<\/strong>. E\u2019 stata comunque una intensa, l\u2019ennesima, sfida a livello giovanile tra le rappresentative di volley delle due citt\u00e0.<\/p>\n<div style=\"text-align: justify;\"><\/div>\n<p style=\"text-align: justify;\"><strong>Ancora Acquaviva<\/strong>, nella fattispecie della societ\u00e0 <strong>Volley 2000 Acquaviva-Cassano, sul<\/strong><strong>la strada dei biancorossi<\/strong>, stavolta <strong>a livello femminile<\/strong>. <strong>Luned\u00ec 24<\/strong>, alle ore 16.30 sempre presso il Palestrone di Gioia, <strong>sar\u00e0 la Under 16 di Spicolo a provare il sorpasso contro la seconda della classe<\/strong>, reduce da due successi e avanti di due lunghezze rispetto alle ragazze dell\u2019Academy.<\/p>\n<div style=\"text-align: justify;\"><\/div>\n<p style=\"text-align: justify;\"><strong>Infine <\/strong>a met\u00e0 settimana, precisamente <strong>gioved\u00ec 27 alle ore 19, sar\u00e0 la volta della Under 18 Maschile<\/strong>, ancora una volta <strong>in trasferta, a Ma<\/strong><strong>tera<\/strong>, <strong>contro i lucani capoclassifica<\/strong> ma con una gara e un solo punto in pi\u00f9 dei <strong>giovani di Leo Castellaneta<\/strong><\/p>\n<div style=\"text-align: justify;\"><\/div>\n<p style=\"text-align: right;\">(<strong>Giuseppe Leronni<\/strong> &#8211; Ufficio Stampa Team Volley J\u00f2ya)<\/p>\n","protected":false},"excerpt":{"rendered":"","protected":false},"author":1,"featured_media":15440,"comment_status":"open","ping_status":"closed","sticky":false,"template":"","format":"standard","meta":{"colormag_page_container_layout":"default_layout","colormag_page_sidebar_layout":"default_layout","footnotes":""},"categories":[5],"tags":[],"class_list":["post-15447","post","type-post","status-publish","format-standard","has-post-thumbnail","hentry","category-sport"],"_links":{"self":[{"href":"https:\/\/archiviogioia.lavocedelpaese.info\/index.php?rest_route=\/wp\/v2\/posts\/15447","targetHints":{"allow":["GET"]}}],"collection":[{"href":"https:\/\/archiviogioia.lavocedelpaese.info\/index.php?rest_route=\/wp\/v2\/posts"}],"about":[{"href":"https:\/\/archiviogioia.lavocedelpaese.info\/index.php?rest_route=\/wp\/v2\/types\/post"}],"author":[{"embeddable":true,"href":"https:\/\/archiviogioia.lavocedelpaese.info\/index.php?rest_route=\/wp\/v2\/users\/1"}],"replies":[{"embeddable":true,"href":"https:\/\/archiviogioia.lavocedelpaese.info\/index.php?rest_route=%2Fwp%2Fv2%2Fcomments&post=15447"}],"version-history":[{"count":0,"href":"https:\/\/archiviogioia.lavocedelpaese.info\/index.php?rest_route=\/wp\/v2\/posts\/15447\/revisions"}],"wp:featuredmedia":[{"embeddable":true,"href":"https:\/\/archiviogioia.lavocedelpaese.info\/index.php?rest_route=\/wp\/v2\/media\/15440"}],"wp:attachment":[{"href":"https:\/\/archiviogioia.lavocedelpaese.info\/index.php?rest_route=%2Fwp%2Fv2%2Fmedia&parent=15447"}],"wp:term":[{"taxonomy":"category","embeddable":true,"href":"https:\/\/archiviogioia.lavocedelpaese.info\/index.php?rest_route=%2Fwp%2Fv2%2Fcategories&post=15447"},{"taxonomy":"post_tag","embeddable":true,"href":"https:\/\/archiviogioia.lavocedelpaese.info\/index.php?rest_route=%2Fwp%2Fv2%2Ftags&post=15447"}],"curies":[{"name":"wp","href":"https:\/\/api.w.org\/{rel}","templated":true}]}}