{"id":15618,"date":"2011-10-28T05:40:10","date_gmt":"2011-10-28T05:40:10","guid":{"rendered":"https:\/\/archiviogioia.lavocedelpaese.info\/?p=15618"},"modified":"2011-10-28T05:40:10","modified_gmt":"2011-10-28T05:40:10","slug":"come-ottenere-il-contributo-integrativo-di-locazione-2","status":"publish","type":"post","link":"https:\/\/archiviogioia.lavocedelpaese.info\/?p=15618","title":{"rendered":"COME OTTENERE IL CONTRIBUTO INTEGRATIVO DI LOCAZIONE"},"content":{"rendered":"<p><img loading=\"lazy\" decoding=\"async\" class=\" size-full wp-image-15614\" style=\"margin-right: 2px; margin-left: 2px;\" alt=\"comune di gioia del colle\" src=\"https:\/\/archiviogioia.lavocedelpaese.info\/wp-content\/uploads\/2011\/10\/comune_di_gioia_del_colle.jpeg\" height=\"150\" width=\"320\" srcset=\"https:\/\/archiviogioia.lavocedelpaese.info\/wp-content\/uploads\/2011\/10\/comune_di_gioia_del_colle.jpeg 320w, https:\/\/archiviogioia.lavocedelpaese.info\/wp-content\/uploads\/2011\/10\/comune_di_gioia_del_colle-300x141.jpeg 300w\" sizes=\"auto, (max-width: 320px) 100vw, 320px\" \/><\/p>\n<p><!--more--><\/p>\n<p>&nbsp;<\/p>\n<p style=\"text-align: justify;\"><b><img loading=\"lazy\" decoding=\"async\" class=\" alignleft size-full wp-image-15615\" style=\"margin: 4px; float: left;\" alt=\"contributo locazioni\" src=\"https:\/\/archiviogioia.lavocedelpaese.info\/wp-content\/uploads\/2011\/10\/contributo_locazioni.jpg\" height=\"200\" width=\"300\" srcset=\"https:\/\/archiviogioia.lavocedelpaese.info\/wp-content\/uploads\/2011\/10\/contributo_locazioni.jpg 500w, https:\/\/archiviogioia.lavocedelpaese.info\/wp-content\/uploads\/2011\/10\/contributo_locazioni-300x200.jpg 300w\" sizes=\"auto, (max-width: 300px) 100vw, 300px\" \/>E&#8217; indetto bando pubblico<\/b> di concorso <b>per l&#8217;attribuzione di contributi integrativi <\/b>per il sostegno all&#8217;accesso <b>alle abitazioni in locazione<\/b> ai sensi dell&#8217;art. 11 della legge 09\/12\/1998 n\u00b0 431. ANNO 2011 &#8211; COMPETENZE 2010.<\/p>\n<p style=\"text-align: justify;\">I<b> fondi<\/b> da cui attingere i contributi sono <b>stanziati dallo Stato<\/b>, dalla <b>Regione<\/b> Puglia e dal <b>Comune<\/b>.<\/p>\n<p style=\"text-align: justify;\">La distribuzione gratuita dei <b>modelli di domanda<\/b> \u00e8 <b>presso<\/b> i seguenti uffici del Comune:<\/p>\n<p style=\"text-align: justify;\"><img loading=\"lazy\" decoding=\"async\" class=\" alignright size-full wp-image-15616\" style=\"margin: 4px; float: right;\" alt=\"logo comune gioia del colle-stemma\" src=\"https:\/\/archiviogioia.lavocedelpaese.info\/wp-content\/uploads\/2011\/10\/logo_comune_gioia_del_colle-stemma.jpeg\" height=\"181\" width=\"150\" \/>\u00b7 <b>Ufficio Relazioni con il Pubblico<\/b> Piazza Margherita di Savoia,10 &#8211; piano terra<\/p>\n<p style=\"text-align: justify;\">\u00b7 Ufficio <b>Servizi Sociali<\/b> Via A. Gatta<\/p>\n<p style=\"text-align: justify;\">\u00b7 <b>Ufficio Tecnico<\/b> Piazza Margherita di Savoia \u2013 2\u00b0 piano (nei seguenti giorni ed orari: luned\u00ec, mercoled\u00ec, venerd\u00ec dalle ore 9,00 alle ore 12,30).<\/p>\n<p style=\"text-align: justify;\"><a href=\"http:\/\/www.comune.gioiadelcolle.ba.it\/cms\/files\/86635239-972e-430e-8f87-ee993c599cb7\">SCARICA BANDO DI CONCORSO <\/a><\/p>\n<p style=\"text-align: justify;\"><a href=\"http:\/\/www.comune.gioiadelcolle.ba.it\/cms\/files\/a7ddec75-4e96-4942-92ba-fd071f090cf6\">SCARICA MODELLO DI DOMANDA<\/a><\/p>\n","protected":false},"excerpt":{"rendered":"","protected":false},"author":1,"featured_media":15614,"comment_status":"open","ping_status":"closed","sticky":false,"template":"","format":"standard","meta":{"colormag_page_container_layout":"default_layout","colormag_page_sidebar_layout":"default_layout","footnotes":""},"categories":[4],"tags":[],"class_list":["post-15618","post","type-post","status-publish","format-standard","has-post-thumbnail","hentry","category-politica"],"_links":{"self":[{"href":"https:\/\/archiviogioia.lavocedelpaese.info\/index.php?rest_route=\/wp\/v2\/posts\/15618","targetHints":{"allow":["GET"]}}],"collection":[{"href":"https:\/\/archiviogioia.lavocedelpaese.info\/index.php?rest_route=\/wp\/v2\/posts"}],"about":[{"href":"https:\/\/archiviogioia.lavocedelpaese.info\/index.php?rest_route=\/wp\/v2\/types\/post"}],"author":[{"embeddable":true,"href":"https:\/\/archiviogioia.lavocedelpaese.info\/index.php?rest_route=\/wp\/v2\/users\/1"}],"replies":[{"embeddable":true,"href":"https:\/\/archiviogioia.lavocedelpaese.info\/index.php?rest_route=%2Fwp%2Fv2%2Fcomments&post=15618"}],"version-history":[{"count":0,"href":"https:\/\/archiviogioia.lavocedelpaese.info\/index.php?rest_route=\/wp\/v2\/posts\/15618\/revisions"}],"wp:featuredmedia":[{"embeddable":true,"href":"https:\/\/archiviogioia.lavocedelpaese.info\/index.php?rest_route=\/wp\/v2\/media\/15614"}],"wp:attachment":[{"href":"https:\/\/archiviogioia.lavocedelpaese.info\/index.php?rest_route=%2Fwp%2Fv2%2Fmedia&parent=15618"}],"wp:term":[{"taxonomy":"category","embeddable":true,"href":"https:\/\/archiviogioia.lavocedelpaese.info\/index.php?rest_route=%2Fwp%2Fv2%2Fcategories&post=15618"},{"taxonomy":"post_tag","embeddable":true,"href":"https:\/\/archiviogioia.lavocedelpaese.info\/index.php?rest_route=%2Fwp%2Fv2%2Ftags&post=15618"}],"curies":[{"name":"wp","href":"https:\/\/api.w.org\/{rel}","templated":true}]}}