{"id":16142,"date":"2011-11-14T05:30:32","date_gmt":"2011-11-14T05:30:32","guid":{"rendered":"https:\/\/archiviogioia.lavocedelpaese.info\/?p=16142"},"modified":"2011-11-14T05:30:32","modified_gmt":"2011-11-14T05:30:32","slug":"alla-librellula-storia-di-altamura-a-fumetti-2","status":"publish","type":"post","link":"https:\/\/archiviogioia.lavocedelpaese.info\/?p=16142","title":{"rendered":"ALLA LIBRELLULA \u201cSTORIA DI ALTAMURA A FUMETTI\u201d"},"content":{"rendered":"<p><img loading=\"lazy\" decoding=\"async\" class=\" size-full wp-image-16135\" style=\"margin-right: 2px; margin-left: 2px;\" alt=\"storia-di-altamura-pp\" src=\"https:\/\/archiviogioia.lavocedelpaese.info\/wp-content\/uploads\/2011\/11\/storia-di-altamura-pp.jpg\" height=\"150\" width=\"320\" srcset=\"https:\/\/archiviogioia.lavocedelpaese.info\/wp-content\/uploads\/2011\/11\/storia-di-altamura-pp.jpg 320w, https:\/\/archiviogioia.lavocedelpaese.info\/wp-content\/uploads\/2011\/11\/storia-di-altamura-pp-300x141.jpg 300w\" sizes=\"auto, (max-width: 320px) 100vw, 320px\" \/><\/p>\n<p><!--more--><\/p>\n<p style=\"text-align: justify;\"><b><img loading=\"lazy\" decoding=\"async\" class=\" alignleft size-full wp-image-16137\" style=\"margin: 4px; float: left;\" alt=\"373251 270229873019625 16413246 n\" src=\"https:\/\/archiviogioia.lavocedelpaese.info\/wp-content\/uploads\/2011\/11\/373251_270229873019625_16413246_n.jpg\" height=\"290\" width=\"200\" \/>Dopo il grande successo di pubblico riscosso ad Altamura e Provincia<\/b>, dopo la grande attenzione dei media regionali, <b>la &#8220;Storia di Altamura a Fumetti&#8221;<\/b> (LAB edizioni) <b>sbarca a Gioia<\/b>. Il primo volume dell&#8217;opera (sono in tutto cinque) <b>sar\u00e0 presentato<\/b> <b>gioved\u00ec 17 novembre 2011<\/b> presso la libreria &#8220;<b>La Librellula<\/b>&#8221; (via Ricciotto Canudo, 132).<\/p>\n<p style=\"text-align: justify;\">Saranno <b>presenti<\/b> <b>gli autori<\/b> del volume, <b>il fumettista e illustratore<\/b> salentino <b>Giovanni Matteo<\/b>, <b>l&#8217;editore e sceneggiatore Antonio Ferrante<\/b>, <b>il disegnatore e fumettista gioiese Valerio Pastore<\/b> che da poco ha intrapreso una collaborazione con LAB edizioni.<\/p>\n<p style=\"text-align: justify;\"><b>Interverr\u00e0<\/b>, inoltre, lo sceneggiatore della squadra di LAB, <b>Falk Nawroth<\/b>, che si occuper\u00e0 dei futuri progetti della casa editrice.<\/p>\n<p style=\"text-align: justify;\"><b>La LAB edizioni presenter\u00e0 il progetto &#8220;fumetto storico&#8221; <img loading=\"lazy\" decoding=\"async\" class=\" alignright size-full wp-image-16139\" style=\"margin: 4px; float: right;\" alt=\"204721 125687480839544 125687407506218 173418 535248 o\" src=\"https:\/\/archiviogioia.lavocedelpaese.info\/wp-content\/uploads\/2011\/11\/204721_125687480839544_125687407506218_173418_535248_o.jpg\" height=\"283\" width=\"200\" srcset=\"https:\/\/archiviogioia.lavocedelpaese.info\/wp-content\/uploads\/2011\/11\/204721_125687480839544_125687407506218_173418_535248_o.jpg 1193w, https:\/\/archiviogioia.lavocedelpaese.info\/wp-content\/uploads\/2011\/11\/204721_125687480839544_125687407506218_173418_535248_o-212x300.jpg 212w, https:\/\/archiviogioia.lavocedelpaese.info\/wp-content\/uploads\/2011\/11\/204721_125687480839544_125687407506218_173418_535248_o-725x1024.jpg 725w, https:\/\/archiviogioia.lavocedelpaese.info\/wp-content\/uploads\/2011\/11\/204721_125687480839544_125687407506218_173418_535248_o-768x1085.jpg 768w, https:\/\/archiviogioia.lavocedelpaese.info\/wp-content\/uploads\/2011\/11\/204721_125687480839544_125687407506218_173418_535248_o-1087x1536.jpg 1087w\" sizes=\"auto, (max-width: 200px) 100vw, 200px\" \/>che coinvolger\u00e0<\/b> nei prossimi mesi <b>diverse citt\u00e0 del Sud Italia<\/b>. L&#8217;altro filone che seguir\u00e0 la nuova casa editrice pugliese sar\u00e0 quello del &#8220;fumetto musicale&#8221; di cui parler\u00e0 Valerio Pastore.<\/p>\n<p style=\"text-align: justify;\">Durante la presentazione <b>Giovanni Matteo affasciner\u00e0 i presenti<\/b>, <b>con<\/b> la diretta di <b>alcuni disegni tratti dal volume<\/b>. Al termine buffet di cortesia.<\/p>\n<p style=\"text-align: justify;\"><b>Si prega di essere puntuali ed eventualmente prenotare il<\/b> posto a sedere, contattando lo 080.3431463.<\/p>\n<p style=\"text-align: justify;\"><b>Vi aspettiamo<\/b>!<\/p>\n<p style=\"text-align: justify;\"><b>Contatti<\/b>: 320.0558862.<\/p>\n<p>&nbsp;<\/p>\n","protected":false},"excerpt":{"rendered":"","protected":false},"author":1,"featured_media":16135,"comment_status":"open","ping_status":"closed","sticky":false,"template":"","format":"standard","meta":{"colormag_page_container_layout":"default_layout","colormag_page_sidebar_layout":"default_layout","footnotes":""},"categories":[7],"tags":[],"class_list":["post-16142","post","type-post","status-publish","format-standard","has-post-thumbnail","hentry","category-attualita"],"_links":{"self":[{"href":"https:\/\/archiviogioia.lavocedelpaese.info\/index.php?rest_route=\/wp\/v2\/posts\/16142","targetHints":{"allow":["GET"]}}],"collection":[{"href":"https:\/\/archiviogioia.lavocedelpaese.info\/index.php?rest_route=\/wp\/v2\/posts"}],"about":[{"href":"https:\/\/archiviogioia.lavocedelpaese.info\/index.php?rest_route=\/wp\/v2\/types\/post"}],"author":[{"embeddable":true,"href":"https:\/\/archiviogioia.lavocedelpaese.info\/index.php?rest_route=\/wp\/v2\/users\/1"}],"replies":[{"embeddable":true,"href":"https:\/\/archiviogioia.lavocedelpaese.info\/index.php?rest_route=%2Fwp%2Fv2%2Fcomments&post=16142"}],"version-history":[{"count":0,"href":"https:\/\/archiviogioia.lavocedelpaese.info\/index.php?rest_route=\/wp\/v2\/posts\/16142\/revisions"}],"wp:featuredmedia":[{"embeddable":true,"href":"https:\/\/archiviogioia.lavocedelpaese.info\/index.php?rest_route=\/wp\/v2\/media\/16135"}],"wp:attachment":[{"href":"https:\/\/archiviogioia.lavocedelpaese.info\/index.php?rest_route=%2Fwp%2Fv2%2Fmedia&parent=16142"}],"wp:term":[{"taxonomy":"category","embeddable":true,"href":"https:\/\/archiviogioia.lavocedelpaese.info\/index.php?rest_route=%2Fwp%2Fv2%2Fcategories&post=16142"},{"taxonomy":"post_tag","embeddable":true,"href":"https:\/\/archiviogioia.lavocedelpaese.info\/index.php?rest_route=%2Fwp%2Fv2%2Ftags&post=16142"}],"curies":[{"name":"wp","href":"https:\/\/api.w.org\/{rel}","templated":true}]}}