{"id":16169,"date":"2011-11-14T23:57:21","date_gmt":"2011-11-14T23:57:21","guid":{"rendered":"https:\/\/archiviogioia.lavocedelpaese.info\/?p=16169"},"modified":"2011-11-14T23:57:21","modified_gmt":"2011-11-14T23:57:21","slug":"claudio-pinto-ha-coinvolto-e-sconvolto-i-presenti-video","status":"publish","type":"post","link":"https:\/\/archiviogioia.lavocedelpaese.info\/?p=16169","title":{"rendered":"CLAUDIO PINTO, \u201cHA COINVOLTO E SCONVOLTO I PRESENTI\u201d-video"},"content":{"rendered":"<p><img loading=\"lazy\" decoding=\"async\" class=\" size-full wp-image-16153\" style=\"margin-right: 2px; margin-left: 2px;\" alt=\"claudio-pinto-declama-pp\" src=\"https:\/\/archiviogioia.lavocedelpaese.info\/wp-content\/uploads\/2011\/11\/claudio-pinto-declama-pp.jpg\" height=\"150\" width=\"320\" srcset=\"https:\/\/archiviogioia.lavocedelpaese.info\/wp-content\/uploads\/2011\/11\/claudio-pinto-declama-pp.jpg 640w, https:\/\/archiviogioia.lavocedelpaese.info\/wp-content\/uploads\/2011\/11\/claudio-pinto-declama-pp-300x141.jpg 300w\" sizes=\"auto, (max-width: 320px) 100vw, 320px\" \/><\/p>\n<p><!--more--><\/p>\n<p style=\"text-align: justify;\"><img loading=\"lazy\" decoding=\"async\" class=\" alignleft size-full wp-image-16156\" style=\"margin: 4px; float: left;\" alt=\"315971 2004638490493 1679571775 1539105 371662057 n\" src=\"https:\/\/archiviogioia.lavocedelpaese.info\/wp-content\/uploads\/2011\/11\/315971_2004638490493_1679571775_1539105_371662057_n.jpg\" height=\"320\" width=\"220\" srcset=\"https:\/\/archiviogioia.lavocedelpaese.info\/wp-content\/uploads\/2011\/11\/315971_2004638490493_1679571775_1539105_371662057_n.jpg 659w, https:\/\/archiviogioia.lavocedelpaese.info\/wp-content\/uploads\/2011\/11\/315971_2004638490493_1679571775_1539105_371662057_n-206x300.jpg 206w\" sizes=\"auto, (max-width: 220px) 100vw, 220px\" \/>Stagione poetico &#8211; artistica decisamente all\u2019insegna del confronto \u201coltre i confini\u201d, quella avviata a <b>Spazio UnoTre<\/b> da <b>Mario Pugliese, Fortunato Buttiglione, Giorgio Gasparre, Giacomo Leronni e Filippo Paradiso<\/b>.<\/p>\n<p style=\"text-align: justify;\">Tra gli ospiti, oltre a <strong>Claudio Pinto<\/strong> anche <b>Lino Angiuli, Vito Russo, Anna Barratta, Dora Luiso<\/b> ed <b>Alfonso Guida<\/b>, poeta lucano che ha presentato \u201c<b>Il dono dell\u2019occhio<\/b>\u201d con <b>Giuseppe Goffredo<\/b>, invadendo lo spazio con <strong>sillogi intense imprigionate in endecasillabi e settenari nella desolante oscurit\u00e0 di paesaggi mentali, che attraverso la liturgia della poesia svelano \u201ctra le macerie del linguaggio e dell\u2019anima\u201d il candore di una follia che cauterizza ogni illogica razionalit\u00e0 attraverso una metrica che musica e fa danzare gli spettri della mente.<\/strong> La giovane <b>Deborah Angelillo<\/b> nell\u2019acciottolio di versi rutilanti e rotolanti, nei vicoli di case abbandonate e <strong>nei meandri di un\u2019anima tormentata<\/strong>, configura in un primo momento un autunno bucolico dai caldi colori per poi visualizzare ed imprigionare tra sbarre e pietre, <strong>un\u2019angoscia senza vie di fuga dal \u201cmale oscuro\u201d<\/strong>.<\/p>\n<p style=\"text-align: justify;\"><b>Claudio Pinto<\/b> di Castellana Grotte, il 3 novembre &#8211; con spettacolare teatralit\u00e0 &#8211; ha presentato la sua produzione poetica.<img loading=\"lazy\" decoding=\"async\" class=\" alignright size-full wp-image-16157\" style=\"margin: 4px; float: right;\" alt=\"297333 2004638970505 1679571775 1539108 1254186896 n1\" src=\"https:\/\/archiviogioia.lavocedelpaese.info\/wp-content\/uploads\/2011\/11\/297333_2004638970505_1679571775_1539108_1254186896_n1.jpg\" height=\"331\" width=\"220\" srcset=\"https:\/\/archiviogioia.lavocedelpaese.info\/wp-content\/uploads\/2011\/11\/297333_2004638970505_1679571775_1539108_1254186896_n1.jpg 639w, https:\/\/archiviogioia.lavocedelpaese.info\/wp-content\/uploads\/2011\/11\/297333_2004638970505_1679571775_1539108_1254186896_n1-200x300.jpg 200w\" sizes=\"auto, (max-width: 220px) 100vw, 220px\" \/><\/p>\n<p style=\"text-align: justify;\">Da ottimo attore di prosa (si diploma nel 2007 presso la Scuola di Teatro di Bologna \u201c<b>Alessandra Galante Garrone<\/b>\u201d e annovera esperienze di pregio con miti quali <b>Micha Van Hoecke<\/b> e famosi registi) <b>drammatizza, accarezza, culla, deride, sbeffeggia, frantuma e ricompone con appassionata enfasi e all\u2019occasione disincanto, poesie di grande suggestione e potere immaginifico<\/b>.<\/p>\n<p style=\"text-align: justify;\">Da ottimo poeta scandaglia le profondit\u00e0 del suo animo e <b>\u201cpesca\u201d versi grondanti emozioni<\/b>, quindi li lima, li musica, li rende ruvidi o levigati a seconda del tema.<\/p>\n<p style=\"text-align: justify;\">Da ottimo poeta \u2013 attore <b>\u201cdardeggia\u201d con consumata abilit\u00e0 le parole<\/b> e lascia che penetrino nella mente e nel cuore, <b>rese ancor pi\u00f9 agili da ritmi ed assonanze, echi di interiore armonia e musicalit\u00e0<\/b>.<\/p>\n<p style=\"text-align: justify;\">La follia per Claudio \u201cstriscia debole, ma si insinua scrosciando, sfiorando ansiose discese\u201d mentre le <img loading=\"lazy\" decoding=\"async\" class=\" alignleft size-full wp-image-16158\" style=\"margin: 4px; float: left;\" alt=\"383902 2004636170435 1679571775 1539096 1265693067 n\" src=\"https:\/\/archiviogioia.lavocedelpaese.info\/wp-content\/uploads\/2011\/11\/383902_2004636170435_1679571775_1539096_1265693067_n.jpg\" height=\"200\" width=\"300\" srcset=\"https:\/\/archiviogioia.lavocedelpaese.info\/wp-content\/uploads\/2011\/11\/383902_2004636170435_1679571775_1539096_1265693067_n.jpg 960w, https:\/\/archiviogioia.lavocedelpaese.info\/wp-content\/uploads\/2011\/11\/383902_2004636170435_1679571775_1539096_1265693067_n-300x200.jpg 300w, https:\/\/archiviogioia.lavocedelpaese.info\/wp-content\/uploads\/2011\/11\/383902_2004636170435_1679571775_1539096_1265693067_n-768x511.jpg 768w\" sizes=\"auto, (max-width: 300px) 100vw, 300px\" \/>parole sono \u201curagani di vuoto, colmi di niente [\u2026]\u201d presagio di \u201cgorghi di tristezza.\u201d<\/p>\n<p style=\"text-align: justify;\">Nella notte, infine, \u201cc\u2019\u00e8 qualcosa dietro la porta\u201d della sua \u201cessenza vissuta altrove\u201d che scivola via, tra \u201ccapriole di parole\u201d necessarie per descrivere la sua verit\u00e0.<\/p>\n<p style=\"text-align: justify;\">Coinvolgente interprete e sconvolgente autore <b>coinvolge e \u201csconvolge\u201d i presenti, disorientati dal riecheggiar di fasti poetici metabolizzati in inedite sillogi, smarriti nelle profondit\u00e0 di un pensiero su cui si increspa il brivido di una <img loading=\"lazy\" decoding=\"async\" class=\" alignright size-full wp-image-16159\" style=\"margin: 4px; float: right;\" alt=\"310661 2004630970305 1679571775 1539077 1089897341 n\" src=\"https:\/\/archiviogioia.lavocedelpaese.info\/wp-content\/uploads\/2011\/11\/310661_2004630970305_1679571775_1539077_1089897341_n.jpg\" height=\"350\" width=\"220\" srcset=\"https:\/\/archiviogioia.lavocedelpaese.info\/wp-content\/uploads\/2011\/11\/310661_2004630970305_1679571775_1539077_1089897341_n.jpg 603w, https:\/\/archiviogioia.lavocedelpaese.info\/wp-content\/uploads\/2011\/11\/310661_2004630970305_1679571775_1539077_1089897341_n-188x300.jpg 188w\" sizes=\"auto, (max-width: 220px) 100vw, 220px\" \/>genialit\u00e0 poetica d\u2019istinto<\/b>, non costruita ma innata, <b>esaltata da una dizione perfetta<\/b> per dar voce a feconde emozioni.<\/p>\n<p style=\"text-align: justify;\">Conclude con questi versi la sua serata, dopo che <b>Fortunato Buttiglione<\/b> lo invita al dono di un\u2019ultima poesia: \u201cLa omisi. non so perch\u00e9, si fa musica, note malinconiche dissestano strade invisibili, luoghi [\u2026] sempre gli stessi, il non visibile, il non trovabile\u201d, quindi si scatena il dibattito.<\/p>\n<p style=\"text-align: justify;\">A chi chiede come sia l\u2019anima di un uomo che riesce ad evocare immagini e sensazioni cos\u00ec intense, Claudio risponde: \u201cSono malinconico, percepisco il momento della creativit\u00e0 in una malinconia tutta balcanica, come le mie origini\u2026\u201d.<\/p>\n<p style=\"text-align: justify;\">Per <b>Vito Difino<\/b> poesie che esprimono <b>emozioni dirette, vive, immediate, non criptate in strutture complesse da decodificare, per genesi stilistica ermetiche<\/b>.<\/p>\n<p style=\"text-align: justify;\">\u201cL\u2019ermetismo non implica l\u2019essere complicato \u2013 conferma Claudio Pinto &#8211; \u00e8 un modo diverso di esprimere l\u2019emozione, non esiste un modo complicato o semplice di scrivere. Nessuno riesce <img loading=\"lazy\" decoding=\"async\" class=\" alignleft size-full wp-image-16160\" style=\"margin: 4px; float: left;\" alt=\"297886 2004640450542 1679571775 1539113 865214060 n\" src=\"https:\/\/archiviogioia.lavocedelpaese.info\/wp-content\/uploads\/2011\/11\/297886_2004640450542_1679571775_1539113_865214060_n.jpg\" height=\"307\" width=\"220\" srcset=\"https:\/\/archiviogioia.lavocedelpaese.info\/wp-content\/uploads\/2011\/11\/297886_2004640450542_1679571775_1539113_865214060_n.jpg 688w, https:\/\/archiviogioia.lavocedelpaese.info\/wp-content\/uploads\/2011\/11\/297886_2004640450542_1679571775_1539113_865214060_n-215x300.jpg 215w\" sizes=\"auto, (max-width: 220px) 100vw, 220px\" \/>veramente ad esprimere quello che vuole, anche perch\u00e9 l\u2019ispirazione dura poco pi\u00f9 di un flash. Il gioco \u00e8 ridurre fino a poesie di una parola.\u201d<\/p>\n<p style=\"text-align: justify;\"><b>Giacomo Leronni<\/b> mutua da questa risposta tesi a sostegno del suo \u201cassioma\u201d poetico di sempre ed asserisce con convinzione che \u201c\u2026una poesia risulta facile o difficile a uso e consumo di chi sta dall\u2019altra parte. Stasera abbiamo ascoltato poesia, poi tutto sparisce, c\u2019\u00e8 stata e non c\u2019\u00e8 pi\u00f9, la stessa cosa avviene per la musica, per l\u2019arte, \u00e8 difficile captarne l\u2019emozione [\u2026]. Siamo abituati a leggere la poesia, l\u2019ascolto della voce d\u00e0 altre emozioni, ricompare l\u2019essenziale.\u201d<\/p>\n<p style=\"text-align: justify;\"><b>Mario Pugliese<\/b>, in una sorta di <b>trance ipnotica<\/b> generata dalla musicalit\u00e0 dei versi e delle note di <b>Paolo Pace<\/b>, flautista e pianista di eccezionale bravura, usa alchimie d\u2019arte creando, scompaginando e ricreando capolavori di inconsistenza.<\/p>\n<p style=\"text-align: justify;\"><b><img loading=\"lazy\" decoding=\"async\" class=\" alignright size-full wp-image-16161\" style=\"margin: 4px; float: right;\" alt=\"313286 2004633770375 1679571775 1539089 200730900 n\" src=\"https:\/\/archiviogioia.lavocedelpaese.info\/wp-content\/uploads\/2011\/11\/313286_2004633770375_1679571775_1539089_200730900_n.jpg\" height=\"315\" width=\"220\" srcset=\"https:\/\/archiviogioia.lavocedelpaese.info\/wp-content\/uploads\/2011\/11\/313286_2004633770375_1679571775_1539089_200730900_n.jpg 670w, https:\/\/archiviogioia.lavocedelpaese.info\/wp-content\/uploads\/2011\/11\/313286_2004633770375_1679571775_1539089_200730900_n-209x300.jpg 209w\" sizes=\"auto, (max-width: 220px) 100vw, 220px\" \/>Crea cocktail artistici diluendo tinte madri di acrilico con latte e detersivo per piatti<\/b>, ne saggia la consistenza, <b>dosa ingredienti e gradienti, misura viscosit\u00e0, plasticit\u00e0, flussi e deflussi<\/b>, <b>d\u00e0 vita ad un effimero, primigenio istante di creativit\u00e0<\/b> che <b>Fabio Guliersi<\/b> con il suo obiettivo cattura e sottrae all\u2019oblio per donarlo all\u2019eternit\u00e0.<\/p>\n<p style=\"text-align: justify;\"><b>L\u2019intervista<\/b><\/p>\n<p style=\"text-align: justify;\"><b>Claudio Pinto, 33 anni, tanta esperienza teatrale, una passione per la poesia che esplora lo scibile poetico in tutta la rosa dei venti&#8230; chi \u00e8 Claudio Pinto, cosa ha fatto e cosa far\u00e0 &#8220;da grande&#8221;?<\/b><\/p>\n<p style=\"text-align: justify;\">Claudio Pinto? Un Castellanese d.o.c. con origini bosniache (mia madre \u00e8 di Lukavac, un paesino della Bosnia Erzegovina) ci tengo a dirlo perch\u00e9 ne sono orgoglioso, tant&#8217;\u00e8 che per anni ho desiderato affibbiarmi il nome d&#8217;arte Attilio Kovacevic (nome di mio padre e cognome di mia madre). Chi sono\u2026 un essere <img loading=\"lazy\" decoding=\"async\" class=\" alignleft size-full wp-image-16162\" style=\"margin: 4px; float: left;\" alt=\"312787 2004636890453 1679571775 1539098 1160227507 n\" src=\"https:\/\/archiviogioia.lavocedelpaese.info\/wp-content\/uploads\/2011\/11\/312787_2004636890453_1679571775_1539098_1160227507_n.jpg\" height=\"179\" width=\"300\" srcset=\"https:\/\/archiviogioia.lavocedelpaese.info\/wp-content\/uploads\/2011\/11\/312787_2004636890453_1679571775_1539098_1160227507_n.jpg 960w, https:\/\/archiviogioia.lavocedelpaese.info\/wp-content\/uploads\/2011\/11\/312787_2004636890453_1679571775_1539098_1160227507_n-300x179.jpg 300w, https:\/\/archiviogioia.lavocedelpaese.info\/wp-content\/uploads\/2011\/11\/312787_2004636890453_1679571775_1539098_1160227507_n-768x458.jpg 768w\" sizes=\"auto, (max-width: 300px) 100vw, 300px\" \/>umano, troppo umano&#8230; un sognatore, un Don Chisciotte dall&#8217;aspetto \u201cSancho &#8211; Panzesco\u201d che lotta contro la propria accidia. Da grande?.. Vorrei continuare la mia vita d&#8217;artista con la stessa dignit\u00e0 con cui l&#8217;ho condotta fino ad oggi, senza cedere alle logiche del vivere moderno, coltivando sempre la mia parte divina, quella che mi fa uomo e non bestia. Quella che mi fa emozionare, piangere, ridere, amare&#8230; Sperando che un giorno l&#8217;essere artista perda quella connotazione, errata per i pi\u00f9, del fannullone&#8230;<b><img loading=\"lazy\" decoding=\"async\" class=\" alignright size-full wp-image-16163\" style=\"margin: 4px; float: right;\" alt=\"315073 2004634810401 1679571775 1539093 1120419577 n\" src=\"https:\/\/archiviogioia.lavocedelpaese.info\/wp-content\/uploads\/2011\/11\/315073_2004634810401_1679571775_1539093_1120419577_n.jpg\" height=\"343\" width=\"217\" srcset=\"https:\/\/archiviogioia.lavocedelpaese.info\/wp-content\/uploads\/2011\/11\/315073_2004634810401_1679571775_1539093_1120419577_n.jpg 605w, https:\/\/archiviogioia.lavocedelpaese.info\/wp-content\/uploads\/2011\/11\/315073_2004634810401_1679571775_1539093_1120419577_n-189x300.jpg 189w\" sizes=\"auto, (max-width: 217px) 100vw, 217px\" \/><\/b><\/p>\n<p style=\"text-align: justify;\"><b>Ci hai spiegato come, dove e perch\u00e8 nasce una poesia. Cosa la nutre? Cosa, invece, pu\u00f2 avvelenarla, pur senza farla morire?<\/b><\/p>\n<p style=\"text-align: justify;\">Io credo che la poesia sia un&#8217;entit\u00e0 preesistente all&#8217;essere umano. Si nutre delle nostre vite, delle nostre anime, delle nostre esperienze e della nostra sensibilit\u00e0 singola, in quanto singolo individuo e comune, in quanto appartenenti alla specie umana benedetta dalla scintilla divina ch&#8217;\u00e8 l&#8217;anima. Tutto ci\u00f2 che ci avvicina al divino colora la poesia di stupende sfumature, ma anche gli aspetti dolorosi e amari della vita la nutrono.<\/p>\n<p style=\"text-align: justify;\">L&#8217;unica cosa che &#8211; sempre secondo me &#8211; pu\u00f2 contaminarla, \u00e8 l&#8217;ignoranza. Io credo che i poeti siano dei canali attraverso i quali la poesia si manifesta. Se non si dovesse pi\u00f9 coltivare la sensibilit\u00e0, se l&#8217;ignoranza, l&#8217;arrivismo, la predilezione dell&#8217;apparire sull&#8217;essere, tutti quei \u201cdisvalori\u201d che avvelenano la cultura e l&#8217;essere umano la facessero da padrone, se trionfasse nel mondo il materialismo spinto, i poeti si estinguerebbero ed allora la poesia non avrebbe pi\u00f9 canali di sfogo e scorrerebbe sotterranea, come quei fiumi che originano il carsismo. Non si estinguerebbe, ma non si manifesterebbe pi\u00f9 e non ci donerebbe pi\u00f9 la sua belle<b><img loading=\"lazy\" decoding=\"async\" class=\" alignleft size-full wp-image-16164\" style=\"margin: 4px; float: left;\" alt=\"296400 2004637290463 1679571775 1539100 1226002094 n\" src=\"https:\/\/archiviogioia.lavocedelpaese.info\/wp-content\/uploads\/2011\/11\/296400_2004637290463_1679571775_1539100_1226002094_n.jpg\" height=\"350\" width=\"220\" srcset=\"https:\/\/archiviogioia.lavocedelpaese.info\/wp-content\/uploads\/2011\/11\/296400_2004637290463_1679571775_1539100_1226002094_n.jpg 603w, https:\/\/archiviogioia.lavocedelpaese.info\/wp-content\/uploads\/2011\/11\/296400_2004637290463_1679571775_1539100_1226002094_n-188x300.jpg 188w\" sizes=\"auto, (max-width: 220px) 100vw, 220px\" \/><\/b>zza.<\/p>\n<p style=\"text-align: justify;\"><b>Parliamo della tua compagnia&#8230;<\/b><\/p>\n<p style=\"text-align: justify;\">La mia compagnia, che poi \u00e8 un&#8217;associazione culturale, si chiama \u201c<b>Terramare\u201d<\/b> e nasce nei primi mesi del 2010 a Castellaneta assieme a compagni di viaggio, dei veri e propri fratelli acquisiti. <b>Maurizio Vacca<\/b>, attore e regista gioiese, <b>Elsa Niccoli<\/b>, coreografa sempre di Gioia del Colle e tanti ragazzi, professionisti e non, che amano quello che fanno, amano l&#8217;arte. Ecco perch\u00e9 non si pu\u00f2 parlare di mia compagnia\u2026 ma di nostra! Abbiamo all&#8217;attivo gi\u00e0 un&#8217;opera, uno spettacolo, liberamente ispirato all&#8217;Inferno dantesco \u201c<b>Maldanima<\/b>\u201d, che dovremmo riuscire a proporre prossimamente anche a Gioia del Colle, sempre che le contingenze lo permettano. Purtroppo per giovani come noi, il momento \u00e8 buio, la crisi si abbatte prima su quello che &#8211; erroneamente &#8211; viene ritenuto superfluo: la cultura. Ma continuiamo, perch\u00e9 crediamo veramente che la cultura, la bellezza, in senso filosofico, siano il vero motore della vita sociale e non.<b><img loading=\"lazy\" decoding=\"async\" class=\" alignright size-full wp-image-16165\" style=\"margin: 4px; float: right;\" alt=\"310576 2004631490318 1679571775 1539079 477648643 n\" src=\"https:\/\/archiviogioia.lavocedelpaese.info\/wp-content\/uploads\/2011\/11\/310576_2004631490318_1679571775_1539079_477648643_n.jpg\" height=\"291\" width=\"220\" srcset=\"https:\/\/archiviogioia.lavocedelpaese.info\/wp-content\/uploads\/2011\/11\/310576_2004631490318_1679571775_1539079_477648643_n.jpg 725w, https:\/\/archiviogioia.lavocedelpaese.info\/wp-content\/uploads\/2011\/11\/310576_2004631490318_1679571775_1539079_477648643_n-227x300.jpg 227w\" sizes=\"auto, (max-width: 220px) 100vw, 220px\" \/><\/b><\/p>\n<p style=\"text-align: justify;\"><b>Quando reciti quale parte di te nascondi e quale sveli?<\/b><\/p>\n<p style=\"text-align: justify;\">Io sono sostanzialmente un attore comico. Mi diverto a divertire e mi \u201cregalo\u201d nella versione autoironica. Nascondo la mia timidezza, la mia malinconia di fondo che amo definire balcanica. Tutto quello che, in sostanza, mostro nelle mie poesie.<\/p>\n<p style=\"text-align: justify;\">Queste alcune delle poesie di Claudio, raggruppate per \u201cmacromicro\u201d temi.<\/p>\n<p><b>I atmosfera Morte<\/b><\/p>\n<p><b><i>Antonia P.<\/i><\/b><\/p>\n<div><i>Stanotte eri l\u00ec<\/i><\/div>\n<div><i>non so bene<\/i><\/div>\n<div><i>madre di mio<\/i><\/div>\n<div><i>padre.<\/i><\/div>\n<div><i>Non conobbi<\/i><\/div>\n<div><i>i tuoi misteri<\/i><\/div>\n<div><i>non chiesi<\/i><\/div>\n<div><i>sapendo<\/i><\/div>\n<div><i>di non avere<\/i><\/div>\n<div><i>radici. Non chiesi mai.<\/i><\/div>\n<div><i>E tuo figlio<\/i><\/div>\n<div><i>visse e mor\u00ec<\/i><\/div>\n<div><i>e non chiesi.<\/i><\/div>\n<div><i>Non so<\/i><\/div>\n<div><i>chi sono<\/i><\/div>\n<div><i>senza le vostre<\/i><\/div>\n<div><i>parole.<\/i><\/div>\n<div><i>Madre di mio<\/i><\/div>\n<div><i>padre.<\/i><\/div>\n<div><i>La terra<\/i><\/div>\n<div><i>custodisce<\/i><\/div>\n<div><i>i miei segreti<\/i><\/div>\n<div><i>a me ignoti.<\/i><\/div>\n<p><b>II atmosfera Amore <\/b><\/p>\n<p><b><i>Le nostre parole.<\/i><\/b><\/p>\n<div><i>Restano solo<\/i><\/div>\n<div><i>parole.<\/i><\/div>\n<div><i>Voragini di vuoto<\/i><\/div>\n<div><i>colme di niente.<\/i><\/div>\n<div><i>Le tue parole,<\/i><\/div>\n<div><i>con le mie,<\/i><\/div>\n<div><i>viaggiano lontane.<\/i><\/div>\n<div><i>E mentre \u201cnoi\u201d<\/i><\/div>\n<div><i>diventa<\/i><\/div>\n<div><i>\u201cciascuno\u201d<\/i><\/div>\n<div><i>e \u201csolo\u201d ,\u201dio\u201d,<\/i><\/div>\n<div><i>sprofondano <\/i><\/div>\n<div><i>le parole.<\/i><\/div>\n<div><i>Gorghi di tristezza.<\/i><\/div>\n<p><b>III Atmosfera Poeta e societ\u00e0<\/b><\/p>\n<p><b><i>L&#8217;insensibile armata.<\/i><\/b><\/p>\n<div><i>Cerco rifugio!<\/i><\/div>\n<div><i>Il mondo ha aperto<\/i><\/div>\n<div><i>la caccia.<\/i><\/div>\n<div><i>Non voglio seguire.<\/i><\/div>\n<div><i>Normalizzazione.<\/i><\/div>\n<div><i>Uccidere la sensibilit\u00e0<\/i><\/div>\n<div><i>come un cancro.<\/i><\/div>\n<div><i>Globalizzazione,<\/i><\/div>\n<div><i>la chemioterapia.<\/i><\/div>\n<div><i>Preferisco sparire.<\/i><\/div>\n<div><i>Non rinunciare<\/i><\/div>\n<div><i>al dono-dispetto<\/i><\/div>\n<div><i>che mi dona le lacrime<\/i><\/div>\n<div><i>e la gioia.<\/i><\/div>\n<div><i>Raccogliamo sconfitte,<\/i><\/div>\n<div><i>ma siamo noi<\/i><\/div>\n<div><i>la vittoria.<\/i><\/div>\n<p><b>IV Atmosfera Momenti casuali d&#8217;ispirazione<\/b><\/p>\n<p><b><i>Cuori sbucciati.<\/i><\/b><\/p>\n<p><i>Un aereo incide<br \/> il suo solco nel cielo<br \/> irraggiungibile al tramonto<br \/> afferrato da oscure<br \/> mani di vapore<br \/> facendo sovvenire<br \/> quando bambino<br \/> conoscevo sbuffanti&nbsp;<br \/> draghi leggeri<br \/> attendevo la pioggia<br \/> arrivare dal nero<br \/> oltre le ciminiere<br \/> e come in sogno<br \/> la vedevo scrosciare.<br \/> Immaginavo il mantice<br \/> generare il vento&#8230;<br \/> Adesso non c&#8217;\u00e8 pi\u00f9 Dio<br \/> a disporre le sue perline<br \/> occhieggianti la notte<br \/> e la poesia della vita<br \/> ci \u00e8 preclusa da bassezze.<br \/> I tramonti non si fanno&nbsp;<br \/> pi\u00f9 amare come quando<br \/> gli occhi sbarrati&nbsp;<br \/> e la bocca aperta<br \/> ci stupivamo ogni sera<br \/> mani nelle mani, sui muretti<br \/> ammirandoli tutti diversi<br \/> tutti come il primo. <\/i><\/p>\n<p style=\"text-align: justify;\"><b>Curriculum artistico<\/b><\/p>\n<p style=\"text-align: justify;\"><img loading=\"lazy\" decoding=\"async\" class=\" alignleft size-full wp-image-16166\" style=\"margin: 4px; float: left;\" alt=\"375861 2004631850327 1679571775 1539081 1119552542 n\" src=\"https:\/\/archiviogioia.lavocedelpaese.info\/wp-content\/uploads\/2011\/11\/375861_2004631850327_1679571775_1539081_1119552542_n.jpg\" height=\"335\" width=\"220\" srcset=\"https:\/\/archiviogioia.lavocedelpaese.info\/wp-content\/uploads\/2011\/11\/375861_2004631850327_1679571775_1539081_1119552542_n.jpg 630w, https:\/\/archiviogioia.lavocedelpaese.info\/wp-content\/uploads\/2011\/11\/375861_2004631850327_1679571775_1539081_1119552542_n-197x300.jpg 197w\" sizes=\"auto, (max-width: 220px) 100vw, 220px\" \/>Agosto 2011 &#8211; Spettacolo teatrale \u201c<b>Le pareti di Antigone<\/b>\u201d regia di <b>Maria Elena Germinario<\/b>, nel ruolo di Bodo presso la compagnia <b>Marluna Teatro<\/b>.<\/p>\n<p style=\"text-align: justify;\">Maggio 2011 &#8211; Spettacolo di teatro-danza \u201c<b>Maldanima<\/b>\u201d regia di <b>Maurizio Vacca<\/b><\/p>\n<p style=\"text-align: justify;\">Settembre 2010 &#8211; Film \u201c<b>Orlando e Company<\/b>\u201d regia di <b>Alberto Rizzi<\/b> nel ruolo di Rodomonte<\/p>\n<p style=\"text-align: justify;\">Da Ottobre 2009 &#8211; Attore nella compagnia Italiana di Operette sotto la regia di <b>Serge Manguette<\/b><\/p>\n<p style=\"text-align: justify;\">Giugno 2008 \u2013 Giugno 2009 Spettacolo di teatro &#8211; danza \u201c<b>M-Minotaurus\u201d<\/b> regia di <b>Maurizio Vacca<\/b> coreografie di <b>G. Maddamma<\/b>.<\/p>\n<p style=\"text-align: justify;\">Settembre 2007\/Febbraio 2008 &#8211; Spettacolo teatrale \u201c<b>Orpheus<\/b>\u201d di <b>Micha Van Hoecke <\/b>nell\u2019ambito del progetto del Teatro Pubblico Pugliese \u201c<b>La Bottega delle Voci \u2013 Centro Produzione Teatrale<\/b>\u201d.<\/p>\n<p style=\"text-align: justify;\"><img loading=\"lazy\" decoding=\"async\" class=\" alignright size-full wp-image-16167\" style=\"margin: 4px; float: right;\" alt=\"316759 2004633410366 1679571775 1539087 1842984676 n\" src=\"https:\/\/archiviogioia.lavocedelpaese.info\/wp-content\/uploads\/2011\/11\/316759_2004633410366_1679571775_1539087_1842984676_n.jpg\" height=\"242\" width=\"300\" srcset=\"https:\/\/archiviogioia.lavocedelpaese.info\/wp-content\/uploads\/2011\/11\/316759_2004633410366_1679571775_1539087_1842984676_n.jpg 960w, https:\/\/archiviogioia.lavocedelpaese.info\/wp-content\/uploads\/2011\/11\/316759_2004633410366_1679571775_1539087_1842984676_n-300x242.jpg 300w, https:\/\/archiviogioia.lavocedelpaese.info\/wp-content\/uploads\/2011\/11\/316759_2004633410366_1679571775_1539087_1842984676_n-768x618.jpg 768w\" sizes=\"auto, (max-width: 300px) 100vw, 300px\" \/>Novembre 2007 &#8211; Cortometraggio \u201c<b>L\u2019ombra del buio<\/b>\u201d regia di <b>Ernesto Carbonara<\/b>.<\/p>\n<p style=\"text-align: justify;\">Dicembre 2006 &#8211; Spettacolo teatrale \u201c<b>Caff\u00e8 Goldoni<\/b>\u201d regia di <b>Giovanni Pampiglione<\/b>.<\/p>\n<p style=\"text-align: justify;\">Novembre 2006 &#8211; Spettacolo teatrale \u201c<b>Voci dal passato<\/b>\u201d interpretazione di poesie tratte dall\u2019Antologia di Spoon River di Edgar Lee Masters, regia di <b>Vittorio Franceschi<\/b>.<\/p>\n<p style=\"text-align: justify;\">Novembre 2006 &#8211; Spettacolo teatrale \u201c<b>Viaggio nella citt\u00e0 di Zeta<\/b>\u201d nel ruolo di Fuzzy, testo e regia di <b>Vittorio Franceschi<\/b>.<\/p>\n<p style=\"text-align: justify;\"><img loading=\"lazy\" decoding=\"async\" class=\" alignleft size-full wp-image-16168\" style=\"margin: 4px; float: left;\" alt=\"312850 2004637450467 1679571775 1539101 1140874493 n\" src=\"https:\/\/archiviogioia.lavocedelpaese.info\/wp-content\/uploads\/2011\/11\/312850_2004637450467_1679571775_1539101_1140874493_n.jpg\" height=\"315\" width=\"220\" srcset=\"https:\/\/archiviogioia.lavocedelpaese.info\/wp-content\/uploads\/2011\/11\/312850_2004637450467_1679571775_1539101_1140874493_n.jpg 670w, https:\/\/archiviogioia.lavocedelpaese.info\/wp-content\/uploads\/2011\/11\/312850_2004637450467_1679571775_1539101_1140874493_n-209x300.jpg 209w\" sizes=\"auto, (max-width: 220px) 100vw, 220px\" \/>Dicembre 2005\/Luglio 2006 &#8211; Film \u201c<b>Il Germe del Melograno<\/b>\u201d di <b>Silvana Strocchi<\/b> nel ruolo di Ercole Drei.<\/p>\n<p style=\"text-align: justify;\">Maggio 2005 &#8211; Spettacolo \u201c<b>Il malato immaginario<\/b>\u201d regia di <b>Susanna Marcomeni<\/b>.<\/p>\n<p style=\"text-align: justify;\">Novembre 2005 &#8211; Spettacolo teatrale \u201c<b>Tingel-Tangel<\/b>\u201d regia di <b>Clara Zovianoff<\/b>, liberamente ispirato al testo Tingel Tangel di Karl Valentin.<\/p>\n<p style=\"text-align: justify;\">Febbraio 2004 &#8211; Spettacolo di teatro-danza \u201c<b>360 gradi<\/b>\u201d di e con <b>Silvio Oddi<\/b> in qualit\u00e0 di voce narrante.<\/p>\n<p style=\"text-align: justify;\">Dicembre 1996\/Luglio 2004 &#8211; Partecipazione a svariati spettacoli teatrali con la Filodrammatica Castellanese \u201c<b>Ciccio Clori<\/b>\u201d.<\/p>\n<p style=\"text-align: justify;\">(Scatti fotografici a cura di <strong>Fabio Guliersi<\/strong> che si ringrazia per la disponibilit\u00e0)<\/p>\n<p>&nbsp;<\/p>\n<p><object width=\"640\" height=\"480\" data=\"http:\/\/www.youtube.com\/v\/Qn7vii8XpTk?version=3&amp;hl=it_IT\" type=\"application\/x-shockwave-flash\"><param name=\"movie\" value=\"http:\/\/www.youtube.com\/v\/Qn7vii8XpTk?version=3&amp;hl=it_IT\" \/><param name=\"allowFullScreen\" value=\"true\" \/><param name=\"allowscriptaccess\" value=\"always\" \/><\/object> <object width=\"640\" height=\"480\" data=\"http:\/\/www.youtube.com\/v\/x9yWFcC_RBo?version=3&amp;hl=it_IT\" type=\"application\/x-shockwave-flash\"><param name=\"movie\" value=\"http:\/\/www.youtube.com\/v\/x9yWFcC_RBo?version=3&amp;hl=it_IT\" \/><param name=\"allowFullScreen\" value=\"true\" \/><param name=\"allowscriptaccess\" value=\"always\" \/><\/object> <object width=\"640\" height=\"480\" data=\"http:\/\/www.youtube.com\/v\/RU7gyLI1XNo?version=3&amp;hl=it_IT\" type=\"application\/x-shockwave-flash\"><param name=\"movie\" value=\"http:\/\/www.youtube.com\/v\/RU7gyLI1XNo?version=3&amp;hl=it_IT\" \/><param name=\"allowFullScreen\" value=\"true\" \/><param name=\"allowscriptaccess\" value=\"always\" \/><\/object> <object width=\"640\" height=\"480\" data=\"http:\/\/www.youtube.com\/v\/HV0ygTMBpKM?version=3&amp;hl=it_IT\" type=\"application\/x-shockwave-flash\"><param name=\"movie\" value=\"http:\/\/www.youtube.com\/v\/HV0ygTMBpKM?version=3&amp;hl=it_IT\" \/><param name=\"allowFullScreen\" value=\"true\" \/><param name=\"allowscriptaccess\" value=\"always\" \/><\/object><\/p>\n","protected":false},"excerpt":{"rendered":"","protected":false},"author":1,"featured_media":16154,"comment_status":"open","ping_status":"closed","sticky":false,"template":"","format":"standard","meta":{"colormag_page_container_layout":"default_layout","colormag_page_sidebar_layout":"default_layout","footnotes":""},"categories":[7],"tags":[],"class_list":["post-16169","post","type-post","status-publish","format-standard","has-post-thumbnail","hentry","category-attualita"],"_links":{"self":[{"href":"https:\/\/archiviogioia.lavocedelpaese.info\/index.php?rest_route=\/wp\/v2\/posts\/16169","targetHints":{"allow":["GET"]}}],"collection":[{"href":"https:\/\/archiviogioia.lavocedelpaese.info\/index.php?rest_route=\/wp\/v2\/posts"}],"about":[{"href":"https:\/\/archiviogioia.lavocedelpaese.info\/index.php?rest_route=\/wp\/v2\/types\/post"}],"author":[{"embeddable":true,"href":"https:\/\/archiviogioia.lavocedelpaese.info\/index.php?rest_route=\/wp\/v2\/users\/1"}],"replies":[{"embeddable":true,"href":"https:\/\/archiviogioia.lavocedelpaese.info\/index.php?rest_route=%2Fwp%2Fv2%2Fcomments&post=16169"}],"version-history":[{"count":0,"href":"https:\/\/archiviogioia.lavocedelpaese.info\/index.php?rest_route=\/wp\/v2\/posts\/16169\/revisions"}],"wp:featuredmedia":[{"embeddable":true,"href":"https:\/\/archiviogioia.lavocedelpaese.info\/index.php?rest_route=\/wp\/v2\/media\/16154"}],"wp:attachment":[{"href":"https:\/\/archiviogioia.lavocedelpaese.info\/index.php?rest_route=%2Fwp%2Fv2%2Fmedia&parent=16169"}],"wp:term":[{"taxonomy":"category","embeddable":true,"href":"https:\/\/archiviogioia.lavocedelpaese.info\/index.php?rest_route=%2Fwp%2Fv2%2Fcategories&post=16169"},{"taxonomy":"post_tag","embeddable":true,"href":"https:\/\/archiviogioia.lavocedelpaese.info\/index.php?rest_route=%2Fwp%2Fv2%2Ftags&post=16169"}],"curies":[{"name":"wp","href":"https:\/\/api.w.org\/{rel}","templated":true}]}}