{"id":16452,"date":"2011-11-21T08:29:44","date_gmt":"2011-11-21T08:29:44","guid":{"rendered":"https:\/\/archiviogioia.lavocedelpaese.info\/?p=16452"},"modified":"2011-11-21T08:29:44","modified_gmt":"2011-11-21T08:29:44","slug":"la-rotonda-di-giu-alle-croci-non-ce-piu-foto-2","status":"publish","type":"post","link":"https:\/\/archiviogioia.lavocedelpaese.info\/?p=16452","title":{"rendered":"LA ROTONDA DI GI\u00da ALLE CROCI NON C\u2019\u00c9 PI\u00da-foto"},"content":{"rendered":"<p><img loading=\"lazy\" decoding=\"async\" class=\" size-full wp-image-16444\" style=\"margin-right: 2px; margin-left: 2px;\" alt=\"rotatoria-non-ce-piu-pp\" src=\"https:\/\/archiviogioia.lavocedelpaese.info\/wp-content\/uploads\/2011\/11\/rotatoria-non-ce-piu-pp.jpg\" height=\"150\" width=\"320\" srcset=\"https:\/\/archiviogioia.lavocedelpaese.info\/wp-content\/uploads\/2011\/11\/rotatoria-non-ce-piu-pp.jpg 640w, https:\/\/archiviogioia.lavocedelpaese.info\/wp-content\/uploads\/2011\/11\/rotatoria-non-ce-piu-pp-300x141.jpg 300w\" sizes=\"auto, (max-width: 320px) 100vw, 320px\" \/><\/p>\n<p><!--more--><\/p>\n<p style=\"text-align: justify;\"><b><img loading=\"lazy\" decoding=\"async\" class=\" alignleft size-full wp-image-16446\" style=\"margin: 4px; float: left;\" alt=\"rotatoria distrutta 017\" src=\"https:\/\/archiviogioia.lavocedelpaese.info\/wp-content\/uploads\/2011\/11\/rotatoria_distrutta_017.jpg\" height=\"224\" width=\"300\" srcset=\"https:\/\/archiviogioia.lavocedelpaese.info\/wp-content\/uploads\/2011\/11\/rotatoria_distrutta_017.jpg 1264w, https:\/\/archiviogioia.lavocedelpaese.info\/wp-content\/uploads\/2011\/11\/rotatoria_distrutta_017-300x224.jpg 300w, https:\/\/archiviogioia.lavocedelpaese.info\/wp-content\/uploads\/2011\/11\/rotatoria_distrutta_017-1024x765.jpg 1024w, https:\/\/archiviogioia.lavocedelpaese.info\/wp-content\/uploads\/2011\/11\/rotatoria_distrutta_017-768x574.jpg 768w\" sizes=\"auto, (max-width: 300px) 100vw, 300px\" \/>Alla fine hanno vinto loro, gli automobilisti<\/b>, e non poteva essere diversamente. <b>Quella<\/b> <b>sottospecie<\/b> <b>mal riuscita<\/b> <b>di una rotatoria<\/b>, da questa mattina <b>non esiste pi\u00f9<\/b>. Finalmente, <b>dopo<\/b> <b>quasi quattro mesi di prove, \u00e8 stata smantellata definitivamente<\/b>. Questa volta non dagli automobilisti indisciplinati, i cos\u00ec chiamati pirata della strada, ma <b>da alcuni operai chiamati per l\u2019occasione dall\u2019Ente comunale<\/b>, sicuramente dopo aver ricevuto le direttive di uno dei due collaboratori del Commissario Prefettizio.<\/p>\n<p style=\"text-align: justify;\"><b>Era ora<\/b>, si saranno detti anche tanti residenti che mai <b>hanno digerito la presenza in loco di un\u2019opera cos\u00ec precaria quanto mal <img loading=\"lazy\" decoding=\"async\" class=\" alignright size-full wp-image-16448\" style=\"margin: 4px; float: right;\" alt=\"HPIM9385\" src=\"https:\/\/archiviogioia.lavocedelpaese.info\/wp-content\/uploads\/2011\/11\/HPIM9385.jpg\" height=\"224\" width=\"300\" srcset=\"https:\/\/archiviogioia.lavocedelpaese.info\/wp-content\/uploads\/2011\/11\/HPIM9385.jpg 1264w, https:\/\/archiviogioia.lavocedelpaese.info\/wp-content\/uploads\/2011\/11\/HPIM9385-300x224.jpg 300w, https:\/\/archiviogioia.lavocedelpaese.info\/wp-content\/uploads\/2011\/11\/HPIM9385-1024x765.jpg 1024w, https:\/\/archiviogioia.lavocedelpaese.info\/wp-content\/uploads\/2011\/11\/HPIM9385-768x574.jpg 768w\" sizes=\"auto, (max-width: 300px) 100vw, 300px\" \/>riuscita<\/b>, troppo decentrata, con un raggio d\u2019azione troppo limitato e quindi pericolosa per l\u2019incolumit\u00e0 pubblica. <b>Ne avevamo parlato pi\u00f9 volte<\/b>, <b>evidenziando<\/b>, nell\u2019ultima, <b>l\u2019esistenza di un documento<\/b>, tenuto gelosamente nascosto nei cassetti dall\u2019ex assessore al ramo, <b>preparato e sottoscritto da una societ\u00e0 che opera nel campo <\/b>e a cui era stato dato il compito di redigere uno studio di fattibilit\u00e0. <b>Il risultato<\/b>, pi\u00f9 o meno scontato, <b>non ammetteva repliche, anche sotto l\u2019aspetto normativo<\/b> si \u00e8 dimostrato era <b>completamente fuori da ogni parametro<\/b> e quindi da ritenere non a norma.<\/p>\n<p style=\"text-align: justify;\"><b><img loading=\"lazy\" decoding=\"async\" class=\" alignleft size-full wp-image-16449\" style=\"margin: 4px; float: left;\" alt=\"HPIM9388\" src=\"https:\/\/archiviogioia.lavocedelpaese.info\/wp-content\/uploads\/2011\/11\/HPIM9388.jpg\" height=\"224\" width=\"300\" srcset=\"https:\/\/archiviogioia.lavocedelpaese.info\/wp-content\/uploads\/2011\/11\/HPIM9388.jpg 1264w, https:\/\/archiviogioia.lavocedelpaese.info\/wp-content\/uploads\/2011\/11\/HPIM9388-300x224.jpg 300w, https:\/\/archiviogioia.lavocedelpaese.info\/wp-content\/uploads\/2011\/11\/HPIM9388-1024x765.jpg 1024w, https:\/\/archiviogioia.lavocedelpaese.info\/wp-content\/uploads\/2011\/11\/HPIM9388-768x574.jpg 768w\" sizes=\"auto, (max-width: 300px) 100vw, 300px\" \/>Un\u2019opera ritenuta pericolosa anche per i pedoni e quindi bocciata sotto tutti gli aspetti <\/b>e su tutti i fronti. Fin dall\u2019inizio e per <b>numerose volte si \u00e8 dovuto intervenire per porre rimedio ai continui danni arrecati<\/b> dai mezzi in transito, <b>vuoi per la scarsa visibilit\u00e0 della segnaletica<\/b> in presenza di un intenso flusso veicolare, <b>vuoi per il suo raggio di rotazione troppo stretto<\/b> <b>o per la contemporanea confluenza di pi\u00f9 sbocchi viari<\/b>, raramente a causa di atti vandalici perpetrati dalla giovent\u00f9 locale.<\/p>\n<p style=\"text-align: justify;\"><b>Ora che il primo passo \u00e8 stato fatto bisogner\u00e0 pensare ad una soluzione pi\u00f9 adeguata e consona<\/b> allo spazio a disposizione <img loading=\"lazy\" decoding=\"async\" class=\" alignright size-full wp-image-16450\" style=\"margin: 4px; float: right;\" alt=\"rotatoria distrutta 002\" src=\"https:\/\/archiviogioia.lavocedelpaese.info\/wp-content\/uploads\/2011\/11\/rotatoria_distrutta_002.jpg\" height=\"224\" width=\"300\" srcset=\"https:\/\/archiviogioia.lavocedelpaese.info\/wp-content\/uploads\/2011\/11\/rotatoria_distrutta_002.jpg 1264w, https:\/\/archiviogioia.lavocedelpaese.info\/wp-content\/uploads\/2011\/11\/rotatoria_distrutta_002-300x224.jpg 300w, https:\/\/archiviogioia.lavocedelpaese.info\/wp-content\/uploads\/2011\/11\/rotatoria_distrutta_002-1024x765.jpg 1024w, https:\/\/archiviogioia.lavocedelpaese.info\/wp-content\/uploads\/2011\/11\/rotatoria_distrutta_002-768x574.jpg 768w\" sizes=\"auto, (max-width: 300px) 100vw, 300px\" \/>per mettere in sicurezza l\u2019intera zona, anche ricorrendo, e perch\u00e9 no, ad inversioni di sensi unici attualmente presenti, o alla utilizzazione di segnaletica orizzontale o a forme diverse di canalizzazione del flusso veicolare.<\/p>\n<p style=\"text-align: justify;\"><b>Una soluzione alternativa e migliorativa a quella preesistente in cui coinvolgere tutti i cittadini<\/b>, residenti e non, <b>organizzando incontri in loco<\/b> per dirimere eventuali dubbi seduta stante. Adottare quindi una soluzione il pi\u00f9 possibile <b>partecipata, democratica e condivisa<\/b>, che un domani non dia adito a recriminazioni di sorta.<\/p>\n<p style=\"text-align: right;\">(Foto a cura di Donato Stoppini)<\/p>\n<p><object type=\"application\/x-shockwave-flash\" width=\"660\" height=\"660\" flashvars=\"host=picasaweb.google.com&amp;hl=it&amp;feat=flashalbum&amp;RGB=0x000000&amp;feed=https:\/\/picasaweb.google.com\/data\/feed\/api\/user\/104626251937098962566\/albumid\/5677438761101097585?alt=rss&amp;kind=photo&amp;authkey=Gv1sRgCJaGh4Wtl_vrSQ&amp;hl=it\" pluginspage=\"http:\/\/www.macromedia.com\/go\/getflashplayer\" data=\"https:\/\/picasaweb.google.com\/s\/c\/bin\/slideshow.swf\"><param name=\"movie\" value=\"https:\/\/picasaweb.google.com\/s\/c\/bin\/slideshow.swf\" \/><\/object><\/p>\n","protected":false},"excerpt":{"rendered":"","protected":false},"author":1,"featured_media":16445,"comment_status":"open","ping_status":"closed","sticky":false,"template":"","format":"standard","meta":{"colormag_page_container_layout":"default_layout","colormag_page_sidebar_layout":"default_layout","footnotes":""},"categories":[7],"tags":[],"class_list":["post-16452","post","type-post","status-publish","format-standard","has-post-thumbnail","hentry","category-attualita"],"_links":{"self":[{"href":"https:\/\/archiviogioia.lavocedelpaese.info\/index.php?rest_route=\/wp\/v2\/posts\/16452","targetHints":{"allow":["GET"]}}],"collection":[{"href":"https:\/\/archiviogioia.lavocedelpaese.info\/index.php?rest_route=\/wp\/v2\/posts"}],"about":[{"href":"https:\/\/archiviogioia.lavocedelpaese.info\/index.php?rest_route=\/wp\/v2\/types\/post"}],"author":[{"embeddable":true,"href":"https:\/\/archiviogioia.lavocedelpaese.info\/index.php?rest_route=\/wp\/v2\/users\/1"}],"replies":[{"embeddable":true,"href":"https:\/\/archiviogioia.lavocedelpaese.info\/index.php?rest_route=%2Fwp%2Fv2%2Fcomments&post=16452"}],"version-history":[{"count":0,"href":"https:\/\/archiviogioia.lavocedelpaese.info\/index.php?rest_route=\/wp\/v2\/posts\/16452\/revisions"}],"wp:featuredmedia":[{"embeddable":true,"href":"https:\/\/archiviogioia.lavocedelpaese.info\/index.php?rest_route=\/wp\/v2\/media\/16445"}],"wp:attachment":[{"href":"https:\/\/archiviogioia.lavocedelpaese.info\/index.php?rest_route=%2Fwp%2Fv2%2Fmedia&parent=16452"}],"wp:term":[{"taxonomy":"category","embeddable":true,"href":"https:\/\/archiviogioia.lavocedelpaese.info\/index.php?rest_route=%2Fwp%2Fv2%2Fcategories&post=16452"},{"taxonomy":"post_tag","embeddable":true,"href":"https:\/\/archiviogioia.lavocedelpaese.info\/index.php?rest_route=%2Fwp%2Fv2%2Ftags&post=16452"}],"curies":[{"name":"wp","href":"https:\/\/api.w.org\/{rel}","templated":true}]}}