{"id":16986,"date":"2011-12-11T06:45:52","date_gmt":"2011-12-11T06:45:52","guid":{"rendered":"https:\/\/archiviogioia.lavocedelpaese.info\/?p=16986"},"modified":"2011-12-11T06:45:52","modified_gmt":"2011-12-11T06:45:52","slug":"rossini-concerto-di-solidarieta-indios-chiapas-2","status":"publish","type":"post","link":"https:\/\/archiviogioia.lavocedelpaese.info\/?p=16986","title":{"rendered":"ROSSINI: CONCERTO DI SOLIDARIET\u00c1 INDIOS CHIAPAS"},"content":{"rendered":"<p><img loading=\"lazy\" decoding=\"async\" class=\" size-full wp-image-16979\" style=\"margin-right: 2px; margin-left: 2px;\" alt=\"chiapas-messico-pp\" src=\"https:\/\/archiviogioia.lavocedelpaese.info\/wp-content\/uploads\/2011\/12\/chiapas-messico-pp.jpg\" height=\"150\" width=\"320\" srcset=\"https:\/\/archiviogioia.lavocedelpaese.info\/wp-content\/uploads\/2011\/12\/chiapas-messico-pp.jpg 320w, https:\/\/archiviogioia.lavocedelpaese.info\/wp-content\/uploads\/2011\/12\/chiapas-messico-pp-300x141.jpg 300w\" sizes=\"auto, (max-width: 320px) 100vw, 320px\" \/><\/p>\n<p><!--more--><\/p>\n<p style=\"text-align: justify;\"><img loading=\"lazy\" decoding=\"async\" class=\" alignleft size-full wp-image-16980\" style=\"margin: 4px; float: left;\" alt=\"chiapas-messico-le-rovine-maya-di-palenque\" src=\"https:\/\/archiviogioia.lavocedelpaese.info\/wp-content\/uploads\/2011\/12\/chiapas-messico-le-rovine-maya-di-palenque.jpg\" height=\"225\" width=\"300\" srcset=\"https:\/\/archiviogioia.lavocedelpaese.info\/wp-content\/uploads\/2011\/12\/chiapas-messico-le-rovine-maya-di-palenque.jpg 1200w, https:\/\/archiviogioia.lavocedelpaese.info\/wp-content\/uploads\/2011\/12\/chiapas-messico-le-rovine-maya-di-palenque-300x225.jpg 300w, https:\/\/archiviogioia.lavocedelpaese.info\/wp-content\/uploads\/2011\/12\/chiapas-messico-le-rovine-maya-di-palenque-1024x768.jpg 1024w, https:\/\/archiviogioia.lavocedelpaese.info\/wp-content\/uploads\/2011\/12\/chiapas-messico-le-rovine-maya-di-palenque-768x576.jpg 768w\" sizes=\"auto, (max-width: 300px) 100vw, 300px\" \/>\u201c<b>\u00c8 Natale, e a Natale si pu\u00f2 fare di pi\u00f9<\/b>\u201d canta una famosa canzone in questo periodo. <b>Ma<\/b> io mi chiedo: <b>davvero i cuori di ognuno hanno un repentino cambiamento<\/b> quando cambiamo il foglio del calendario al <b>mese di dicembre<\/b>? O <b>pu\u00f2 bastare<\/b> anche <b>una bella e sentita iniziativa a mutare<\/b> o, magari, ammorbidire <b>gli animi di ognuno<\/b>?<\/p>\n<p style=\"text-align: justify;\">Certo, l\u2019euforia e la frenesia tipica di dicembre sono insostituibili, ma l\u2019euforia pu\u00f2 nascere anche di fronte all\u2019opera di un uomo e una donna che, da anni, con tanta gioia nel cuore, cercano di <b>portare un po\u2019 di sollievo agli Indios del Chiapas, i <img loading=\"lazy\" decoding=\"async\" class=\" alignright size-full wp-image-16981\" style=\"margin: 4px; float: right;\" alt=\"chiapas popolazione\" src=\"https:\/\/archiviogioia.lavocedelpaese.info\/wp-content\/uploads\/2011\/12\/chiapas_popolazione.jpg\" height=\"225\" width=\"300\" srcset=\"https:\/\/archiviogioia.lavocedelpaese.info\/wp-content\/uploads\/2011\/12\/chiapas_popolazione.jpg 604w, https:\/\/archiviogioia.lavocedelpaese.info\/wp-content\/uploads\/2011\/12\/chiapas_popolazione-300x225.jpg 300w\" sizes=\"auto, (max-width: 300px) 100vw, 300px\" \/>discendenti della grandiosa civilt\u00e0 dei Maya<\/b>.<\/p>\n<p style=\"text-align: justify;\"><b>Francesco Dragone con sua moglie Maria sono entusiasti davvero per ci\u00f2 che fanno<\/b>. Lo si pu\u00f2 leggere dai loro volti e dai loro pensieri scritti su Facebook. Sanno le difficolt\u00e0 che devono superare per arrivare in Messico, ma sanno anche che li aspetta \u201c<b>un tuffo in un mondo colorato<\/b>, lento, passato, <b>pieno<\/b> d\u2019infanzia, di profumi penetranti, <b>di sofferenza silenziosa, di religiosit\u00e0, di contraddizioni<\/b>\u201d.<\/p>\n<p style=\"text-align: justify;\"><img loading=\"lazy\" decoding=\"async\" class=\" alignleft size-full wp-image-16982\" style=\"margin: 4px; float: left;\" alt=\"franco dragone e consorte\" src=\"https:\/\/archiviogioia.lavocedelpaese.info\/wp-content\/uploads\/2011\/12\/franco_dragone_e_consorte.jpg\" height=\"233\" width=\"300\" srcset=\"https:\/\/archiviogioia.lavocedelpaese.info\/wp-content\/uploads\/2011\/12\/franco_dragone_e_consorte.jpg 604w, https:\/\/archiviogioia.lavocedelpaese.info\/wp-content\/uploads\/2011\/12\/franco_dragone_e_consorte-300x233.jpg 300w\" sizes=\"auto, (max-width: 300px) 100vw, 300px\" \/>\u201c<b>Respireremo a pieni polmoni quella preziosa umanit\u00e0 e proveremo a raccoglierne un po&#8217;<\/b> nel palmo delle mani per portarne un poco a casa, per noi e per tutti quelli che aspettano e che sanno che la vera felicit\u00e0 passa sempre attraverso quella degli altri\u201d: <b>le parole di Francesco Dragone all\u2019indomani del viaggio che li attende<\/b>.<\/p>\n<p style=\"text-align: justify;\">La domanda \u00e8 lecita: <b>ma cosa fanno due italiani per questa gente?<\/b><\/p>\n<p style=\"text-align: justify;\"><b>Nel 2006 hanno fondato<\/b> un\u2019associazione: <b>l\u2019Associazione <img loading=\"lazy\" decoding=\"async\" class=\" alignright size-full wp-image-16983\" style=\"margin: 4px; float: right;\" alt=\"sos mondo nuovo\" src=\"https:\/\/archiviogioia.lavocedelpaese.info\/wp-content\/uploads\/2011\/12\/sos_mondo_nuovo.jpg\" height=\"163\" width=\"200\" \/>\u201cS.O.S. Mondo Nuovo\u201d<\/b>. Assumono come <b>primo impegno il \u201cprogetto S.O.S. Chiapas\u201d<\/b>, con l\u2019obiettivo di costruire una Clinica de la Salud sulle montagne di Los Altos nel Sud del Messico. \u201cS.O.S. Mondo Nuovo\u201d \u00e8 <b>una ONLUS che si propone di arrecare benefici a persone svantaggiate<\/b> per condizione fisiche, familiari ed economiche.<\/p>\n<p style=\"text-align: justify;\">Per il perseguimento dei suoi fini, <b>l\u2019Associazione realizza interventi per sensibilizzare<\/b> <b>alle<\/b> <b>problematiche<\/b> del sottosviluppo e <b>della solidariet\u00e0 umana <\/b>la societ\u00e0 civile. L\u2019incontro tra Francesco Dragone e la comunit\u00e0 del Liceo Classico <img loading=\"lazy\" decoding=\"async\" class=\" alignleft size-full wp-image-16984\" style=\"margin: 4px; float: left;\" alt=\"chiapa ospedale\" src=\"https:\/\/archiviogioia.lavocedelpaese.info\/wp-content\/uploads\/2011\/12\/chiapa_ospedale.jpg\" height=\"225\" width=\"300\" srcset=\"https:\/\/archiviogioia.lavocedelpaese.info\/wp-content\/uploads\/2011\/12\/chiapa_ospedale.jpg 604w, https:\/\/archiviogioia.lavocedelpaese.info\/wp-content\/uploads\/2011\/12\/chiapa_ospedale-300x225.jpg 300w\" sizes=\"auto, (max-width: 300px) 100vw, 300px\" \/>\u00e8 avvenuta nell\u2019assemblea degli studenti del mese di novembre e in quell\u2019occasione \u00e8 nata l\u2019idea di organizzare il <b>concerto di solidariet\u00e0 per la costruzione di un ospedale nel Chiapas<\/b>, che si terr\u00e0 <b>venerd\u00ec 16 dicembre 2011<\/b> alle ore 17.45 al <b>Teatro Rossini<\/b>.<\/p>\n<p style=\"text-align: justify;\"><b>Protagoniste le grandi canzoni dell\u2019album \u201cLa buona novella\u201d di De Andr\u00e9<\/b>. La musica al servizio dell\u2019Umanit\u00e0 e per raccogliere fondi fondamentali. Perch\u00e9, in fondo a Natale si \u00e8 tutti pi\u00f9 buoni.<\/p>\n<p style=\"text-align: right;\">(<b>Valeria Dimola<\/b>, comitato organizzatore Liceo classico \u201cP. Virgilio Marone\u201d)<\/p>\n","protected":false},"excerpt":{"rendered":"","protected":false},"author":1,"featured_media":16979,"comment_status":"open","ping_status":"closed","sticky":false,"template":"","format":"standard","meta":{"colormag_page_container_layout":"default_layout","colormag_page_sidebar_layout":"default_layout","footnotes":""},"categories":[7],"tags":[],"class_list":["post-16986","post","type-post","status-publish","format-standard","has-post-thumbnail","hentry","category-attualita"],"_links":{"self":[{"href":"https:\/\/archiviogioia.lavocedelpaese.info\/index.php?rest_route=\/wp\/v2\/posts\/16986","targetHints":{"allow":["GET"]}}],"collection":[{"href":"https:\/\/archiviogioia.lavocedelpaese.info\/index.php?rest_route=\/wp\/v2\/posts"}],"about":[{"href":"https:\/\/archiviogioia.lavocedelpaese.info\/index.php?rest_route=\/wp\/v2\/types\/post"}],"author":[{"embeddable":true,"href":"https:\/\/archiviogioia.lavocedelpaese.info\/index.php?rest_route=\/wp\/v2\/users\/1"}],"replies":[{"embeddable":true,"href":"https:\/\/archiviogioia.lavocedelpaese.info\/index.php?rest_route=%2Fwp%2Fv2%2Fcomments&post=16986"}],"version-history":[{"count":0,"href":"https:\/\/archiviogioia.lavocedelpaese.info\/index.php?rest_route=\/wp\/v2\/posts\/16986\/revisions"}],"wp:featuredmedia":[{"embeddable":true,"href":"https:\/\/archiviogioia.lavocedelpaese.info\/index.php?rest_route=\/wp\/v2\/media\/16979"}],"wp:attachment":[{"href":"https:\/\/archiviogioia.lavocedelpaese.info\/index.php?rest_route=%2Fwp%2Fv2%2Fmedia&parent=16986"}],"wp:term":[{"taxonomy":"category","embeddable":true,"href":"https:\/\/archiviogioia.lavocedelpaese.info\/index.php?rest_route=%2Fwp%2Fv2%2Fcategories&post=16986"},{"taxonomy":"post_tag","embeddable":true,"href":"https:\/\/archiviogioia.lavocedelpaese.info\/index.php?rest_route=%2Fwp%2Fv2%2Ftags&post=16986"}],"curies":[{"name":"wp","href":"https:\/\/api.w.org\/{rel}","templated":true}]}}