{"id":17015,"date":"2011-12-06T06:32:43","date_gmt":"2011-12-06T06:32:43","guid":{"rendered":"https:\/\/archiviogioia.lavocedelpaese.info\/?p=17015"},"modified":"2011-12-06T06:32:43","modified_gmt":"2011-12-06T06:32:43","slug":"reina-roffe-scrittrice-argentina-emoziona-tutti-2","status":"publish","type":"post","link":"https:\/\/archiviogioia.lavocedelpaese.info\/?p=17015","title":{"rendered":"REINA ROFF\u00c9, SCRITTRICE ARGENTINA, EMOZIONA TUTTI"},"content":{"rendered":"<p><img loading=\"lazy\" decoding=\"async\" class=\" size-full wp-image-17009\" style=\"margin-right: 2px; margin-left: 2px;\" alt=\"reina-roff-librellula-pp\" src=\"https:\/\/archiviogioia.lavocedelpaese.info\/wp-content\/uploads\/2011\/12\/reina-roff-librellula-pp.jpg\" height=\"150\" width=\"320\" srcset=\"https:\/\/archiviogioia.lavocedelpaese.info\/wp-content\/uploads\/2011\/12\/reina-roff-librellula-pp.jpg 640w, https:\/\/archiviogioia.lavocedelpaese.info\/wp-content\/uploads\/2011\/12\/reina-roff-librellula-pp-300x141.jpg 300w\" sizes=\"auto, (max-width: 320px) 100vw, 320px\" \/><\/p>\n<p><!--more--><\/p>\n<p style=\"text-align: justify;\"><b><img loading=\"lazy\" decoding=\"async\" class=\" alignleft size-full wp-image-17010\" style=\"margin: 4px; float: left;\" alt=\"Reina-Roff-1\" src=\"https:\/\/archiviogioia.lavocedelpaese.info\/wp-content\/uploads\/2011\/12\/Reina-Roff-1.jpg\" height=\"287\" width=\"180\" srcset=\"https:\/\/archiviogioia.lavocedelpaese.info\/wp-content\/uploads\/2011\/12\/Reina-Roff-1.jpg 296w, https:\/\/archiviogioia.lavocedelpaese.info\/wp-content\/uploads\/2011\/12\/Reina-Roff-1-188x300.jpg 188w\" sizes=\"auto, (max-width: 180px) 100vw, 180px\" \/>La scrittrice di origini argentine Reina Roff\u00e8 \u00e8 stata ospite presso la libreria \u201cLa Librellula\u201d<\/b>, nel pomeriggio di sabato, 3 dicembre, in occasione della quindicesima edizione de \u201c<b>I seminari d\u2019autunno<\/b>\u201d, a cura di <b>Irene Martino<\/b> e <b>Giuseppe Goffredo<\/b>. <b>Ha introdotto<\/b> l\u2019autrice, in qualit\u00e0 di responsabile del \u201cPresidio del Libro\u201d di Gioia del Colle, <b>Orietta Limitone<\/b>, che ha sottolineato la necessit\u00e0, soprattutto dopo gli eventi che hanno caratterizzato la primavera araba, di volgere uno sguardo attento a sud del mondo. <b>Uno sguardo che contempli culture altre<\/b> e abbracci realt\u00e0 accomunate da un passato in cui ha dolorosamente prevalso la dittatura, nei paesi arabi come in quelli sudamericani.<b><img loading=\"lazy\" decoding=\"async\" class=\" alignright size-full wp-image-17011\" style=\"margin: 4px; float: right;\" alt=\"Irene Martino\" src=\"https:\/\/archiviogioia.lavocedelpaese.info\/wp-content\/uploads\/2011\/12\/Irene_Martino.JPG\" height=\"412\" width=\"180\" srcset=\"https:\/\/archiviogioia.lavocedelpaese.info\/wp-content\/uploads\/2011\/12\/Irene_Martino.JPG 1010w, https:\/\/archiviogioia.lavocedelpaese.info\/wp-content\/uploads\/2011\/12\/Irene_Martino-131x300.jpg 131w, https:\/\/archiviogioia.lavocedelpaese.info\/wp-content\/uploads\/2011\/12\/Irene_Martino-448x1024.jpg 448w, https:\/\/archiviogioia.lavocedelpaese.info\/wp-content\/uploads\/2011\/12\/Irene_Martino-768x1756.jpg 768w, https:\/\/archiviogioia.lavocedelpaese.info\/wp-content\/uploads\/2011\/12\/Irene_Martino-672x1536.jpg 672w, https:\/\/archiviogioia.lavocedelpaese.info\/wp-content\/uploads\/2011\/12\/Irene_Martino-896x2048.jpg 896w\" sizes=\"auto, (max-width: 180px) 100vw, 180px\" \/><\/b><\/p>\n<p style=\"text-align: justify;\"><b>Uno sguardo che sia sinonimo di crescita<\/b><b> individuale e globale<\/b>, volto ad allargare i propri orizzonti e a vedere nel Mediterraneo non un muro divisorio fra un nord e un sud radicalmente diversi, ma un ponte fra due culture che si completano. Un ponte che sia un primo passo verso la tanto auspicata convivenza pacifica tra i popoli.<\/p>\n<p style=\"text-align: justify;\"><b>Si \u00e8 detta onorata, Irene Martino, di ospitare una tra le voci femminili pi\u00f9 affermate nel panorama letterario argentino<\/b>, finora trascurata dalla letteratura di consumo. Con un entusiasmo che <b>le \u00e8 valso la commozione della scrittrice<\/b>, la prof.ssa Martino ha condiviso con il pubblico le emozioni che la lettura delle storie della Roff\u00e8 suscita. Storie di donne, come nei racconti di \u201cUccelli rari ed esotici\u201d, straordinarie nella loro normalit\u00e0, perch\u00e9 eroico \u00e8 il loro approcciarsi al quotidiano.<\/p>\n<p style=\"text-align: justify;\"><b>La Roff\u00e8 tratteggia personaggi femminili il cui fascino risiede nella fragilit\u00e0 che le rende forti<\/b>, nella sensibilit\u00e0 con cui intuiscono il cambiamento interiore, in quella maturit\u00e0 acquisita che<b><img loading=\"lazy\" decoding=\"async\" class=\" alignleft size-full wp-image-17012\" style=\"margin: 4px; float: left;\" alt=\"Orietta Limitone\" src=\"https:\/\/archiviogioia.lavocedelpaese.info\/wp-content\/uploads\/2011\/12\/Orietta_Limitone.JPG\" height=\"295\" width=\"180\" srcset=\"https:\/\/archiviogioia.lavocedelpaese.info\/wp-content\/uploads\/2011\/12\/Orietta_Limitone.JPG 864w, https:\/\/archiviogioia.lavocedelpaese.info\/wp-content\/uploads\/2011\/12\/Orietta_Limitone-183x300.jpg 183w, https:\/\/archiviogioia.lavocedelpaese.info\/wp-content\/uploads\/2011\/12\/Orietta_Limitone-626x1024.jpg 626w, https:\/\/archiviogioia.lavocedelpaese.info\/wp-content\/uploads\/2011\/12\/Orietta_Limitone-768x1257.jpg 768w\" sizes=\"auto, (max-width: 180px) 100vw, 180px\" \/><\/b> rende eccezionale l\u2019esistenza ordinaria. <b>La scrittrice affida la sua voce a queste donne<\/b> profondamente turbate, eppure salvate dall\u2019immancabile folgorazione che le rafforza.<\/p>\n<p style=\"text-align: justify;\"><b>C\u2019\u00e8 senz\u2019altro dell\u2019autobiografico <\/b>nella disperazione e nella solitudine che connota le \u201ceroine del quotidiano\u201d di \u201cUccelli rari ed esotici\u201d. <b>C\u2019\u00e8 l\u2019esperienza della censura<\/b> che l\u2019ha profondamente segnata e che l\u2019autrice stessa ricorda. <b>A soli ventiquattro anni fu esiliata<\/b> per aver raccontato, in un romanzo in cui compariva anche un personaggio omosessuale, l\u2019educazione oppressiva e autoritaria imposta alle ragazze nei collegi femminili.<\/p>\n<p style=\"text-align: justify;\"><b>Erano gli anni settanta e la dittatura del generale Videla non ammetteva critiche, n\u00e9 diversit\u00e0<\/b>. La censura rappresent\u00f2, per la Roff\u00e8, l\u2019occasione per rielaborare la propria scrittura, volta sempre a denunciare gli orrori della dittatura. <b>Ecco quindi che il <img loading=\"lazy\" decoding=\"async\" class=\" alignright size-full wp-image-17013\" style=\"margin: 4px; float: right;\" alt=\"reina-roff-salotto\" src=\"https:\/\/archiviogioia.lavocedelpaese.info\/wp-content\/uploads\/2011\/12\/reina-roff-salotto.jpg\" height=\"197\" width=\"300\" srcset=\"https:\/\/archiviogioia.lavocedelpaese.info\/wp-content\/uploads\/2011\/12\/reina-roff-salotto.jpg 472w, https:\/\/archiviogioia.lavocedelpaese.info\/wp-content\/uploads\/2011\/12\/reina-roff-salotto-300x197.jpg 300w\" sizes=\"auto, (max-width: 300px) 100vw, 300px\" \/>tormento dell\u2019autrice prende la forma<\/b> di indifese figure femminili cui affidare la propria voce, la propria storia.<\/p>\n<p style=\"text-align: justify;\"><b>In \u201cL\u2019onda che si infrange\u201d<\/b>, sofisticato metaromanzo in cui torna la tematica della solitudine, <b>la protagonista \u00e8 tormentata dall\u2019impossibilit\u00e0 di essere compresa<\/b>, che la costringe a trincerarsi in un silenzio feroce e umiliante. Nel romanzo come nella vita dell\u2019autrice, <b>la scrittura interviene quindi a testimoniare la presenza dell\u2019uomo<\/b>, la sua esistenza nel mondo e, cos\u00ec facendo, lo salva.<\/p>\n<p style=\"text-align: right;\">(Scatti fotografici a cura di Marzia Mirizzi)<\/p>\n","protected":false},"excerpt":{"rendered":"","protected":false},"author":1,"featured_media":17009,"comment_status":"open","ping_status":"closed","sticky":false,"template":"","format":"standard","meta":{"colormag_page_container_layout":"default_layout","colormag_page_sidebar_layout":"default_layout","footnotes":""},"categories":[7],"tags":[],"class_list":["post-17015","post","type-post","status-publish","format-standard","has-post-thumbnail","hentry","category-attualita"],"_links":{"self":[{"href":"https:\/\/archiviogioia.lavocedelpaese.info\/index.php?rest_route=\/wp\/v2\/posts\/17015","targetHints":{"allow":["GET"]}}],"collection":[{"href":"https:\/\/archiviogioia.lavocedelpaese.info\/index.php?rest_route=\/wp\/v2\/posts"}],"about":[{"href":"https:\/\/archiviogioia.lavocedelpaese.info\/index.php?rest_route=\/wp\/v2\/types\/post"}],"author":[{"embeddable":true,"href":"https:\/\/archiviogioia.lavocedelpaese.info\/index.php?rest_route=\/wp\/v2\/users\/1"}],"replies":[{"embeddable":true,"href":"https:\/\/archiviogioia.lavocedelpaese.info\/index.php?rest_route=%2Fwp%2Fv2%2Fcomments&post=17015"}],"version-history":[{"count":0,"href":"https:\/\/archiviogioia.lavocedelpaese.info\/index.php?rest_route=\/wp\/v2\/posts\/17015\/revisions"}],"wp:featuredmedia":[{"embeddable":true,"href":"https:\/\/archiviogioia.lavocedelpaese.info\/index.php?rest_route=\/wp\/v2\/media\/17009"}],"wp:attachment":[{"href":"https:\/\/archiviogioia.lavocedelpaese.info\/index.php?rest_route=%2Fwp%2Fv2%2Fmedia&parent=17015"}],"wp:term":[{"taxonomy":"category","embeddable":true,"href":"https:\/\/archiviogioia.lavocedelpaese.info\/index.php?rest_route=%2Fwp%2Fv2%2Fcategories&post=17015"},{"taxonomy":"post_tag","embeddable":true,"href":"https:\/\/archiviogioia.lavocedelpaese.info\/index.php?rest_route=%2Fwp%2Fv2%2Ftags&post=17015"}],"curies":[{"name":"wp","href":"https:\/\/api.w.org\/{rel}","templated":true}]}}