{"id":17091,"date":"2011-12-07T06:30:43","date_gmt":"2011-12-07T06:30:43","guid":{"rendered":"https:\/\/archiviogioia.lavocedelpaese.info\/?p=17091"},"modified":"2011-12-07T06:30:43","modified_gmt":"2011-12-07T06:30:43","slug":"arrestata-per-furto-derrate-alimentari-in-supermercato","status":"publish","type":"post","link":"https:\/\/archiviogioia.lavocedelpaese.info\/?p=17091","title":{"rendered":"ARRESTATA PER FURTO DERRATE ALIMENTARI IN SUPERMERCATO"},"content":{"rendered":"<p><img loading=\"lazy\" decoding=\"async\" class=\" size-full wp-image-17087\" style=\"margin-right: 2px; margin-left: 2px;\" alt=\"furtisupermercati-pp\" src=\"https:\/\/archiviogioia.lavocedelpaese.info\/wp-content\/uploads\/2011\/12\/furtisupermercati-pp.jpg\" height=\"150\" width=\"320\" srcset=\"https:\/\/archiviogioia.lavocedelpaese.info\/wp-content\/uploads\/2011\/12\/furtisupermercati-pp.jpg 320w, https:\/\/archiviogioia.lavocedelpaese.info\/wp-content\/uploads\/2011\/12\/furtisupermercati-pp-300x141.jpg 300w\" sizes=\"auto, (max-width: 320px) 100vw, 320px\" \/><\/p>\n<p><!--more--><\/p>\n<p style=\"text-align: justify;\"><b><img loading=\"lazy\" decoding=\"async\" class=\" alignleft size-full wp-image-17089\" style=\"margin: 4px; float: left;\" alt=\"carabinieri volante\" src=\"https:\/\/archiviogioia.lavocedelpaese.info\/wp-content\/uploads\/2011\/12\/carabinieri_volante.jpg\" height=\"168\" width=\"300\" srcset=\"https:\/\/archiviogioia.lavocedelpaese.info\/wp-content\/uploads\/2011\/12\/carabinieri_volante.jpg 680w, https:\/\/archiviogioia.lavocedelpaese.info\/wp-content\/uploads\/2011\/12\/carabinieri_volante-300x168.jpg 300w\" sizes=\"auto, (max-width: 300px) 100vw, 300px\" \/>E\u2019 la seconda volta che viene arrestata in poco pi\u00f9 di un mese<\/b>. Ieri infatti <b>i Carabinieri del Nucleo Operativo e Radiomobile<\/b> della Compagnia di Gioia del Colle, <b>si sono precipitati presso un supermercato<\/b> del luogo, ove il titolare aveva segnalato la <b>presenza di una donna che con fare circospetto si aggirava tra gli scaffali<\/b>. La stessa, dopo aver <b>oltrepassato le casse<\/b>, <b>\u00e8 stata fermata dai militari<\/b> che hanno <b>rinvenuto nella sua borsa diverse confezioni di derrate alimentari<\/b>, ovviamente <b>non pagate<\/b>.<\/p>\n<p style=\"text-align: justify;\"><b><img loading=\"lazy\" decoding=\"async\" class=\" alignright size-full wp-image-17090\" style=\"margin: 4px; float: right;\" alt=\"furto supermercato\" src=\"https:\/\/archiviogioia.lavocedelpaese.info\/wp-content\/uploads\/2011\/12\/furto_supermercato.jpg\" height=\"200\" width=\"300\" srcset=\"https:\/\/archiviogioia.lavocedelpaese.info\/wp-content\/uploads\/2011\/12\/furto_supermercato.jpg 512w, https:\/\/archiviogioia.lavocedelpaese.info\/wp-content\/uploads\/2011\/12\/furto_supermercato-300x200.jpg 300w\" sizes=\"auto, (max-width: 300px) 100vw, 300px\" \/>La donna<\/b>, poi identificata nella <b>43enne P.T.<\/b>, <b>di origini rumene ma residente a Gioia del Colle<\/b>, non \u00e8 nuova a tali espedienti poich\u00e9 gi\u00e0 <b>il 20 ottobre scorso si era resa responsabile<\/b>, con analogo modus operandi, <b>di un furto consumato in un altro supermercato<\/b> di Gioia del Colle.<\/p>\n<p style=\"text-align: justify;\"><b>La refurtiva, del valore di oltre 50 euro, \u00e8 stata recuperata e restituita<\/b> all\u2019avente diritto. <b>La donna<\/b>, che, su disposizione della Procura della Repubblica di Bari,&nbsp;<b>\u00e8 stata tradotta presso l\u2019abitazione di residenza in regime di arresti domiciliari<\/b>, dovr\u00e0 rispondere di furto aggravato.<\/p>\n<p style=\"text-align: right;\">(Comando Provinciale Carabinieri Bari) <\/p>\n","protected":false},"excerpt":{"rendered":"","protected":false},"author":1,"featured_media":17087,"comment_status":"open","ping_status":"closed","sticky":false,"template":"","format":"standard","meta":{"colormag_page_container_layout":"default_layout","colormag_page_sidebar_layout":"default_layout","footnotes":""},"categories":[8],"tags":[],"class_list":["post-17091","post","type-post","status-publish","format-standard","has-post-thumbnail","hentry","category-cronaca"],"_links":{"self":[{"href":"https:\/\/archiviogioia.lavocedelpaese.info\/index.php?rest_route=\/wp\/v2\/posts\/17091","targetHints":{"allow":["GET"]}}],"collection":[{"href":"https:\/\/archiviogioia.lavocedelpaese.info\/index.php?rest_route=\/wp\/v2\/posts"}],"about":[{"href":"https:\/\/archiviogioia.lavocedelpaese.info\/index.php?rest_route=\/wp\/v2\/types\/post"}],"author":[{"embeddable":true,"href":"https:\/\/archiviogioia.lavocedelpaese.info\/index.php?rest_route=\/wp\/v2\/users\/1"}],"replies":[{"embeddable":true,"href":"https:\/\/archiviogioia.lavocedelpaese.info\/index.php?rest_route=%2Fwp%2Fv2%2Fcomments&post=17091"}],"version-history":[{"count":0,"href":"https:\/\/archiviogioia.lavocedelpaese.info\/index.php?rest_route=\/wp\/v2\/posts\/17091\/revisions"}],"wp:featuredmedia":[{"embeddable":true,"href":"https:\/\/archiviogioia.lavocedelpaese.info\/index.php?rest_route=\/wp\/v2\/media\/17087"}],"wp:attachment":[{"href":"https:\/\/archiviogioia.lavocedelpaese.info\/index.php?rest_route=%2Fwp%2Fv2%2Fmedia&parent=17091"}],"wp:term":[{"taxonomy":"category","embeddable":true,"href":"https:\/\/archiviogioia.lavocedelpaese.info\/index.php?rest_route=%2Fwp%2Fv2%2Fcategories&post=17091"},{"taxonomy":"post_tag","embeddable":true,"href":"https:\/\/archiviogioia.lavocedelpaese.info\/index.php?rest_route=%2Fwp%2Fv2%2Ftags&post=17091"}],"curies":[{"name":"wp","href":"https:\/\/api.w.org\/{rel}","templated":true}]}}