{"id":17188,"date":"2011-12-09T06:35:04","date_gmt":"2011-12-09T06:35:04","guid":{"rendered":"https:\/\/archiviogioia.lavocedelpaese.info\/?p=17188"},"modified":"2011-12-09T06:35:04","modified_gmt":"2011-12-09T06:35:04","slug":"finanziamenti-allitis-galilei-per-i-diritti-a-scuola-2","status":"publish","type":"post","link":"https:\/\/archiviogioia.lavocedelpaese.info\/?p=17188","title":{"rendered":"FINANZIAMENTI ALL\u2019ITIS GALILEI PER I \u201cDIRITTI A SCUOLA\u201d"},"content":{"rendered":"<p><img loading=\"lazy\" decoding=\"async\" class=\" size-full wp-image-17180\" style=\"margin-right: 2px; margin-left: 2px;\" alt=\"diritti-a-scuola-logo-pon-p\" src=\"https:\/\/archiviogioia.lavocedelpaese.info\/wp-content\/uploads\/2011\/12\/diritti-a-scuola-logo-pon-p.jpg\" height=\"150\" width=\"320\" srcset=\"https:\/\/archiviogioia.lavocedelpaese.info\/wp-content\/uploads\/2011\/12\/diritti-a-scuola-logo-pon-p.jpg 640w, https:\/\/archiviogioia.lavocedelpaese.info\/wp-content\/uploads\/2011\/12\/diritti-a-scuola-logo-pon-p-300x141.jpg 300w\" sizes=\"auto, (max-width: 320px) 100vw, 320px\" \/><\/p>\n<p><!--more--><\/p>\n<p style=\"text-align: justify;\"><b><img loading=\"lazy\" decoding=\"async\" class=\" alignleft size-full wp-image-17181\" style=\"margin: 4px; float: left;\" alt=\"itis galilei stabile\" src=\"https:\/\/archiviogioia.lavocedelpaese.info\/wp-content\/uploads\/2011\/12\/itis_galilei_stabile.jpg\" height=\"200\" width=\"300\" srcset=\"https:\/\/archiviogioia.lavocedelpaese.info\/wp-content\/uploads\/2011\/12\/itis_galilei_stabile.jpg 400w, https:\/\/archiviogioia.lavocedelpaese.info\/wp-content\/uploads\/2011\/12\/itis_galilei_stabile-300x200.jpg 300w\" sizes=\"auto, (max-width: 300px) 100vw, 300px\" \/>L\u2019Itis G. Galilei ottiene i finanziamenti per il programma operativo \u201cDiritti a scuola\u201d<\/b> &nbsp;a.s.2011\/2012.<\/p>\n<p style=\"text-align: justify;\"><b>I risultati delle indagini Ocse-Pisa<\/b> sul \u201clivello di competenze dei quindicenni italiani\u201d <b>e gli esiti dei tests dell\u2019Invalsi<\/b> (Istituto Nazionale per la Valutazione del Sistema educativo di Istruzione e formazione) <b>hanno evidenziato che in Puglia vi \u00e8 un numero elevato di studenti con insufficienti conoscenze di base<\/b> per cui la carenza di competenze potrebbe determinare per questi ragazzi percorsi di vita e di lavoro pi\u00f9 difficili e insoddisfacenti rispetto ai propri coetanei di altre regioni italia<b><img loading=\"lazy\" decoding=\"async\" class=\" alignright size-full wp-image-17182\" style=\"margin: 4px; float: right;\" alt=\"diritti a scuola\" src=\"https:\/\/archiviogioia.lavocedelpaese.info\/wp-content\/uploads\/2011\/12\/diritti_a_scuola.jpg\" height=\"193\" width=\"280\" \/><\/b>ne.<\/p>\n<p style=\"text-align: justify;\"><b>In questo contesto l&#8217;assessorato al Diritto allo Studio<\/b> e alla Formazione Professionale della Regione Puglia, con la collaborazione dell\u2019Ufficio Scolastico Regionale per la Puglia e dell\u2019Invalsi, <b>ha proposto per le scuole primarie e secondarie di primo grado un progetto denominato \u201cDiritti a scuola\u201d<\/b> nell\u2019ambito del Programma Operativo del Fondo Sociale Europeo (FSE Puglia 2007\/2013 \u2013 Obiettivo Convergenza) <b>che prevede lo sviluppo di attivit\u00e0 volte al miglioramento<\/b> delle competenze di base dei giovani, investendo per questo progetto oltre 22 milioni di euro.<\/p>\n<p style=\"text-align: justify;\"><b><img loading=\"lazy\" decoding=\"async\" class=\" alignleft size-full wp-image-17183\" style=\"margin: 4px; float: left;\" alt=\"diritti a scuola p806\" src=\"https:\/\/archiviogioia.lavocedelpaese.info\/wp-content\/uploads\/2011\/12\/diritti_a_scuola_p806.jpg\" height=\"196\" width=\"300\" srcset=\"https:\/\/archiviogioia.lavocedelpaese.info\/wp-content\/uploads\/2011\/12\/diritti_a_scuola_p806.jpg 735w, https:\/\/archiviogioia.lavocedelpaese.info\/wp-content\/uploads\/2011\/12\/diritti_a_scuola_p806-300x196.jpg 300w\" sizes=\"auto, (max-width: 300px) 100vw, 300px\" \/>\u201cDiritti a Scuola\u201d intende svolgere un\u2019azione straordinaria sui giovani<\/b>: metterli in grado di continuare con maggiore facilit\u00e0 e profitto il proprio percorso scolastico e avere maggiori chance di successo nella vita professionale e personale. Infatti, la denominazione \u201cDiritti a Scuola\u201d allude sia all\u2019obbiettivo di <b>contrastare l\u2019abbandono scolastico<\/b> sia alla circostanza che nelle scuole pugliesi debba esserci non solo il <b>diritto<\/b> formale a frequentarle, ma quello sostanziale <b>ad apprendere<\/b>.<\/p>\n<p style=\"text-align: justify;\"><img loading=\"lazy\" decoding=\"async\" class=\" alignright size-full wp-image-17184\" style=\"margin: 4px; float: right;\" alt=\"docenti-precari\" src=\"https:\/\/archiviogioia.lavocedelpaese.info\/wp-content\/uploads\/2011\/12\/docenti-precari.jpg\" height=\"229\" width=\"300\" srcset=\"https:\/\/archiviogioia.lavocedelpaese.info\/wp-content\/uploads\/2011\/12\/docenti-precari.jpg 450w, https:\/\/archiviogioia.lavocedelpaese.info\/wp-content\/uploads\/2011\/12\/docenti-precari-300x229.jpg 300w\" sizes=\"auto, (max-width: 300px) 100vw, 300px\" \/><\/p>\n<p style=\"text-align: justify;\">Il progetto assume inoltre un ruolo sociale importante cercando di <b>porre un freno almeno parziale al doloroso problema del precariato del lavoro nella scuola<\/b>. <b>Per la sua realizzazione<\/b> l\u2019Ufficio Scolastico Regionale per la Puglia tramite gli Uffici Provinciali &nbsp;<b>utilizzer\u00e0 personale docente e non docente <\/b>(assistenti amministrativi e collaboratori scolastici) <b>precario<\/b>, che prester\u00e0 servizio nelle diverse scuole pugliesi <b>ricevendo non solo una regolare remunerazione, ma maturando anche la relativa anzianit\u00e0 di servizio in ambito scolastico<\/b>.<\/p>\n<p style=\"text-align: justify;\"><b>L\u2019Itis G.Galilei ha colt<\/b><img loading=\"lazy\" decoding=\"async\" class=\" alignleft size-full wp-image-17185\" style=\"margin: 4px; float: left;\" alt=\"itis-pon-3\" src=\"https:\/\/archiviogioia.lavocedelpaese.info\/wp-content\/uploads\/2011\/12\/itis-pon-3.jpg\" height=\"226\" width=\"300\" srcset=\"https:\/\/archiviogioia.lavocedelpaese.info\/wp-content\/uploads\/2011\/12\/itis-pon-3.jpg 1206w, https:\/\/archiviogioia.lavocedelpaese.info\/wp-content\/uploads\/2011\/12\/itis-pon-3-300x226.jpg 300w, https:\/\/archiviogioia.lavocedelpaese.info\/wp-content\/uploads\/2011\/12\/itis-pon-3-1024x773.jpg 1024w, https:\/\/archiviogioia.lavocedelpaese.info\/wp-content\/uploads\/2011\/12\/itis-pon-3-768x580.jpg 768w\" sizes=\"auto, (max-width: 300px) 100vw, 300px\" \/><b>o questa interessante oppor<\/b><b>tunit\u00e0<\/b> <b>e allo scopo<\/b> di far crescere i livelli di istruzione dei suoi alunni ed aumentare cos\u00ec la loro possibilit\u00e0 di trovare una migliore opportunit\u00e0 di lavoro, <b>ha richiesto ed ottenuto<\/b> anche per il corrente a.s. <b>l\u2019attivazione del progetto \u201cDiritti a scuola\u201d finanziato dalla regione Puglia<\/b>. <b>Saranno realizzati due percorsi formativi<\/b>: <b>uno di Tipo A<\/b> per lo sviluppo delle competenze di Italiano tramite la Lettura e la Grammatica e <b>uno di Tipo B<\/b> per lo sviluppo delle competenze di Matematica e Scienze.<\/p>\n<p style=\"text-align: justify;\">Il D.S.: prof. <b>Luigi Albanese<\/b><\/p>\n<p style=\"text-align: justify;\">Il docente referente del progetto: prof.ssa <b>Barile Giovanna Maria<\/b><\/p>\n<p>&nbsp;<\/p>\n","protected":false},"excerpt":{"rendered":"","protected":false},"author":1,"featured_media":17180,"comment_status":"open","ping_status":"closed","sticky":false,"template":"","format":"standard","meta":{"colormag_page_container_layout":"default_layout","colormag_page_sidebar_layout":"default_layout","footnotes":""},"categories":[6],"tags":[],"class_list":["post-17188","post","type-post","status-publish","format-standard","has-post-thumbnail","hentry","category-cultura"],"_links":{"self":[{"href":"https:\/\/archiviogioia.lavocedelpaese.info\/index.php?rest_route=\/wp\/v2\/posts\/17188","targetHints":{"allow":["GET"]}}],"collection":[{"href":"https:\/\/archiviogioia.lavocedelpaese.info\/index.php?rest_route=\/wp\/v2\/posts"}],"about":[{"href":"https:\/\/archiviogioia.lavocedelpaese.info\/index.php?rest_route=\/wp\/v2\/types\/post"}],"author":[{"embeddable":true,"href":"https:\/\/archiviogioia.lavocedelpaese.info\/index.php?rest_route=\/wp\/v2\/users\/1"}],"replies":[{"embeddable":true,"href":"https:\/\/archiviogioia.lavocedelpaese.info\/index.php?rest_route=%2Fwp%2Fv2%2Fcomments&post=17188"}],"version-history":[{"count":0,"href":"https:\/\/archiviogioia.lavocedelpaese.info\/index.php?rest_route=\/wp\/v2\/posts\/17188\/revisions"}],"wp:featuredmedia":[{"embeddable":true,"href":"https:\/\/archiviogioia.lavocedelpaese.info\/index.php?rest_route=\/wp\/v2\/media\/17180"}],"wp:attachment":[{"href":"https:\/\/archiviogioia.lavocedelpaese.info\/index.php?rest_route=%2Fwp%2Fv2%2Fmedia&parent=17188"}],"wp:term":[{"taxonomy":"category","embeddable":true,"href":"https:\/\/archiviogioia.lavocedelpaese.info\/index.php?rest_route=%2Fwp%2Fv2%2Fcategories&post=17188"},{"taxonomy":"post_tag","embeddable":true,"href":"https:\/\/archiviogioia.lavocedelpaese.info\/index.php?rest_route=%2Fwp%2Fv2%2Ftags&post=17188"}],"curies":[{"name":"wp","href":"https:\/\/api.w.org\/{rel}","templated":true}]}}